{"id":85726,"date":"2025-11-13T01:12:18","date_gmt":"2025-11-13T01:12:18","guid":{"rendered":"https:\/\/www.europesays.com\/no\/85726\/"},"modified":"2025-11-13T01:12:18","modified_gmt":"2025-11-13T01:12:18","slug":"john-cena-sin-aller-siste-wwe-kamp-skjer-i-hjembyen-boston-massachusetts","status":"publish","type":"post","link":"https:\/\/www.europesays.com\/no\/85726\/","title":{"rendered":"John Cena sin aller siste WWE-kamp skjer i hjembyen Boston, Massachusetts"},"content":{"rendered":"<p>            <img loading=\"lazy\" decoding=\"async\" width=\"696\" height=\"421\" class=\"entry-thumb lazy\" src=\"https:\/\/www.europesays.com\/no\/wp-content\/uploads\/2025\/11\/John-Cena-696x421.jpg\"  data- alt=\"\" title=\"John Cena\"\/>John Cena<\/p>\n<p><strong>WWE ser ut til \u00e5 ha gjort en stor endring for John Cenas siste hjembyopptreden p\u00e5 Monday Night Raw. \u2013 N\u00e5 blir WWEs st\u00f8rste n\u00e5levende stjerne snart bare en av verdens st\u00f8rste filmstjernen. S\u00e5 med andre ord, teateret fortsetter\u2026<\/strong><\/p>\n<p>Cena n\u00e6rmer seg raskt slutten p\u00e5 sin utrolige WWE-karriere, med bare fire siste stopp p\u00e5 avskjedsturneen f\u00f8r han endelig henger bukseshortene p\u00e5 veggen for godt.<\/p>\n<p>Les: <a href=\"https:\/\/sporten.com\/ting-har-startet-a-ga-pa-tverke-som-det-ofte-gjor-i-ar-to\/\" data-type=\"link\" data-id=\"https:\/\/sporten.com\/ting-har-startet-a-ga-pa-tverke-som-det-ofte-gjor-i-ar-to\/\" rel=\"nofollow noopener\" target=\"_blank\">Ting har startet \u00e5 g\u00e5 p\u00e5 tverke som det ofte gj\u00f8r i \u00e5r to<\/a><\/p>\n<p>Den 17-dobbelte verdensmesteren skal wrestle sin siste kamp i Washington, D.C. i en spesiell episode av Saturday Night\u2019s Main Event 13. desember, men det er bekreftet at han vil opptre p\u00e5 Raw i The Garden i hjembyen Boston, Massachusetts.<\/p>\n<p>Det s\u00e5 ikke ut til at Cena skulle delta i en kamp i ringen, men timer f\u00f8r Raw sendes direkte over hele verden p\u00e5 Netflix, sirkulerte rykter om at \u2018Big Match John\u2019 skal ha en overraskelskamp.<\/p>\n<blockquote class=\"instagram-media\" data-instgrm-captioned=\"\" data-instgrm-permalink=\"https:\/\/www.instagram.com\/p\/DQ1nCqbDUbC\/?utm_source=ig_embed&amp;utm_campaign=loading\" data-instgrm-version=\"14\" style=\" background:#FFF; border:0; border-radius:3px; box-shadow:0 0 1px 0 rgba(0,0,0,0.5),0 1px 10px 0 rgba(0,0,0,0.15); margin: 1px; max-width:540px; min-width:326px; padding:0; width:99.375%; width:-webkit-calc(100% - 2px); width:calc(100% - 2px);\">\n<\/blockquote>\n<p>If\u00f8lge Bodyslam.net skal Cena utfordre Dominik Mysterio om mesterskapet i mellomvekt \u2013 den eneste tittelen i WWE han ikke har klart \u00e5 vinne. Det var tidligere antatt at Cena skulle fors\u00f8ke \u00e5 skrive historie ved Survivor Series i sin nest siste kamp, men planene ser ut til \u00e5 ha endret seg, og hans mulighet til en \u00abGrand Slam\u00bb er flyttet frem i tid.<\/p>\n<p>Rapportene kommer samtidig som Cena la ut en uttalelse p\u00e5 sine sosiale medier om en uunnv\u00e6rlig siste opptreden i hjembyen.<\/p>\n<p>P\u00e5 X skrev Cena: \u00abRAW. BOSTON. EN SISTE GANG. Hvis du kan v\u00e6re i @TDGarden i kveld\u2026 DRA. Hvis du ser p\u00e5 hjemme\u2026 ikke g\u00e5 glipp av et eneste \u00f8yeblikk p\u00e5 @netflix. DETTE ER DEFINITIVT NOE \u00c5 SE!\u00bb<\/p>\n<blockquote class=\"twitter-tweet\">\n<p lang=\"en\" dir=\"ltr\">RAW. BOSTON. ONE LAST TIME. <\/p>\n<p>If you can be <a href=\"https:\/\/twitter.com\/tdgarden?ref_src=twsrc%5Etfw\" rel=\"nofollow noopener\" target=\"_blank\">@TDGarden<\/a> tonight\u2026 GO. <br \/>If you\u2019re watching at home\u2026 do not miss one moment of it on <a href=\"https:\/\/twitter.com\/netflix?ref_src=twsrc%5Etfw\" rel=\"nofollow noopener\" target=\"_blank\">@netflix<\/a>. <\/p>\n<p>THIS IS DEFINITELY ONE TO SEE!<\/p>\n<p>\u2014 John Cena (@JohnCena) <a href=\"https:\/\/twitter.com\/JohnCena\/status\/1987938034466119791?ref_src=twsrc%5Etfw\" rel=\"nofollow noopener\" target=\"_blank\">November 10, 2025<\/a><\/p>\n<\/blockquote>\n<p><strong>Hvem blir Cenas siste motstander?<\/strong><\/p>\n<p>Forrige uke kom Cena med en bombekunngj\u00f8ring da han avsl\u00f8rte at hans aller siste motstander skal avgj\u00f8res gjennom et spesielt \u2018The Last Time is Now\u2019-turnering.<\/p>\n<p>Turneringen vil inneholde 16 deltakere fra Raw, Smackdown, NXT og eksterne selskaper, hvor mange allerede er bekreftet.<\/p>\n<p>Actionen starter mandag kveld med to turneringskamper, hvor Sheamus og Shinsuke Nakamura m\u00f8tes og Damian Priest og Rusev ogs\u00e5 skal kjempe mot hverandre.<\/p>\n<p>The Miz og Jey Uso skal ogs\u00e5 m\u00f8tes i en \u00e5pningsrunde p\u00e5 en dato som enn\u00e5 ikke er bekreftet, mens LA Knight er klar for \u00e5 m\u00f8te en overraskelsesmotstander.<\/p>\n<p>Read on Time People World: <a href=\"https:\/\/timepeopleworld.com\/an-abandoned-formula-1-track-that-cost-around-300-million-has-not-been-used-for-twelve-years\" data-type=\"link\" data-id=\"https:\/\/timepeopleworld.com\/an-abandoned-formula-1-track-that-cost-around-300-million-has-not-been-used-for-twelve-years\" rel=\"nofollow noopener\" target=\"_blank\">An abandoned Formula 1 track that cost around \u00a3300 million has not been used for twelve years<\/a><\/p>\n<p>        <script async src=\"https:\/\/platform.twitter.com\/widgets.js\" charset=\"utf-8\"><\/script><script async src=\"\/\/www.instagram.com\/embed.js\"><\/script><\/p>\n","protected":false},"excerpt":{"rendered":"John Cena WWE ser ut til \u00e5 ha gjort en stor endring for John Cenas siste hjembyopptreden p\u00e5&hellip;\n","protected":false},"author":2,"featured_media":85727,"comment_status":"","ping_status":"","sticky":false,"template":"","format":"standard","meta":{"footnotes":""},"categories":[57],"tags":[30,28,29,65,63,64,66,70,69,67,68],"class_list":{"0":"post-85726","1":"post","2":"type-post","3":"status-publish","4":"format-standard","5":"has-post-thumbnail","7":"category-vitenskap-og-teknologi","8":"tag-no","9":"tag-norge","10":"tag-norway","11":"tag-science","12":"tag-science-and-technology","13":"tag-scienceandtechnology","14":"tag-technology","15":"tag-teknologi","16":"tag-vitenskap","17":"tag-vitenskap-og-teknologi","18":"tag-vitenskapteknologi"},"share_on_mastodon":{"url":"https:\/\/pubeurope.com\/@no\/115539735059153545","error":""},"_links":{"self":[{"href":"https:\/\/www.europesays.com\/no\/wp-json\/wp\/v2\/posts\/85726","targetHints":{"allow":["GET"]}}],"collection":[{"href":"https:\/\/www.europesays.com\/no\/wp-json\/wp\/v2\/posts"}],"about":[{"href":"https:\/\/www.europesays.com\/no\/wp-json\/wp\/v2\/types\/post"}],"author":[{"embeddable":true,"href":"https:\/\/www.europesays.com\/no\/wp-json\/wp\/v2\/users\/2"}],"replies":[{"embeddable":true,"href":"https:\/\/www.europesays.com\/no\/wp-json\/wp\/v2\/comments?post=85726"}],"version-history":[{"count":0,"href":"https:\/\/www.europesays.com\/no\/wp-json\/wp\/v2\/posts\/85726\/revisions"}],"wp:featuredmedia":[{"embeddable":true,"href":"https:\/\/www.europesays.com\/no\/wp-json\/wp\/v2\/media\/85727"}],"wp:attachment":[{"href":"https:\/\/www.europesays.com\/no\/wp-json\/wp\/v2\/media?parent=85726"}],"wp:term":[{"taxonomy":"category","embeddable":true,"href":"https:\/\/www.europesays.com\/no\/wp-json\/wp\/v2\/categories?post=85726"},{"taxonomy":"post_tag","embeddable":true,"href":"https:\/\/www.europesays.com\/no\/wp-json\/wp\/v2\/tags?post=85726"}],"curies":[{"name":"wp","href":"https:\/\/api.w.org\/{rel}","templated":true}]}}