{"id":85762,"date":"2025-11-13T03:08:13","date_gmt":"2025-11-13T03:08:13","guid":{"rendered":"https:\/\/www.europesays.com\/no\/85762\/"},"modified":"2025-11-13T03:08:13","modified_gmt":"2025-11-13T03:08:13","slug":"vil-avlede","status":"publish","type":"post","link":"https:\/\/www.europesays.com\/no\/85762\/","title":{"rendered":"&#8211; Vil avlede"},"content":{"rendered":"<p class=\"kicker \" style=\"\">Nye Epstein-avsl\u00f8ringer:<\/p>\n<p>  Nye dokumenter i Epstein-saken setter president Donald Trump under hardt press. If\u00f8lge New York Times pr\u00f8ver regjeringen n\u00e5 \u00e5 stoppe republikanere som krever full \u00e5penhet.<\/p>\n<p>\n    HARD UT: USAs president Donald Trump mener Epstein-dokumentene deles som en avledning fra demokratene. Foto: SAUL LOEB \/ AFP)\n  <\/p>\n<p>    Kort fortalt<\/p>\n<ul lang=\"nb-NO\">\n<li>Republikanerne i Representantenes hus har offentliggjort 23 000 sider med nye dokumenter om Jeffrey Epstein-saken.<\/li>\n<li>Dokumentene ble publisert kort tid etter at e-poster antydet at Donald Trump visste mer om Epsteins aktiviteter enn tidligere innr\u00f8mmet.<\/li>\n<li>Trump kritiserte demokratene p\u00e5 Truth Social for \u00e5 bringe saken frem for \u00e5 avlede fra deres egne feil.<\/li>\n<li>Flere republikanere st\u00f8tter en begj\u00e6ring om full offentliggj\u00f8ring av dokumentene, til tross for press fra Trump-administrasjonen.<\/li>\n<li>Speaker Mike Johnson planlegger \u00e5 legge frem et lovforslag om utlevering av dokumentene for avstemning neste uke.<\/li>\n<\/ul>\n<p class=\"italic ai-disclaimer\" data-lab-italic=\"italic\">Sammendraget er laget av ChatGPT og godkjent av Dagbladet.<\/p>\n<p>      Vis mer<br \/>\n      Vis mindre<\/p>\n<p>Republikanerne i Representantenes hus la onsdag ut 23 000 sider med hittil ukjente dokumenter knyttet til Jeffrey Epstein-saken.<\/p>\n<p>Det skjedde kort tid etter at <a href=\"https:\/\/www.dagbladet.no\/nyheter\/e-poster-visste-selvfolgelig-om-jentene\/83842810\" rel=\"nofollow noopener\" target=\"_blank\">demokratene offentliggjorde e-poster<\/a> som antydet at president Donald Trump visste mer om Epsteins sexhandel enn han tidligere har innr\u00f8mmet.<\/p>\n<p class=\"font-weight-normal m-font-weight-normal\" data-lab-font_weight=\"font-weight-normal\">\u00abSelvf\u00f8lgelig visste han om jentene, siden han ba Ghislaine om \u00e5 slutte\u00bb, skrev Jeffrey Epstein om Trump i en e-post til forfatteren Michael Wolff i januar 2019, if\u00f8lge <a href=\"https:\/\/www.nytimes.com\/live\/2025\/11\/12\/us\/epstein-files-trump\" rel=\"nofollow noopener\" target=\"_blank\">New York Times<\/a>.<\/p>\n<p class=\"font-weight-normal m-font-weight-normal\" data-lab-font_weight=\"font-weight-normal\">Onsdag kveld g\u00e5r presidenten hardt ut p\u00e5 Truth Social og raser mot demokratene &#8211; og kommer samtidig med en melding til egne partimedlemmer.<\/p>\n<p>          <img loading=\"lazy\" decoding=\"async\" src=\"https:\/\/www.europesays.com\/no\/wp-content\/uploads\/2025\/11\/83844382.webp\" width=\"980\" height=\"559\" title=\"KREVER SVAR: En demonstrant holder et skilt og ber om at alle Epstein-dokumentene skal bli offentliggjort. Bildet er tatt utenfor den amerikanske kongressbygningen i Washington D.C. 12. november. Foto: SAUL LOEB \/ AFP\" alt=\"\" class=\"\" style=\"--aspect-ratio-image: 1.75; \"\/><\/p>\n<p>\n          KREVER SVAR: En demonstrant holder et skilt og ber om at alle Epstein-dokumentene skal bli offentliggjort. Bildet er tatt utenfor den amerikanske kongressbygningen i Washington D.C. 12. november. Foto: SAUL LOEB \/ AFP\n      <\/p>\n<p>Presset \u00f8ker\t<\/p>\n<p>&#8211; Demokratene pr\u00f8ver \u00e5 bringe Jeffrey Epstein-svindelen frem i lyset igjen fordi de vil gj\u00f8re hva som helst for \u00e5 avlede oppmerksomheten fra den d\u00e5rlige jobben de har gjort med nedstengningen, skriver Trump p\u00e5 Truth Social.<\/p>\n<p class=\"font-weight-bold m-font-weight-bold\" data-lab-font_weight=\"font-weight-bold\">&#8211; Bare en veldig d\u00e5rlig eller dum republikaner vil havne i den fella, skriver han videre.<\/p>\n<p>En begj\u00e6ring om full offentliggj\u00f8ring av de gjenv\u00e6rende dokumentene i Epstein-saken har f\u00e5tt st\u00f8tte fra flere republikanere i Kongressen, noe som virker \u00e5 ergre presidenten.<\/p>\n<p>        EPSTEIN: Nylig uttalte president Donald Trump at Jeffrey Epstein hadde \u00abstj\u00e5let\u00bb folk fra spaet hans inne p\u00e5 Mar-a-Lago-eiendommen hans i Florida. To dager senere kom ytterligere sjokkerende uttalelser fra den amerikanske presidentene. Reporter: Edward Stenlund. Video: AP \/ Reuters<\/p>\n<p>If\u00f8lge\u00a0New York Times skal b\u00e5de FBI-direkt\u00f8r Kash Patel og justisminister Pam Bondi ha fors\u00f8kt \u00e5 presse republikanske representanter til \u00e5 trekke signaturene sine fra kravet om offentliggj\u00f8ring.<\/p>\n<p>Trump selv skal ogs\u00e5 ha ringt til flere av de \u00aboppr\u00f8rske\u00bb republikanerne som har signert kravet, blant andre Lauren Boebert og Nancy Mace, if\u00f8lge avisa.<\/p>\n<p class=\"font-weight-bold m-font-weight-bold\" data-lab-font_weight=\"font-weight-bold\">&#8211; Presidenten har ikke lagt press p\u00e5 meg. Jeg ble ikke bedt av presidenten om \u00e5 fjerne navnet mitt, hver samtale jeg hadde var veldig h\u00f8flig, sa Boebert senere til <a href=\"https:\/\/edition.cnn.com\/politics\/live-news\/trump-epstein-emails-11-12-25\" rel=\"nofollow noopener\" target=\"_blank\">CNN<\/a>.\u00a0<\/p>\n<p>If\u00f8lge\u00a0amerikanske medier m\u00f8ttes toppfunksjon\u00e6rer i Trump-administrasjonen i situasjonsrommet i Det hvite hus onsdag, samme dag som e-postene ble offentliggjort.<\/p>\n<p>          <img loading=\"lazy\" decoding=\"async\" src=\"https:\/\/www.europesays.com\/no\/wp-content\/uploads\/2025\/11\/83844380.webp\" width=\"980\" height=\"559\" title=\"VENNER: Donald Trump og Jeffrey Epstein p\u00e5 Mar-a-Lago i 1997. Et av Trumps valgl\u00f8fter var \u00e5 offentliggj\u00f8re Epsteins s\u00e5kalte \u00abklientliste\u00bb. Seinere avfeide administrasjonen at den i det hele tatt fantes. Foto: Davidoff Studios Photography\" alt=\"\" class=\"\" style=\"--aspect-ratio-image: 1.75; \"\/><\/p>\n<p>\n          VENNER: Donald Trump og Jeffrey Epstein p\u00e5 Mar-a-Lago i 1997. Et av Trumps valgl\u00f8fter var \u00e5 offentliggj\u00f8re Epsteins s\u00e5kalte \u00abklientliste\u00bb. Seinere avfeide administrasjonen at den i det hele tatt fantes. Foto: Davidoff Studios Photography\n      <\/p>\n<p>Tvinger fram avstemning\t<\/p>\n<p>Etter 50 dagers venting ble representant Adelita Grijalva tatt i ed inn i Kongressen onsdag, og signerte raskt en begj\u00e6ringen om \u00e5 f\u00e5 utlevert resten av Epstein-dokumentene.\u00a0<\/p>\n<p>Grijalva, som medlem nummer 218, ble avgj\u00f8rende for \u00e5 f\u00e5 tvunget fram en avstemning om saken i Representantenes hus.<\/p>\n<p class=\"font-weight-bold m-font-weight-bold\" data-lab-font_weight=\"font-weight-bold\">&#8211; Rettferdighet kan ikke vente en dag til, sa hun i en tale onsdag.<\/p>\n<p>          <img loading=\"lazy\" decoding=\"async\" src=\"https:\/\/www.europesays.com\/no\/wp-content\/uploads\/2025\/11\/83844392.webp\" width=\"980\" height=\"559\" title=\"TATT I ED: Adelita Grijalva, demokrat fra Arizona, taler under en pressekonferanse i den amerikanske kongressbygningen onsdag 12. november 2025 i Washington. Foto: AP Photo\/Rod Lamkey, jr.\" alt=\"\" class=\"\" style=\"--aspect-ratio-image: 1.75; \"\/><\/p>\n<p>\n          TATT I ED: Adelita Grijalva, demokrat fra Arizona, taler under en pressekonferanse i den amerikanske kongressbygningen onsdag 12. november 2025 i Washington. Foto: AP Photo\/Rod Lamkey, jr.\n      <\/p>\n<p>Speaker Mike Johnson kunngjorde kort tid senere at han vil legge fram et lovforslag som krever utlevering av Epstein-dokumentene neste uke &#8211; tidligere enn forventet.<\/p>\n<p>&#8211; Vi skal legge det fram for full avstemning n\u00e5r vi kommer tilbake neste uke, sa han.<\/p>\n<p>    <a itemprop=\"url\" href=\"https:\/\/www.dagbladet.no\/kjendis\/e-poster-jeg-orker-ikke-mer\/83843929\" rel=\"nofollow noopener\" target=\"_blank\"><\/p>\n<p>      <img loading=\"lazy\" decoding=\"async\" src=\"https:\/\/www.europesays.com\/no\/wp-content\/uploads\/2025\/11\/83843961.webp\" width=\"147\" height=\"98\" title=\"E-poster: \u00abJeg orker ikke mer\u00bb\" alt=\"\" class=\"lazyload\" style=\"--aspect-ratio-image: 1.50; \"\/><\/p>\n<p>        E-poster: \u00abJeg orker ikke mer\u00bb<\/p>\n<p>    <\/a><\/p>\n<p>&#8211; Falsk fortelling\t<\/p>\n<p>I en tidligere uttalelse sa Trumps pressesekret\u00e6r Karoline Leavitt at e-postene ble lekket for \u00e5 \u00absverte\u00bb presidenten.<\/p>\n<p>&#8211; Demokratene lekket selektivt e-poster til liberale medier for \u00e5 lage en falsk fortelling for \u00e5 sverte president Trump, sa hun.<\/p>\n<p>        E-POSTER: Under en pressekonferanse fikk pressesekret\u00e6r Karoline Leavitt sp\u00f8rsm\u00e5l om lekkede e-poster som Jeffrey Epstein skrev om Trump i 2011. Video: Reuters \/ AFP \/ Davidoff Studios \/ Getty Images.<\/p>\n<p>Leavitt hevder videre at historiene ikke er noe mer enn ondsinnede fors\u00f8k p\u00e5 \u00e5 ta fokus vekk fra Trumps historiske prestasjoner som president, og at enhver amerikaner med sunn fornuft ser rett gjennom dette.<\/p>\n<p>          <img loading=\"lazy\" decoding=\"async\" src=\"https:\/\/www.europesays.com\/no\/wp-content\/uploads\/2025\/11\/83844376.webp\" width=\"980\" height=\"559\" title=\"SVARER: Pressesekret\u00e6r i Det hvite hus, Karoline Leavitt. Foto: Kevin Lamarque \/ Reuters \/ NTB\" alt=\"\" class=\"\" style=\"--aspect-ratio-image: 1.75; \"\/><\/p>\n<p>\n          SVARER: Pressesekret\u00e6r i Det hvite hus, Karoline Leavitt. Foto: Kevin Lamarque \/ Reuters \/ NTB\n      <\/p>\n<p>Trump har benektet enhver befatning med eller kunnskap om menneskehandelen og de seksuelle overgrepene til sin tidligere venn Jeffrey Epstein, som tok sitt eget liv i fengsel i 2019 i p\u00e5vente av rettssak.<\/p>\n","protected":false},"excerpt":{"rendered":"Nye Epstein-avsl\u00f8ringer: Nye dokumenter i Epstein-saken setter president Donald Trump under hardt press. If\u00f8lge New York Times pr\u00f8ver&hellip;\n","protected":false},"author":2,"featured_media":85763,"comment_status":"","ping_status":"","sticky":false,"template":"","format":"standard","meta":{"footnotes":""},"categories":[5],"tags":[20,21,55,24,25,15,19,1649,7625,22,23,17,18,13,30,28,29,14,16,11275,26,27,50,412],"class_list":{"0":"post-85762","1":"post","2":"type-post","3":"status-publish","4":"format-standard","5":"has-post-thumbnail","7":"category-overskrifter","8":"tag-breaking-news","9":"tag-breakingnews","10":"tag-donald-trump","11":"tag-featured-news","12":"tag-featurednews","13":"tag-headlines","14":"tag-hovedoppslag","15":"tag-jeffrey-epstein","16":"tag-kongressen","17":"tag-latest-news","18":"tag-latestnews","19":"tag-main-news","20":"tag-mainnews","21":"tag-news","22":"tag-no","23":"tag-norge","24":"tag-norway","25":"tag-nyheter","26":"tag-overskrifter","27":"tag-representantenes-hus","28":"tag-top-stories","29":"tag-topstories","30":"tag-usa","31":"tag-utenriks"},"share_on_mastodon":{"url":"https:\/\/pubeurope.com\/@no\/115540191314310765","error":""},"_links":{"self":[{"href":"https:\/\/www.europesays.com\/no\/wp-json\/wp\/v2\/posts\/85762","targetHints":{"allow":["GET"]}}],"collection":[{"href":"https:\/\/www.europesays.com\/no\/wp-json\/wp\/v2\/posts"}],"about":[{"href":"https:\/\/www.europesays.com\/no\/wp-json\/wp\/v2\/types\/post"}],"author":[{"embeddable":true,"href":"https:\/\/www.europesays.com\/no\/wp-json\/wp\/v2\/users\/2"}],"replies":[{"embeddable":true,"href":"https:\/\/www.europesays.com\/no\/wp-json\/wp\/v2\/comments?post=85762"}],"version-history":[{"count":0,"href":"https:\/\/www.europesays.com\/no\/wp-json\/wp\/v2\/posts\/85762\/revisions"}],"wp:featuredmedia":[{"embeddable":true,"href":"https:\/\/www.europesays.com\/no\/wp-json\/wp\/v2\/media\/85763"}],"wp:attachment":[{"href":"https:\/\/www.europesays.com\/no\/wp-json\/wp\/v2\/media?parent=85762"}],"wp:term":[{"taxonomy":"category","embeddable":true,"href":"https:\/\/www.europesays.com\/no\/wp-json\/wp\/v2\/categories?post=85762"},{"taxonomy":"post_tag","embeddable":true,"href":"https:\/\/www.europesays.com\/no\/wp-json\/wp\/v2\/tags?post=85762"}],"curies":[{"name":"wp","href":"https:\/\/api.w.org\/{rel}","templated":true}]}}