{"id":85794,"date":"2025-11-13T05:03:09","date_gmt":"2025-11-13T05:03:09","guid":{"rendered":"https:\/\/www.europesays.com\/no\/85794\/"},"modified":"2025-11-13T05:03:09","modified_gmt":"2025-11-13T05:03:09","slug":"se-traileren-for-the-super-mario-galaxy-movie","status":"publish","type":"post","link":"https:\/\/www.europesays.com\/no\/85794\/","title":{"rendered":"Se traileren for The Super Mario Galaxy Movie"},"content":{"rendered":"<p>Vi visste at en trailer var p\u00e5 vei takket v\u00e6re <a href=\"https:\/\/www.gamereactor.no\/rykte-the-super-mario-galaxy-movie-trailer-vises-for-wicked-for-good-1905933\/\" title=\"Rykte: The Super Mario Galaxy Movie-trailer vises f\u00f8r Wicked: For Good\" rel=\"nofollow noopener\" target=\"_blank\">tidligere lekkasjer og rykter<\/a>, men Nintendo beroliget nervene v\u00e5re og ga oss en fast dato \u00e5 se frem mot da de <a href=\"https:\/\/www.gamereactor.no\/nintendo-vil-kringkaste-en-spesiell-direct-med-fokus-pa-the-super-mario-galaxy-movie-denne-onsdagen-1910973\/\" title=\"The Super Mario Galaxy Movie f\u00e5r egen Direct-sending p\u00e5 onsdag\" rel=\"nofollow noopener\" target=\"_blank\">avsl\u00f8rte en egen Direct<\/a> om The Super Mario Galaxy Movie.<\/p>\n<p>Dette showet er n\u00e5 nettopp avsluttet, og i sendingen introduserte Shigeru Miyamoto traileren f\u00f8r han tok med Illumination -sjef Chris Meledandri om bord for \u00e5 legge til noen detaljer som inkluderte at filmen er &laquo;uker unna&raquo; fra \u00e5 v\u00e6re ferdig.<\/p>\n<p>Deretter ble s\u00f8kelyset rettet mot selve traileren som tar oss med p\u00e5 en kosmisk reise der Chris Pratt er tilbake som Mario, Charlie Day som Luigi, Jack Black som Bowser, Anya Taylor-Joy som Princess Peach og Keegan-Michael Key som Toad.<\/p>\n<p>Traileren begynner med at vi ser en liten Bowser fanget etter hendelsene i den f\u00f8rste filmen i et Bowser&#8217;s Castle i miniatyr, f\u00f8r en stjerne krasjlander i Mushroom Kingdom og sender gjengen p\u00e5 en reise gjennom kosmos. Snart f\u00e5r vi ogs\u00e5 m\u00f8te Bowser Jr., med stemme av Benny Safdie, og s\u00e5 til og med den alltid like fantastiske Rosalina, spilt av &laquo;Nintendo superfan&raquo; Brie Larson.<\/p>\n<p>Det st\u00f8rste sp\u00f8rsm\u00e5lstegnet er fremdeles Yoshi, ettersom den ber\u00f8mte dinosauren aldri var et hovedfokus, selv om Black h\u00f8ylytt utbr\u00f8t at Super Mario Galaxy er det beste av Mario-spillene, og det er \u00e6rlig talt vanskelig \u00e5 bestride det, n\u00e5r man vet at filmen er basert p\u00e5 nettopp det spillet.<\/p>\n<p>Se den fantastiske traileren nedenfor f\u00f8r The Super Mario Galaxy Movie kommer p\u00e5 kino 3. april 2026. Og f\u00f8lg med p\u00e5 Nintendo Today! i dag, for Miyamoto lover ogs\u00e5 noen flere oppdateringer som deles gjennom appen.<\/p>\n","protected":false},"excerpt":{"rendered":"Vi visste at en trailer var p\u00e5 vei takket v\u00e6re tidligere lekkasjer og rykter, men Nintendo beroliget nervene&hellip;\n","protected":false},"author":2,"featured_media":85795,"comment_status":"","ping_status":"","sticky":false,"template":"","format":"standard","meta":{"footnotes":""},"categories":[57],"tags":[30,28,29,65,63,64,66,70,69,67,68],"class_list":{"0":"post-85794","1":"post","2":"type-post","3":"status-publish","4":"format-standard","5":"has-post-thumbnail","7":"category-vitenskap-og-teknologi","8":"tag-no","9":"tag-norge","10":"tag-norway","11":"tag-science","12":"tag-science-and-technology","13":"tag-scienceandtechnology","14":"tag-technology","15":"tag-teknologi","16":"tag-vitenskap","17":"tag-vitenskap-og-teknologi","18":"tag-vitenskapteknologi"},"share_on_mastodon":{"url":"https:\/\/pubeurope.com\/@no\/115540643214041491","error":""},"_links":{"self":[{"href":"https:\/\/www.europesays.com\/no\/wp-json\/wp\/v2\/posts\/85794","targetHints":{"allow":["GET"]}}],"collection":[{"href":"https:\/\/www.europesays.com\/no\/wp-json\/wp\/v2\/posts"}],"about":[{"href":"https:\/\/www.europesays.com\/no\/wp-json\/wp\/v2\/types\/post"}],"author":[{"embeddable":true,"href":"https:\/\/www.europesays.com\/no\/wp-json\/wp\/v2\/users\/2"}],"replies":[{"embeddable":true,"href":"https:\/\/www.europesays.com\/no\/wp-json\/wp\/v2\/comments?post=85794"}],"version-history":[{"count":0,"href":"https:\/\/www.europesays.com\/no\/wp-json\/wp\/v2\/posts\/85794\/revisions"}],"wp:featuredmedia":[{"embeddable":true,"href":"https:\/\/www.europesays.com\/no\/wp-json\/wp\/v2\/media\/85795"}],"wp:attachment":[{"href":"https:\/\/www.europesays.com\/no\/wp-json\/wp\/v2\/media?parent=85794"}],"wp:term":[{"taxonomy":"category","embeddable":true,"href":"https:\/\/www.europesays.com\/no\/wp-json\/wp\/v2\/categories?post=85794"},{"taxonomy":"post_tag","embeddable":true,"href":"https:\/\/www.europesays.com\/no\/wp-json\/wp\/v2\/tags?post=85794"}],"curies":[{"name":"wp","href":"https:\/\/api.w.org\/{rel}","templated":true}]}}