{"id":85834,"date":"2025-11-13T06:33:10","date_gmt":"2025-11-13T06:33:10","guid":{"rendered":"https:\/\/www.europesays.com\/no\/85834\/"},"modified":"2025-11-13T06:33:10","modified_gmt":"2025-11-13T06:33:10","slug":"god-morgen-bergen-lagunen-god-morgen-bergen","status":"publish","type":"post","link":"https:\/\/www.europesays.com\/no\/85834\/","title":{"rendered":"God morgen, Bergen, Lagunen | God morgen, Bergen!"},"content":{"rendered":"\n<p>Kommer du frem?<\/p>\n<p>Zara og Lagunen \u00e5pner<\/p>\n<p>Klokken 1000 blir Norges st\u00f8rste kj\u00f8pesenter enda litt st\u00f8rre.<\/p>\n<p><b>Lagunen f\u00e5r en dr\u00f8ss med nye spisesteder. I tillegg \u00e5pner landets st\u00f8rste og Bergens f\u00f8rste Zara-butikk.<\/b><\/p>\n<p>Disse \u00e5pner:<\/p>\n<ul>\n<li>Zara<\/li>\n<li>Starbucks<\/li>\n<li>Burger King<\/li>\n<li>Sabrura<\/li>\n<li>Cactus Taco<\/li>\n<li>Ochaya\/Teaology<\/li>\n<\/ul>\n<p>    Vil du se neste video?<\/p>\n<p>    <a href=\"https:\/\/www.ba.no\/han-skulle-bare-pante-n-flaske-sa-skjedde-dette\/v\/5-8-3215092\" class=\"recommend-poster\" data-adp-clicklabel=\"video-recommend\" data-adp-clickvalue=\"poster\" rel=\"nofollow noopener\" target=\"_blank\"><br \/>\n      <img decoding=\"async\" width=\"200\" height=\"200\" loading=\"lazy\" src=\"https:\/\/www.europesays.com\/no\/wp-content\/uploads\/2025\/11\/1763015589_985_v-i-93a9b9d6-c9b3-4b32-8bc5-5b88fc8fed2f-1762519762740.jpg\" alt=\"\" class=\"brick-c-cFOWSL\" style=\"--brick-image-ratio: 200 \/ 200;\"\/><\/p>\n<p>Han skulle bare pante \u00e9n flaske, s\u00e5 skjedde dette!0:48<\/p>\n<p>    <\/a><\/p>\n<p>\u2013 Jeg har v\u00e6rt med p\u00e5 mange \u00e5pninger tidligere, s\u00e5 jeg vet at vi blir klare, <a rel=\"Follow nofollow noopener\" href=\"https:\/\/www.ba.no\/torsdag-apner-zara-pa-lagunen\/s\/5-8-3216780\" target=\"_blank\">sa senterdirekt\u00f8ren til BA.<\/a><\/p>\n<p>N\u00e5 blir det kaldere<\/p>\n<p>November har v\u00e6rt mild og gr\u00e5, men i dag snur det endelig.<\/p>\n<p>\u2013 I l\u00f8pet av natten har vi f\u00e5tt et v\u00e6romslag, opplyser meteorolog ved , Berit Hagen.<\/p>\n<p>   <img decoding=\"async\" width=\"4032\" height=\"3024\" fetchpriority=\"low\"  loading=\"lazy\"  src=\"https:\/\/www.europesays.com\/no\/wp-content\/uploads\/2025\/11\/5_8_2493049_IMG_6501.jpg\" alt=\"Mildere v\u00e6r til uken: \u2013 H\u00f8ytrykkene styrer v\u00e6ret L\u00f8rdagen er beinkald, og kaldere skal det bli til kvelden. Men p\u00e5 mandag og tirsdag kan man vente mildere v\u00e6r, if\u00f8lge meteorologen. L\u00f8rdagen er beinkald, og kaldere skal det bli til kvelden. Men p\u00e5 mandag og tirsdag kan man vente mildere v\u00e6r, if\u00f8lge meteorologen.\" class=\"brick-c-cFOWSL\" style=\"--brick-image-ratio: 4032 \/ 3024;\"\/><\/p>\n<p>      Meteorologen sier torsdagen vil f\u00f8les kaldere enn hva gradestokken viser.<br \/>\n      Foto: Ba\n    <\/p>\n<p>Det betyr at torsdagen kan bli ganske s\u00e5 solrik.<\/p>\n<p><b>\u2013 Men det vil bl\u00e5se og det vil gj\u00f8re dagen litt ekstra kald. Termometeret vil vise 4-6 grader, men den <a href=\"https:\/\/snl.no\/f%C3%B8lt_temperatur\" rel=\"nofollow noopener\" target=\"_blank\">f\u00f8lbare temperaturen<\/a> blir noen grader lavere p\u00e5 grunn av vinden.<\/b><\/p>\n<p>Utover kvelden blir det mer skyet, og det er mulig det kan komme noen dr\u00e5per.<\/p>\n<p>Stenger E39-tunnel<\/p>\n<p>Torsdag er det Fl\u00f8yfjellstunnelen sin tur \u00e5 stenge.<\/p>\n<p>Fra og med klokken 2200 stenger tunnelen i s\u00f8rg\u00e5ende retning.<\/p>\n<p>Den \u00e5pner igjen 0530.<\/p>\n<p>Har du f\u00e5tt med deg dette?<\/p>\n<ul>\n<li><b>Fem restauranter \u00e5pner samme dag<\/b><\/li>\n<\/ul>\n<p>Torsdag \u00e5pner fem nye spisesteder p\u00e5 Lagunen. Akt\u00f8rene sier til BA at de gleder seg stort, mens fagforeningsleder i Fellesforbundet, Djevat Hisenaj, frykter den hyppige etableringen av restauranter i Bergen vil f\u00f8re til et konkursras.<\/p>\n<p>  <a href=\"https:\/\/www.ba.no\/5-8-3218183\" class=\"related-teaser has-image default-story-teaser article--c-eRUmMG article--c-eRUmMG-jKCPdD-design-default\" rel=\"nofollow noopener\" target=\"_blank\"><\/p>\n<p>    <img decoding=\"async\" loading=\"lazy\"  src=\"https:\/\/www.europesays.com\/no\/wp-content\/uploads\/2025\/11\/1763015590_511_700.jpg\" alt=\"\" class=\"brick-c-cFOWSL\" style=\"\"\/><\/p>\n<p>\n            Les ogs\u00e5<\/p>\n<p>              Fem restauranter \u00e5pner samme dag: \u2013 Vi er spente\n        <\/p>\n<p>  <\/a><\/p>\n<ul>\n<li><b>Lange k\u00f8er for \u00e5 skifte til vinterdekk<\/b><\/li>\n<\/ul>\n<p>Tirsdag fikk mange bilister i Bergen tilsynelatende hastverk dagen f\u00f8r det skulle bli kaldere. Da BA tok turen var det k\u00f8 i fire felt en halvtime f\u00f8r stengetid. For mekanikerne er det spesielt travle dager.<\/p>\n<p>  <a href=\"https:\/\/www.ba.no\/5-8-3220297\" class=\"related-teaser has-image default-story-teaser article--c-eRUmMG article--c-eRUmMG-jKCPdD-design-default\" rel=\"nofollow noopener\" target=\"_blank\"><\/p>\n<p>    <img decoding=\"async\" loading=\"lazy\"  src=\"https:\/\/www.europesays.com\/no\/wp-content\/uploads\/2025\/11\/dekkskift1.JPG\" alt=\"\" class=\"brick-c-cFOWSL\" style=\"\"\/><\/p>\n<p>\n            Les ogs\u00e5<\/p>\n<p>              Da v\u00e6rmeldingen kom, fikk bilmekanikerne det kjempetravelt\n        <\/p>\n<p>  <\/a><\/p>\n<ul>\n<li><b>Ble fratatt statsborgerskapet etter 30 \u00e5r i Bergen <\/b><\/li>\n<\/ul>\n<p>I 2021 fikk Mohammad Al Abed (67) beskjed om at statsborgerskapet var tilbakekalt og at Nav ville kreve 2,7 millioner kroner i tilbakebetaling. Al Abed jobbet som taxisj\u00e5f\u00f8r i 30 \u00e5r i Bergen, f\u00f8r han fikk slag i 2015. N\u00e5 er vedtaket omgjort.<\/p>\n<p>  <a href=\"https:\/\/www.ba.no\/5-8-3202587\" class=\"related-teaser has-image default-story-teaser article--c-eRUmMG article--c-eRUmMG-jKCPdD-design-default\" rel=\"nofollow noopener\" target=\"_blank\"><\/p>\n<p>    <img decoding=\"async\" loading=\"lazy\"  src=\"https:\/\/www.europesays.com\/no\/wp-content\/uploads\/2025\/11\/DSC_7794+kopi.jpg\" alt=\"\" class=\"brick-c-cFOWSL\" style=\"\"\/><\/p>\n<p>\n            Les ogs\u00e5<\/p>\n<p>              Fikk sjokkregning p\u00e5 2,7 millioner kroner fra Nav. N\u00e5 kan familien puste lettet ut.\n        <\/p>\n<p>  <\/a><br \/>\n  S\u00e5 mye koster str\u00f8mmen i dag<\/p>\n<p>Sudoku, ordknute og kryssord<\/p>\n<p>  Gikk du glipp av disse?<\/p>\n","protected":false},"excerpt":{"rendered":"Kommer du frem? Zara og Lagunen \u00e5pner Klokken 1000 blir Norges st\u00f8rste kj\u00f8pesenter enda litt st\u00f8rre. Lagunen f\u00e5r&hellip;\n","protected":false},"author":2,"featured_media":85835,"comment_status":"","ping_status":"","sticky":false,"template":"","format":"standard","meta":{"footnotes":""},"categories":[56],"tags":[36,444,60,61,797,4454,62,30,28,29,14,1510,224,553,11423],"class_list":{"0":"post-85834","1":"post","2":"type-post","3":"status-publish","4":"format-standard","5":"has-post-thumbnail","7":"category-naeringsliv","8":"tag-art","9":"tag-bergen","10":"tag-business","11":"tag-economy","12":"tag-god-morgen","13":"tag-lagunen","14":"tag-naeringsliv","15":"tag-no","16":"tag-norge","17":"tag-norway","18":"tag-nyheter","19":"tag-story","20":"tag-trafikk","21":"tag-vaer","22":"tag-zara"},"share_on_mastodon":{"url":"https:\/\/pubeurope.com\/@no\/115540997316379507","error":""},"_links":{"self":[{"href":"https:\/\/www.europesays.com\/no\/wp-json\/wp\/v2\/posts\/85834","targetHints":{"allow":["GET"]}}],"collection":[{"href":"https:\/\/www.europesays.com\/no\/wp-json\/wp\/v2\/posts"}],"about":[{"href":"https:\/\/www.europesays.com\/no\/wp-json\/wp\/v2\/types\/post"}],"author":[{"embeddable":true,"href":"https:\/\/www.europesays.com\/no\/wp-json\/wp\/v2\/users\/2"}],"replies":[{"embeddable":true,"href":"https:\/\/www.europesays.com\/no\/wp-json\/wp\/v2\/comments?post=85834"}],"version-history":[{"count":0,"href":"https:\/\/www.europesays.com\/no\/wp-json\/wp\/v2\/posts\/85834\/revisions"}],"wp:featuredmedia":[{"embeddable":true,"href":"https:\/\/www.europesays.com\/no\/wp-json\/wp\/v2\/media\/85835"}],"wp:attachment":[{"href":"https:\/\/www.europesays.com\/no\/wp-json\/wp\/v2\/media?parent=85834"}],"wp:term":[{"taxonomy":"category","embeddable":true,"href":"https:\/\/www.europesays.com\/no\/wp-json\/wp\/v2\/categories?post=85834"},{"taxonomy":"post_tag","embeddable":true,"href":"https:\/\/www.europesays.com\/no\/wp-json\/wp\/v2\/tags?post=85834"}],"curies":[{"name":"wp","href":"https:\/\/api.w.org\/{rel}","templated":true}]}}