{"id":85842,"date":"2025-11-13T06:43:09","date_gmt":"2025-11-13T06:43:09","guid":{"rendered":"https:\/\/www.europesays.com\/no\/85842\/"},"modified":"2025-11-13T06:43:09","modified_gmt":"2025-11-13T06:43:09","slug":"norgespris-lonte-seg-kun-i-sor-norge-i-oktober","status":"publish","type":"post","link":"https:\/\/www.europesays.com\/no\/85842\/","title":{"rendered":"Norgespris l\u00f8nte seg kun i S\u00f8r-Norge i oktober"},"content":{"rendered":"\n<p class=\"_lead_o9xde_2 _lead_xtcu6_50 layout-component text-serif-m layout-normal text-serif-l layout-component layout-wide layout-padded _wide_17hqh_1 layout-padded\">En ny str\u00f8mkabel mellom Midt-Norge og Vest-Norge bidro til at str\u00f8mprisene i Midt-Norge \u00f8kte i oktober. \u00c5 velge norgespris l\u00f8nte seg kun i S\u00f8r-Norge.<\/p>\n<p><img alt=\"Den f\u00f8rste m\u00e5neden med norgespris p\u00e5 str\u00f8m viser at man i Nord-Norge og Midt-Norge ville ha betalt mer for str\u00f8mmen, mens i Vest-Norge, p\u00e5 S\u00f8rlandet og p\u00e5 \u00d8stlandet ville man ha spart penger.  Foto: Javad Parsa \/ NTB\" class=\"_image_qp4xg_65 layout-component layout-wide\" data-fullscreen- data-track-element-type=\"Article image fullscreen\" data-track-name=\"ImageFullscreen\" fetchpriority=\"high\" decoding=\"sync\" loading=\"eager\" height=\"5760\" itemprop=\"image\"  src=\"https:\/\/www.europesays.com\/no\/wp-content\/uploads\/2025\/11\/8d97f641-61b6-4c76-badd-a50b80ba2aca\"  style=\"object-position:0% 0%\" width=\"8640\"\/>Den f\u00f8rste m\u00e5neden med norgespris p\u00e5 str\u00f8m viser at man i Nord-Norge og Midt-Norge ville ha betalt mer for str\u00f8mmen, mens i Vest-Norge, p\u00e5 S\u00f8rlandet og p\u00e5 \u00d8stlandet ville man ha spart penger.  Foto: Javad Parsa \/ NTB<\/p>\n<ul aria-hidden=\"true\" class=\"_images_18f0k_111\">\n<li><a class=\"_link_18f0k_116\" href=\"https:\/\/www.vg.no\/forfatter\/ntb\" style=\"z-index:1\" title=\"NTB\" rel=\"nofollow noopener\" target=\"_blank\"><img alt=\"Bilde av NTB\" class=\"_image_18f0k_93\" fetchpriority=\"low\" loading=\"lazy\" decoding=\"async\" itemprop=\"image\"  src=\"https:\/\/www.europesays.com\/no\/wp-content\/uploads\/2025\/11\/1763016189_468_c33980b0-5d07-4027-84a1-813f90a7c8d6\"  width=\"480\"\/><\/a><\/li>\n<\/ul>\n<p> Oppdatert torsdag 13. november kl. 07:21     <\/p>\n<p class=\"_paragraph_o9xde_4 _paragraph_xtcu6_10 layout-component text-serif-m layout-normal text-serif-m layout-padded\">Den f\u00f8rste m\u00e5neden med norgespris viser at husholdninger i S\u00f8r-Norge i snitt sparte over 200 kroner p\u00e5 str\u00f8mregningen ved \u00e5 velge norgespris. <\/p>\n<p class=\"_paragraph_o9xde_4 _paragraph_xtcu6_10 layout-component text-serif-m layout-normal text-serif-m layout-padded\"> I Nord-Norge og Midt-Norge var det et d\u00e5rlig valg, viser <a href=\"https:\/\/www.fornybarnorge.no\/strommarked\/stromprisindeksen\/\" class=\"_link_o9xde_39\" rel=\"nofollow noopener\" target=\"_blank\">Fornybar Norges str\u00f8mprisindeks. <\/a><\/p>\n<p class=\"_paragraph_o9xde_4 _paragraph_xtcu6_10 layout-component text-serif-m layout-normal text-serif-m layout-padded\">For husholdninger i Nord-Norge (NO4) med norgespris og gjennomsnittlig str\u00f8mforbruk ville oktober-regningen nemlig blitt 529 kroner h\u00f8yere enn n\u00f8dvendig. I Midt-Norge (NO3) ville merkostnaden v\u00e6rt 154 kroner ettersom den steg fra 18 \u00f8re\/kWh i september til 29 \u00f8re\/kWh i oktober.<\/p>\n<p class=\"_paragraph_o9xde_4 _paragraph_xtcu6_10 layout-component text-serif-m layout-normal text-serif-m layout-padded\">I Vest-Norge (NO5) sparte man 237 kroner, og p\u00e5 S\u00f8rlandet (NO2) sparte man hele 338 kroner. P\u00e5 \u00d8stlandet (NO1) var besparelsen 260 kroner.<\/p>\n<p>Ny str\u00f8mkabel<\/p>\n<p class=\"_paragraph_o9xde_4 _paragraph_xtcu6_10 layout-component text-serif-m layout-normal text-serif-m layout-padded\">\u2013 En mulig forklaring p\u00e5 hvorfor str\u00f8mprisene steg i Midt-Norge i oktober er at en ny str\u00f8mkabel som g\u00e5r over Sognefjorden, ble \u00e5pnet i starten av m\u00e5neden, sier administrerende direkt\u00f8r B\u00e5rd Vegar Solhjell i Fornybar Norge.<\/p>\n<p class=\"_paragraph_o9xde_4 _paragraph_xtcu6_10 layout-component text-serif-m layout-normal text-serif-m layout-padded\">Str\u00f8mkabelen har \u00f8kt overf\u00f8ringskapasiteten mellom Midt-Norge og Vest-Norge betraktelig, og dermed f\u00f8rt til at str\u00f8mprisene i Midt-Norge blir mer p\u00e5virket av prisniv\u00e5et i S\u00f8r-Norge.<\/p>\n<p class=\"_paragraph_o9xde_4 _paragraph_xtcu6_10 layout-component text-serif-m layout-normal text-serif-m layout-padded\"> Norgespris ble innf\u00f8rt 1. oktober og gir en fast str\u00f8mpris p\u00e5 40 \u00f8re\/kWh pluss moms ut 2026. Hittil har 36,2 prosent av norske husholdninger bestilt ordningen, if\u00f8lge <a href=\"https:\/\/elhub.no\/data-og-innsikt\/statistikk-for-norgespris\" class=\"_link_o9xde_39\" rel=\"nofollow noopener\" target=\"_blank\">Elhub.<\/a><\/p>\n<p>Norgespris best for S\u00f8r-Norge<\/p>\n<p class=\"_paragraph_o9xde_4 _paragraph_xtcu6_10 layout-component text-serif-m layout-normal text-serif-m layout-padded\">\u2013 Ordningen er trolig et sv\u00e6rt lurt valg for husholdninger over hele S\u00f8r-Norge. I l\u00f8pet av h\u00f8sten og vinteren vil norgespris sannsynligvis f\u00f8re til at disse sparer noen tusenlapper p\u00e5 \u00e5 f\u00e5 lavere str\u00f8mregninger enn de ellers ville f\u00e5tt, sier Solhjell i en pressemelding.<\/p>\n<p class=\"_paragraph_o9xde_4 _paragraph_xtcu6_10 layout-component text-serif-m layout-normal text-serif-m layout-padded\">I oktober var snittprisen p\u00e5 str\u00f8m 59 \u00f8re\/kWh i S\u00f8r\u00f8st-Norge, 69 \u00f8re\/kWh i S\u00f8rvest-Norge og 56 \u00f8re\/kWh i Vest-Norge. Det er kun en marginal forskjell fra september.<\/p>\n<p class=\"_paragraph_o9xde_4 _paragraph_xtcu6_10 layout-component text-serif-m layout-normal text-serif-m layout-padded\"> I alle de fem norske prisomr\u00e5dene var husholdningenes gjennomsnittlige str\u00f8mforbruk mellom 30\u201350 prosent h\u00f8yere i oktober enn i september, viser tall fra <a href=\"https:\/\/elhub.no\/data-og-innsikt\/stromforbruk\" class=\"_link_o9xde_39\" rel=\"nofollow noopener\" target=\"_blank\">Elhub.<\/a><\/p>\n<p>Rekordlav pris i Nord-Norge<\/p>\n<p class=\"_paragraph_o9xde_4 _paragraph_xtcu6_10 layout-component text-serif-m layout-normal text-serif-m layout-padded\">\u2013 Norgespris ser derimot ut til \u00e5 v\u00e6re et veldig d\u00e5rlig valg for husholdninger i Nord-Norge. Der er str\u00f8mprisene for tiden betydelig lavere enn norgespris, sier Solhjell.<\/p>\n<p class=\"_paragraph_o9xde_4 _paragraph_xtcu6_10 layout-component text-serif-m layout-normal text-serif-m layout-padded\"> I Nord-Norge var prisen bare 5 \u00f8re\/kWh \u2013 den laveste oktober-prisen noensinne. Det skyldes at det har kommet veldig mye nedb\u00f8r som igjen har f\u00f8rt til en fyllingsgrad p\u00e5 hele 95 prosent. Det er det h\u00f8yeste niv\u00e5et p\u00e5 denne tiden av \u00e5ret p\u00e5 30 \u00e5r, if\u00f8lge <a href=\"https:\/\/www.nve.no\/energi\/analyser-og-statistikk\/magasinstatistikk\/\" class=\"_link_o9xde_39\" rel=\"nofollow noopener\" target=\"_blank\">NVE.<\/a><\/p>\n<p class=\"_paragraph_o9xde_4 _paragraph_xtcu6_10 layout-component text-serif-m layout-normal text-serif-m layout-padded\">Str\u00f8mregningene steg i oktober som f\u00f8lge av kaldere v\u00e6r og h\u00f8yere str\u00f8mforbruk. Til tross for at temperaturene falt i oktober etter hvert som vi kom n\u00e6rmere vinteren, var de likevel h\u00f8yere enn det som er normalt for \u00e5rstiden.<\/p>\n","protected":false},"excerpt":{"rendered":"En ny str\u00f8mkabel mellom Midt-Norge og Vest-Norge bidro til at str\u00f8mprisene i Midt-Norge \u00f8kte i oktober. \u00c5 velge&hellip;\n","protected":false},"author":2,"featured_media":85843,"comment_status":"","ping_status":"","sticky":false,"template":"","format":"standard","meta":{"footnotes":""},"categories":[10],"tags":[20,21,24,25,15,22,23,13,30,28,3333,29,14,16,243,26,27],"class_list":{"0":"post-85842","1":"post","2":"type-post","3":"status-publish","4":"format-standard","5":"has-post-thumbnail","7":"category-norge","8":"tag-breaking-news","9":"tag-breakingnews","10":"tag-featured-news","11":"tag-featurednews","12":"tag-headlines","13":"tag-latest-news","14":"tag-latestnews","15":"tag-news","16":"tag-no","17":"tag-norge","18":"tag-norgespris","19":"tag-norway","20":"tag-nyheter","21":"tag-overskrifter","22":"tag-strom","23":"tag-top-stories","24":"tag-topstories"},"share_on_mastodon":{"url":"https:\/\/pubeurope.com\/@no\/115541036865828085","error":""},"_links":{"self":[{"href":"https:\/\/www.europesays.com\/no\/wp-json\/wp\/v2\/posts\/85842","targetHints":{"allow":["GET"]}}],"collection":[{"href":"https:\/\/www.europesays.com\/no\/wp-json\/wp\/v2\/posts"}],"about":[{"href":"https:\/\/www.europesays.com\/no\/wp-json\/wp\/v2\/types\/post"}],"author":[{"embeddable":true,"href":"https:\/\/www.europesays.com\/no\/wp-json\/wp\/v2\/users\/2"}],"replies":[{"embeddable":true,"href":"https:\/\/www.europesays.com\/no\/wp-json\/wp\/v2\/comments?post=85842"}],"version-history":[{"count":0,"href":"https:\/\/www.europesays.com\/no\/wp-json\/wp\/v2\/posts\/85842\/revisions"}],"wp:featuredmedia":[{"embeddable":true,"href":"https:\/\/www.europesays.com\/no\/wp-json\/wp\/v2\/media\/85843"}],"wp:attachment":[{"href":"https:\/\/www.europesays.com\/no\/wp-json\/wp\/v2\/media?parent=85842"}],"wp:term":[{"taxonomy":"category","embeddable":true,"href":"https:\/\/www.europesays.com\/no\/wp-json\/wp\/v2\/categories?post=85842"},{"taxonomy":"post_tag","embeddable":true,"href":"https:\/\/www.europesays.com\/no\/wp-json\/wp\/v2\/tags?post=85842"}],"curies":[{"name":"wp","href":"https:\/\/api.w.org\/{rel}","templated":true}]}}