{"id":85862,"date":"2025-11-13T07:18:07","date_gmt":"2025-11-13T07:18:07","guid":{"rendered":"https:\/\/www.europesays.com\/no\/85862\/"},"modified":"2025-11-13T07:18:07","modified_gmt":"2025-11-13T07:18:07","slug":"kraftig-okning-av-mus-i-norske-hus","status":"publish","type":"post","link":"https:\/\/www.europesays.com\/no\/85862\/","title":{"rendered":"Kraftig \u00f8kning av mus i norske hus"},"content":{"rendered":"<p>I oktober registrerte VIS Forsikring 450 bekjempelser av mus i hus, mens tilsvarende tall for oktober i fjor var 205, opplyser selskapet til NTB.<\/p>\n<p>\u2013 I fjor indikerte oktobertallene starten p\u00e5 et muse\u00e5r, og det endte opp med \u00e5 bli meldt inn store mengder mus gjennom vintersesongen, men vi ser at \u00e5rets tall faktisk legger opp til en enda tydeligere topp, sier Ragna Byrkjeland, fagsjef og biolog i VIS Forsikring.<\/p>\n<p>Det er p\u00e5 \u00d8stlandet det er registrert flest bekjempelser, totalt 233, i oktober, mens 111 er registrert p\u00e5 Vestlandet.<\/p>\n<p>VIS Forsikring, tidligere Norsk Hussopp Forsikring, er spesialister p\u00e5 biologiske skader for\u00e5rsaket av r\u00e5te, dyr og insekter. Selskapet forsikrer 1,2 millioner boliger, ofte som tilleggs- eller toppdekning til boligforsikringen gjennom andre forsikringsselskaper.<\/p>\n<p>Kan bli supermuse\u00e5r<\/p>\n<p>Biolog Jens Galby i skadedyrfirmaet Anticimex sier de ogs\u00e5 har merket veldig p\u00e5gang i henvendelser om mus i h\u00f8st, b\u00e5de fra forsikringskunder og andre. If\u00f8lge ham har sm\u00e5skogmusa, som trekker inn i hus n\u00e5r det blir kaldere ute, hatt en kraftig topp i bestanden fra Tr\u00f8ndelag og s\u00f8rover<\/p>\n<p>\u2013 Det var jo egentlig muse\u00e5r i fjor, og n\u00e5r mus har et topp\u00e5r, s\u00e5 f\u00e5r du gjerne en kraftig bestandsnedgang \u00e5ret etter. Men det er ikke alltid den nedgangen inntreffer. Da har du bare ekstra mange mus som er klare til \u00e5 formere seg til v\u00e5ren igjen. S\u00e5 da f\u00e5r du en veldig \u00f8kning i stedet, og s\u00e5 blir det s\u00e5nn supermuse\u00e5r, egentlig, sier han.<\/p>\n<p>Han minner om at vi hadde noe tilsvarende i 2020 \u2013 etter muse\u00e5r ogs\u00e5 i 2019.<\/p>\n<p>Uforutsigbart<\/p>\n<p>If\u00f8lge f\u00f8rsteamanuensis ved Universitetet i Innlandet, Magne Neby, var fjor\u00e5ret kun et \u00ab\u00f8knings\u00e5r\u00bb p\u00e5 \u00d8stlandet, mens det var st\u00f8rst mengder mus p\u00e5 Vestlandet da. Han bekrefter at det er tegn p\u00e5 mye mus i \u00e5r basert p\u00e5 overv\u00e5king av \u00d8stlandet.<\/p>\n<p>Han understreker at geografiske variasjoner gj\u00f8r det utfordrende \u00e5 sp\u00e5 helt n\u00f8yaktig.<\/p>\n<p>Forsker Eivind Kleiven ved Norsk institutt for naturforskning (NINA) leder et nasjonalt overv\u00e5kingsprogrammet for sm\u00e5gnagere i fjell. De siste \u00e5rene har forekomstene av mus og lemen blitt overv\u00e5ket ved hjelp av kameratunneler, som logger hvor mange sm\u00e5dyr som passerer gjennom dem \u2013 \u00e5ret rundt.<\/p>\n<p>\u2013 I fjor s\u00e5 vi oppgang i mange av bestandene fra Saltfjellet og s\u00f8rover. I fjellet har det de fleste steder ikke sl\u00e5tt til, der bestandene v\u00e6rt mindre enn ventet flere steder. Imidlertid ser det ut som at bestandene har v\u00e6rt store i skogen flere steder p\u00e5 \u00f8stlandet og s\u00f8rover, sier han.<\/p>\n<p>\u2013 Et muse\u00e5r er ofte et storskala fenomen, som kan inntreffer i store omr\u00e5der samtidig. I \u00e5r kan det imidlertid se ut som det er noen omr\u00e5der som har f\u00e5tt spesielt store bestand, men at de lokale forskjellene er store. Lenger nord ser der helt annerledes ut og i Troms og Finnmark er det for eksempel n\u00e5 i bunn av sm\u00e5gnagersyklusen med ventet \u00f8kning f\u00f8rst neste \u00e5r, sier han.<\/p>\n<p>Litt sent med forebygging<\/p>\n<p>Mus i Norge er i utgangspunktet ikke skadedyr, men n\u00e5r det blir kaldt ute, blir musa fristet av muligheten til \u00e5 finne et lunt sted \u00e5 v\u00e6re, i form av v\u00e5re hus og hytter, eller til og med bobiler, campingvogner og biler som vinterlagres.<\/p>\n<p>Tradisjonelt har man tenkt avliving og gift i kampen mot mus innend\u00f8rs. N\u00e5 dreier man mer mot \u00e5 forebygge at krypene kommer inn. Men det kan v\u00e6re for sent n\u00e5.<\/p>\n<p>\u2013 Du m\u00e5 starte arbeidet p\u00e5 sommeren. G\u00e5 over huset og hytta di for \u00e5 se om det er sm\u00e5 \u00e5pninger der musa kan komme inn. N\u00e5 er det mange mus som har flyttet inn allerede. Det er jo derfor vi f\u00e5r disse skademeldingene n\u00e5, sier pressesjef Sigmund Clementz i If.<\/p>\n<p>Han p\u00e5peker videre at ganske mange nordmenn har hytte de veldig sjelden bruker p\u00e5 vinterstid. Der er r\u00e5det \u00e5 pr\u00f8ve \u00e5 bes\u00f8ke hytta i l\u00f8pet av vinteren, slik at man kan oppdage eventuelle ubudne gjester f\u00f8r de har f\u00e5tt gjort for mye ugagn.<\/p>\n<p>Og har man f\u00f8rst f\u00e5tt mus inn, anbefales det \u00e5 sette ut gode, gammeldagse klappfeller for \u00e5 ta rotta p\u00e5 dem.<\/p>\n","protected":false},"excerpt":{"rendered":"I oktober registrerte VIS Forsikring 450 bekjempelser av mus i hus, mens tilsvarende tall for oktober i fjor&hellip;\n","protected":false},"author":2,"featured_media":85863,"comment_status":"","ping_status":"","sticky":false,"template":"","format":"standard","meta":{"footnotes":""},"categories":[10],"tags":[20,21,24,25,15,22,23,13,30,28,29,14,16,26,27],"class_list":{"0":"post-85862","1":"post","2":"type-post","3":"status-publish","4":"format-standard","5":"has-post-thumbnail","7":"category-norge","8":"tag-breaking-news","9":"tag-breakingnews","10":"tag-featured-news","11":"tag-featurednews","12":"tag-headlines","13":"tag-latest-news","14":"tag-latestnews","15":"tag-news","16":"tag-no","17":"tag-norge","18":"tag-norway","19":"tag-nyheter","20":"tag-overskrifter","21":"tag-top-stories","22":"tag-topstories"},"share_on_mastodon":{"url":"https:\/\/pubeurope.com\/@no\/115541174047869711","error":""},"_links":{"self":[{"href":"https:\/\/www.europesays.com\/no\/wp-json\/wp\/v2\/posts\/85862","targetHints":{"allow":["GET"]}}],"collection":[{"href":"https:\/\/www.europesays.com\/no\/wp-json\/wp\/v2\/posts"}],"about":[{"href":"https:\/\/www.europesays.com\/no\/wp-json\/wp\/v2\/types\/post"}],"author":[{"embeddable":true,"href":"https:\/\/www.europesays.com\/no\/wp-json\/wp\/v2\/users\/2"}],"replies":[{"embeddable":true,"href":"https:\/\/www.europesays.com\/no\/wp-json\/wp\/v2\/comments?post=85862"}],"version-history":[{"count":0,"href":"https:\/\/www.europesays.com\/no\/wp-json\/wp\/v2\/posts\/85862\/revisions"}],"wp:featuredmedia":[{"embeddable":true,"href":"https:\/\/www.europesays.com\/no\/wp-json\/wp\/v2\/media\/85863"}],"wp:attachment":[{"href":"https:\/\/www.europesays.com\/no\/wp-json\/wp\/v2\/media?parent=85862"}],"wp:term":[{"taxonomy":"category","embeddable":true,"href":"https:\/\/www.europesays.com\/no\/wp-json\/wp\/v2\/categories?post=85862"},{"taxonomy":"post_tag","embeddable":true,"href":"https:\/\/www.europesays.com\/no\/wp-json\/wp\/v2\/tags?post=85862"}],"curies":[{"name":"wp","href":"https:\/\/api.w.org\/{rel}","templated":true}]}}