{"id":85881,"date":"2025-11-13T07:40:10","date_gmt":"2025-11-13T07:40:10","guid":{"rendered":"https:\/\/www.europesays.com\/no\/85881\/"},"modified":"2025-11-13T07:40:10","modified_gmt":"2025-11-13T07:40:10","slug":"norgespris-feil-fra-ssb-i-prisveksten-for-oktober-jekkes-ned-e24","status":"publish","type":"post","link":"https:\/\/www.europesays.com\/no\/85881\/","title":{"rendered":"Norgespris-feil fra SSB i prisveksten for oktober \u2013 jekkes ned \u2013 E24"},"content":{"rendered":"<p class=\"fullWidthDesktop hyperion-css-71ztg2\" data-test-tag=\"lead-text\">Prisveksten var egentlig 3,1 prosent forrige m\u00e5ned.<\/p>\n<p><img decoding=\"async\" class=\"image-asset hyperion-css-u06ts1\" data-test-tag=\"image-asset\" src=\"https:\/\/www.europesays.com\/no\/wp-content\/uploads\/2025\/11\/b9585cce-a866-4cfe-bf9c-07195b5d1dea\"  alt=\"Str\u00f8mmaster.\"  loading=\"eager\" fetchpriority=\"high\" style=\"aspect-ratio:1900 \/ 1267\"\/>Str\u00f8mmaster. Foto: Helene Mariussen \/ VGPublisert: <\/p>\n<p>For mindre enn 30 minutter siden<\/p>\n<p>Oppdatert n\u00e5 nettopp<\/p>\n<ul class=\"hyperion-css-pte5x0\">\n<li aria-label=\"link\" class=\"narrow-button hyperion-css-1sz7d3n\">Kopier lenke<\/li>\n<li aria-label=\"link\" class=\"wide-button hyperion-css-1sz7d3n\">Kopier lenke<\/li>\n<li aria-label=\"facebook\" class=\"narrow-button hyperion-css-1sz7d3n\">Del p\u00e5 Facebook<\/li>\n<li aria-label=\"facebook\" class=\"wide-button hyperion-css-1sz7d3n\">Del p\u00e5 Facebook<\/li>\n<li aria-label=\"email\" class=\"narrow-button hyperion-css-1sz7d3n\">Del med e-post<\/li>\n<li aria-label=\"email\" class=\"wide-button hyperion-css-1sz7d3n\">Del med e-post<\/li>\n<\/ul>\n<p class=\"hyperion-css-1lemvax\">Saken oppdateres.<\/p>\n<p class=\"hyperion-css-1lemvax\">Tidligere denne uken kom Statistisk sentralbyr\u00e5 (SSB) med <a data-test-tag=\"internal-link\" href=\"https:\/\/e24.no\/norsk-oekonomi\/i\/wgy0WP\/overraskende-sterk-prisvekst-et-aldri-saa-lite-inflasjonssjokk\" class=\"hyperion-css-1rezu2g\" rel=\"nofollow noopener\" target=\"\" aria-label=\"inflasjonstall for oktober\">inflasjonstall for oktober<\/a>. Da meldte SSB at den totale prisveksten (KPI) kom p\u00e5 3,3 prosent.<\/p>\n<p class=\"hyperion-css-1lemvax\">Egentlig var den 3,1 prosent, <a aria-label=\"varsler de torsdag\" class=\"default hyperion-css-1rezu2g\" href=\"https:\/\/www.ssb.no\/priser-og-prisindekser\/konsumpriser\/statistikk\/konsumprisindeksen\/artikler\/feil-i-kpi-for-oktober\" rel=\"noopener nofollow noreferrer\" data-test-tag=\"external-link\" target=\"_blank\">varsler de torsdag<\/a>.<\/p>\n<p class=\"hyperion-css-1lemvax\">Feilen stammer fra at virkningen av Norgespris p\u00e5 str\u00f8m ble beregnet feil, slik at prisveksten ble for h\u00f8y, opplyser SSB. Fallet i str\u00f8mprisene skulle v\u00e6rt st\u00f8rre.<\/p>\n<p class=\"hyperion-css-1lemvax\">\u2013 Det er f\u00f8rste gang vi har med Norgespris-ordningen i KPI, og metoden for \u00e5 m\u00e5le str\u00f8mpriser m\u00e5tte legges om p\u00e5 kort tid. Det var her feilen oppsto, og den er isolert til str\u00f8mprisene i KPI, sier Espen Kristiansen, seksjonssjef i Statistisk sentralbyr\u00e5 (SSB).<\/p>\n<p><a data-test-tag=\"teaser-small:link-internal\" href=\"https:\/\/e24.no\/naeringsliv\/i\/gwX111\/sas-oeker-prisen-for-bonusreiser\" class=\"imagePosition-top inline hyperion-css-6238vu\" rel=\"nofollow noopener\" target=\"\" aria-label=\"SAS \u00f8ker prisen for bonusreiser\"><\/p>\n<p>Les p\u00e5 E24+<\/p>\n<p>SAS \u00f8ker prisen for bonusreiser<\/p>\n<p><\/a><\/p>\n<p class=\"hyperion-css-1lemvax\">St\u00f8tteordningen Norgespris, som gir folk mulighet til \u00e5 velge fastpris p\u00e5 40 \u00f8re kilowattimen f\u00f8r nettleie og avgifter, ble innf\u00f8rt 1. oktober. Mange str\u00f8mkunder i S\u00f8r-Norge har valgt \u00e5 g\u00e5 for ordningen, som du m\u00e5 binde deg til ut neste \u00e5r<\/p>\n<p class=\"hyperion-css-1lemvax\">Det var v<a data-test-tag=\"internal-link\" href=\"https:\/\/e24.no\/norsk-oekonomi\/i\/Pp6nz6\/venter-lavere-inflasjon-etter-norgespris\" class=\"hyperion-css-1rezu2g\" rel=\"nofollow noopener\" target=\"\" aria-label=\"entet at prisveksten ville falle betydelig\">entet at prisveksten ville falle betydelig<\/a> som f\u00f8lge av dette, fra 3,6 prosent i september. SSB hadde i forkant varslet at de ville justere beregningsmetodene sine for \u00e5 ta hensyn til Norgespris.<\/p>\n<p>\u2013 Ikke vanlig<\/p>\n<p class=\"hyperion-css-1lemvax\">Seniorstrateg Sara Midtgaard i Nordea er overrasket over feilen.<\/p>\n<p class=\"hyperion-css-1lemvax\"><strong>\u2013 Dette er ikke vanlig. Det kan selvf\u00f8lgelig skje, men det er ikke heldig. Tallene burde ha v\u00e6rt riktig i f\u00f8rste omgang, sier hun.<\/strong><\/p>\n<p><img decoding=\"async\" class=\"image-asset hyperion-css-u06ts1\" data-test-tag=\"image-asset\" src=\"https:\/\/www.europesays.com\/no\/wp-content\/uploads\/2025\/11\/84cec50b-77dc-4903-a599-1d84d8874d17\"  alt=\"Sara Midtgaard er senior  makro- og rentestrateg i Nordea Markets.\"  loading=\"eager\" fetchpriority=\"high\" style=\"aspect-ratio:1900 \/ 1267\"\/>Sara Midtgaard er senior  makro- og rentestrateg i Nordea Markets. Foto: Thomas Fure \/ NTB<\/p>\n<p class=\"hyperion-css-1lemvax\">\u2013 Mitt inntrykk er at SSB har v\u00e6rt litt uklare om n\u00f8yaktig hvordan vektene er p\u00e5 blant annet energipriser, og det har v\u00e6rt vanskelig for oss \u00e5 etterg\u00e5 tallene p\u00e5 detaljniv\u00e5 siden det er SSB som sitter p\u00e5 all informasjonen, sier Midtgaard.<\/p>\n<p class=\"hyperion-css-1lemvax\">Den konkrete feilen hos SSB var at \u00e9n parameter hadde feil verdi. Det gjorde at merverdiavgiften p\u00e5 Norgespris ble telt dobbelt.<\/p>\n<p class=\"hyperion-css-1lemvax\">Nordea-\u00f8konomen sier det er bra de n\u00e5 har f\u00e5tt rettet opp og informerer, men hun skulle \u00f8nsket seg mer informasjon fra start.<\/p>\n<p class=\"hyperion-css-1lemvax\">\u2013 Det har v\u00e6rt mye snakk om at Norgespris vil p\u00e5virke inflasjonstallene, og dette burde de nok ha gitt mer informasjon om. Tallenene p\u00e5virker ogs\u00e5 rentesettingen, og dette burde ha v\u00e6rt fyldigere omtalt i pressemeldingen 10. november, sier Midtgaard.<\/p>\n<p>Ikke endret kjerneinflasjon<\/p>\n<p class=\"hyperion-css-1lemvax\">Norges Bank er mest opptatt av kjerneinflasjonen (KPI-JAE), som ser bort fra endringer i energipriser og avgifter.<\/p>\n<p class=\"hyperion-css-1lemvax\">Denne er ikke p\u00e5virket av SSBs rettelse av feil.<\/p>\n<p class=\"hyperion-css-1lemvax\">Kjerneinflasjonen steg til 3,4 prosent i oktober, som var h\u00f8yere enn ventet.<\/p>\n<p class=\"hyperion-css-1lemvax\">Hoppet for kjerneinflasjonen ble mandag omtalt som \u00abet aldri s\u00e5 lite inflasjonssjokk\u00bb av Handelsbanken.<\/p>\n<p class=\"hyperion-css-1lemvax\">Men ogs\u00e5 hovedtallet for inflasjon (konsumprisindeksen, KPI), er viktig, p\u00e5peker Midtgaard.<\/p>\n<p class=\"hyperion-css-1lemvax\">\u2013 Totalinflasjonen er viktig fordi den kan p\u00e5virke justeringen av husleiepriser og l\u00f8nnoppgj\u00f8ret, sier hun.<\/p>\n","protected":false},"excerpt":{"rendered":"Prisveksten var egentlig 3,1 prosent forrige m\u00e5ned. Str\u00f8mmaster. Foto: Helene Mariussen \/ VGPublisert: For mindre enn 30 minutter&hellip;\n","protected":false},"author":2,"featured_media":85882,"comment_status":"","ping_status":"","sticky":false,"template":"","format":"standard","meta":{"footnotes":""},"categories":[10],"tags":[20,21,24,25,15,22,23,13,30,28,29,14,16,26,27],"class_list":{"0":"post-85881","1":"post","2":"type-post","3":"status-publish","4":"format-standard","5":"has-post-thumbnail","7":"category-norge","8":"tag-breaking-news","9":"tag-breakingnews","10":"tag-featured-news","11":"tag-featurednews","12":"tag-headlines","13":"tag-latest-news","14":"tag-latestnews","15":"tag-news","16":"tag-no","17":"tag-norge","18":"tag-norway","19":"tag-nyheter","20":"tag-overskrifter","21":"tag-top-stories","22":"tag-topstories"},"share_on_mastodon":{"url":"https:\/\/pubeurope.com\/@no\/115541260962810725","error":""},"_links":{"self":[{"href":"https:\/\/www.europesays.com\/no\/wp-json\/wp\/v2\/posts\/85881","targetHints":{"allow":["GET"]}}],"collection":[{"href":"https:\/\/www.europesays.com\/no\/wp-json\/wp\/v2\/posts"}],"about":[{"href":"https:\/\/www.europesays.com\/no\/wp-json\/wp\/v2\/types\/post"}],"author":[{"embeddable":true,"href":"https:\/\/www.europesays.com\/no\/wp-json\/wp\/v2\/users\/2"}],"replies":[{"embeddable":true,"href":"https:\/\/www.europesays.com\/no\/wp-json\/wp\/v2\/comments?post=85881"}],"version-history":[{"count":0,"href":"https:\/\/www.europesays.com\/no\/wp-json\/wp\/v2\/posts\/85881\/revisions"}],"wp:featuredmedia":[{"embeddable":true,"href":"https:\/\/www.europesays.com\/no\/wp-json\/wp\/v2\/media\/85882"}],"wp:attachment":[{"href":"https:\/\/www.europesays.com\/no\/wp-json\/wp\/v2\/media?parent=85881"}],"wp:term":[{"taxonomy":"category","embeddable":true,"href":"https:\/\/www.europesays.com\/no\/wp-json\/wp\/v2\/categories?post=85881"},{"taxonomy":"post_tag","embeddable":true,"href":"https:\/\/www.europesays.com\/no\/wp-json\/wp\/v2\/tags?post=85881"}],"curies":[{"name":"wp","href":"https:\/\/api.w.org\/{rel}","templated":true}]}}