{"id":85900,"date":"2025-11-13T08:20:50","date_gmt":"2025-11-13T08:20:50","guid":{"rendered":"https:\/\/www.europesays.com\/no\/85900\/"},"modified":"2025-11-13T08:20:50","modified_gmt":"2025-11-13T08:20:50","slug":"katarina-flatland-deler-sorgen-etter-morens-bortgang","status":"publish","type":"post","link":"https:\/\/www.europesays.com\/no\/85900\/","title":{"rendered":"Katarina Flatland deler sorgen etter morens bortgang"},"content":{"rendered":"<p class=\"kicker \" style=\"\">Katarina Flatland:\u00a0<\/p>\n<p>  Da kreften rammet familien for tredje gang kjentes det uvirkelig, forteller TV-profil Katarina Flatland.\u00a0<\/p>\n<p>\n    N\u00c6RE: Katarina Flatland mistet moren sin tidligere i \u00e5r, etter en lenger kamp mot kreft. N\u00e5 forteller hun om tapet. Foto: Instagram \/ @katarinaflatland\n  <\/p>\n<p>I februar delte programleder og lege Katarina Flatland (36) nyheten om at moren hennes, Anne-Lise Flatland, <a href=\"https:\/\/www.seher.no\/kjendis\/deler-sorgelig-beskjed\/82628671\" rel=\"nofollow noopener\" target=\"_blank\">hadde g\u00e5tt bort<\/a>.\u00a0<\/p>\n<p> \u00abDet f\u00f8les uvirkelig \u00e5 skrive dette. V\u00e5r umistelige mamma sovnet stille inn i g\u00e5r kveld, mens vi klemte p\u00e5 henne en aller siste gang. Hjertene v\u00e5re er knust, og sorgen f\u00f8les bunnl\u00f8s\u00bb, skrev hun p\u00e5\u00a0<a href=\"https:\/\/www.instagram.com\/p\/DFvSmlUoDQz\/?hl=nb\" rel=\"nofollow noopener\" target=\"_blank\">Instagram<\/a>.<\/p>\n<p> I podkasten til Ida Fladen (36), <a href=\"https:\/\/podme.com\/no\/podkast\/ida-med-hjertet-i-handen\/\" rel=\"nofollow noopener\" target=\"_blank\">\u00abIda med hjertet i h\u00e5nden\u00bb<\/a>,\u00a0forteller n\u00e5 programlederen \u00e5pent om tiden etterp\u00e5.\u00a0<\/p>\n<p>        I SORG: \u00abBoksen\u00bb-aktuelle Katarina Flatland \u00e5pner opp om sorgen etter at moren Anne-Lise gikk bort i februar, 67 \u00e5r gammel. <\/p>\n<p>Ble syk igjen etter 13 \u00e5r\t<\/p>\n<p> Anne-Lise var gift med programlederlegenden Hallvard Flatland (68), og sammen fikk de d\u00f8trene Katarina og Bettina Flatland (37). <\/p>\n<p>I 2010 ble Anne-Lise diagnostisert med brystkreft, og tre \u00e5r etter ble ogs\u00e5 ektemannen Hallvard kreftsyk. Han ble rammet av en sjelden form for lymfekreft og\u00a0l\u00e5 tre m\u00e5neder i koma.\u00a0<\/p>\n<p>&#8211; Jeg er bare veldig, veldig forn\u00f8yd og glad for at jeg overlevde, for det er jo etter det som skjedde med meg at barnebarna har dukket opp. Jeg ville g\u00e5tt glipp av s\u00e5 mye om jeg hadde sagt takk og farvel der, sa han til <a href=\"https:\/\/www.seher.no\/kjendis\/skulle-egentlig-ikke-vaert-her\/76023713\" rel=\"nofollow noopener\" target=\"_blank\">Se og H\u00f8r<\/a> i etterkant.\u00a0<\/p>\n<p>    <a itemprop=\"url\" href=\"https:\/\/www.seher.no\/kjendis\/moren-alvorlig-kreftsyk\/80997452\" rel=\"nofollow noopener\" target=\"_blank\"><\/p>\n<p>      <img loading=\"lazy\" decoding=\"async\" src=\"https:\/\/www.europesays.com\/no\/wp-content\/uploads\/2025\/11\/80998480.webp\" width=\"147\" height=\"98\" title=\"Moren alvorlig kreftsyk\" alt=\"\" class=\"lazyload\" style=\"--aspect-ratio-image: 1.50; \"\/><\/p>\n<p>        Moren alvorlig kreftsyk<\/p>\n<p>    <\/a><\/p>\n<p> 13 \u00e5r etter at kreftsykdommen f\u00f8rst rammet familien Flatland, ble Anne-Lise kreftsyk for andre gang.\u00a0<\/p>\n<p>          <img loading=\"lazy\" decoding=\"async\" src=\"https:\/\/www.europesays.com\/no\/wp-content\/uploads\/2025\/11\/83165899.webp\" width=\"686\" height=\"632\" title=\"FAMILIEN: Katarina Flatland, Anne-Lise Flatland og Hallvard Flatland. Foto: Tore Skaar \/ Se og H\u00f8r\" alt=\"\" class=\"\" style=\"--aspect-ratio-image: 1.09; \"\/><\/p>\n<p>\n          FAMILIEN: Katarina Flatland, Anne-Lise Flatland og Hallvard Flatland. Foto: Tore Skaar \/ Se og H\u00f8r\n      <\/p>\n<p>\u00ab2023 ble et ufattelig t\u00f8ft \u00e5r med sykdom, og vi har igjen kjent p\u00e5 hvilken klippe du er for oss og alle rundt deg. Du st\u00e5r p\u00e5 som ingen andre, og stiller opp for oss &#8211; og det til tross for at det n\u00e5 er du som trenger heiarop og st\u00f8tte p\u00e5 veien\u00bb, skrev programlederen i et innlegg p\u00e5 Instagram.\u00a0<\/p>\n<p>        T\u00c5RER: Tale Torp Torjussen tar til t\u00e5rene under framf\u00f8ringen p\u00e5 Skal vi danse.<\/p>\n<p>&#8211; Rett og slett uvirkelig\t<\/p>\n<p>Katarina forteller at hun reagerte med vantro da kreften dukket opp for tredje gang i familien.\u00a0<\/p>\n<p class=\"font-weight-bold m-font-weight-bold\" data-lab-font_weight=\"font-weight-bold\">&#8211; Det f\u00f8ltes rett og slett bare veldig uvirkelig at det skjedde oss igjen. Og s\u00e5 ble det veldig tidlig avklart at dette var kommet s\u00e5 langt at ikke det ville kunne kureres, sier hun om sjokket.\u00a0<\/p>\n<p>    <a itemprop=\"url\" href=\"https:\/\/www.seher.no\/kjendis\/skulle-egentlig-ikke-vaert-her\/76023713\" rel=\"nofollow noopener\" target=\"_blank\"><\/p>\n<p>      <img loading=\"lazy\" decoding=\"async\" src=\"https:\/\/www.europesays.com\/no\/wp-content\/uploads\/2025\/11\/76001186.webp\" width=\"980\" height=\"441\" title=\"- Skulle egentlig ikke v\u00e6rt her\" alt=\"\" class=\"lazyload\" style=\"--aspect-ratio-image: 2.22; \"\/><\/p>\n<p>        &#8211; Skulle egentlig ikke v\u00e6rt her<\/p>\n<p>    <\/a><\/p>\n<p class=\"italic m-italic\" data-lab-italic=\"italic\">Se og H\u00f8r har tatt kontakt med Katarina Flatland i forbindelse med saken, forel\u00f8pig uten hell.\u00a0<\/p>\n<p>Mens moren var syk deltok Katarina p\u00e5 TV 2-programmet \u00abBoksen\u00bb. Der bodde hun p\u00e5 rom sammen med programleder og podkastvert Fladen.\u00a0<\/p>\n<p>          <img loading=\"lazy\" decoding=\"async\" src=\"https:\/\/www.europesays.com\/no\/wp-content\/uploads\/2025\/11\/83841668.webp\" width=\"686\" height=\"686\" title=\"ST\u00d8TTE: Da Katarina Flatland og Ida Fladen deltok i TV-programmet \u00abBoksen\u00bb sammen bodde de p\u00e5 samme rom. Der ble det tid til flere dype samtaler, forteller de. Foto: Thomas Fure \/ NTB\" alt=\"\" class=\"\" style=\"--aspect-ratio-image: 1.00; \"\/><\/p>\n<p>\n          ST\u00d8TTE: Da Katarina Flatland og Ida Fladen deltok i TV-programmet \u00abBoksen\u00bb sammen bodde de p\u00e5 samme rom. Der ble det tid til flere dype samtaler, forteller de. Foto: Thomas Fure \/ NTB\n      <\/p>\n<p>&#8211; Dessverre er situasjonen slik at vi ikke kan planlegge s\u00e5 mye hyggelig akkurat n\u00e5. Men vi er jo, som familie, veldig gode p\u00e5 \u00e5 finne tid til \u00e5 v\u00e6re sammen. S\u00e5 det blir mye familie framover, og det er det viktigste, sa hun under pressetreffet til TV-programmet.<\/p>\n<p>Fladen r\u00f8per i podkasten at de to snakket om moren til Katarina mens de var p\u00e5 innspillingen sammen i Stavanger. Der oppfordret Fladen henne til \u00e5 snakke med moren om det som ventet.\u00a0<\/p>\n<p class=\"font-weight-bold m-font-weight-bold\" data-lab-font_weight=\"font-weight-bold\">&#8211;\u00a0Hun hadde fortjent at man resten av livet bare fortalte henne hvor fantastisk hun var, og hva hun betydde for oss, p\u00e5 en m\u00e5te.\u00a0En samtale eller to samtaler kunne ikke summere opp hennes verdi for meg. Men jeg fikk i hvert fall sagt mye av det jeg ville si, forteller Katarina.\u00a0<\/p>\n<p> Etter morens bortgang beskriver hun en stillhet som var vanskelig \u00e5 fylle. <\/p>\n<p>          <img loading=\"lazy\" decoding=\"async\" src=\"https:\/\/www.europesays.com\/no\/wp-content\/uploads\/2025\/11\/81625611.webp\" width=\"686\" height=\"673\" title=\"HYLLEST: Katarina Flatland og mannen Harald Dobloug har v\u00e6rt sammen i 15 \u00e5r. Foto: Instagram \/ @katarinaflatland\" alt=\"\" class=\"\" style=\"--aspect-ratio-image: 1.02; \"\/><\/p>\n<p>\n          HYLLEST: Katarina Flatland og mannen Harald Dobloug har v\u00e6rt sammen i 15 \u00e5r. Foto: Instagram \/ @katarinaflatland\n      <\/p>\n<p> Hun forteller at hun ganske raskt etterp\u00e5 m\u00e5tte be om at ektemannen Harald Dobloug (36) tok p\u00e5 seg en ny rolle.<\/p>\n<p>&#8211; Omsorgspersonen i mamma er borte, liksom. Og jeg skj\u00f8nner at du ikke kan bli henne, men du m\u00e5 ta p\u00e5 deg mer den omsorgsrollen, forteller hun.\u00a0<\/p>\n<p><script async src=\"\/\/www.instagram.com\/embed.js\"><\/script><\/p>\n","protected":false},"excerpt":{"rendered":"Katarina Flatland:\u00a0 Da kreften rammet familien for tredje gang kjentes det uvirkelig, forteller TV-profil Katarina Flatland.\u00a0 N\u00c6RE: Katarina&hellip;\n","protected":false},"author":2,"featured_media":85901,"comment_status":"","ping_status":"","sticky":false,"template":"","format":"standard","meta":{"footnotes":""},"categories":[58],"tags":[7181,71,6553,7196,7182,479,2543,30,28,29,72],"class_list":{"0":"post-85900","1":"post","2":"type-post","3":"status-publish","4":"format-standard","5":"has-post-thumbnail","7":"category-underholdning","8":"tag-anne-lise-flatland","9":"tag-entertainment","10":"tag-hallvard-flatland","11":"tag-ida-fladen","12":"tag-katarina-flatland","13":"tag-kjendis","14":"tag-kjendisdesken","15":"tag-no","16":"tag-norge","17":"tag-norway","18":"tag-underholdning"},"share_on_mastodon":{"url":"https:\/\/pubeurope.com\/@no\/115541421940529398","error":""},"_links":{"self":[{"href":"https:\/\/www.europesays.com\/no\/wp-json\/wp\/v2\/posts\/85900","targetHints":{"allow":["GET"]}}],"collection":[{"href":"https:\/\/www.europesays.com\/no\/wp-json\/wp\/v2\/posts"}],"about":[{"href":"https:\/\/www.europesays.com\/no\/wp-json\/wp\/v2\/types\/post"}],"author":[{"embeddable":true,"href":"https:\/\/www.europesays.com\/no\/wp-json\/wp\/v2\/users\/2"}],"replies":[{"embeddable":true,"href":"https:\/\/www.europesays.com\/no\/wp-json\/wp\/v2\/comments?post=85900"}],"version-history":[{"count":0,"href":"https:\/\/www.europesays.com\/no\/wp-json\/wp\/v2\/posts\/85900\/revisions"}],"wp:featuredmedia":[{"embeddable":true,"href":"https:\/\/www.europesays.com\/no\/wp-json\/wp\/v2\/media\/85901"}],"wp:attachment":[{"href":"https:\/\/www.europesays.com\/no\/wp-json\/wp\/v2\/media?parent=85900"}],"wp:term":[{"taxonomy":"category","embeddable":true,"href":"https:\/\/www.europesays.com\/no\/wp-json\/wp\/v2\/categories?post=85900"},{"taxonomy":"post_tag","embeddable":true,"href":"https:\/\/www.europesays.com\/no\/wp-json\/wp\/v2\/tags?post=85900"}],"curies":[{"name":"wp","href":"https:\/\/api.w.org\/{rel}","templated":true}]}}