{"id":85925,"date":"2025-11-13T08:47:09","date_gmt":"2025-11-13T08:47:09","guid":{"rendered":"https:\/\/www.europesays.com\/no\/85925\/"},"modified":"2025-11-13T08:47:09","modified_gmt":"2025-11-13T08:47:09","slug":"byradet-i-oslo-blar-opp-millioner-mot-ungdomskrim-satser-pa-forebygging","status":"publish","type":"post","link":"https:\/\/www.europesays.com\/no\/85925\/","title":{"rendered":"Byr\u00e5det i Oslo blar opp millioner mot ungdomskrim \u2013 satser p\u00e5 forebygging"},"content":{"rendered":"\n<p class=\"_lead_o9xde_2 _lead_xtcu6_50 layout-component text-serif-m layout-normal text-serif-l layout-component layout-wide layout-padded _wide_17hqh_1 layout-padded\">Byr\u00e5det i Oslo \u00f8ker satsingen mot ungdomskriminalitet med 123 millioner kroner.<\/p>\n<p><img alt=\"UNGDOMSKRIMINALITET: Knust rute etter h\u00e5ndgranatkastingen i Pilestredet i Oslo tidligere i \u00e5r. N\u00e5 skal byr\u00e5det ta grep. Foto: Hallgeir V\u00e5genes \/ VG\" class=\"_image_qp4xg_65 layout-component layout-wide\" data-fullscreen- data-track-element-type=\"Article image fullscreen\" data-track-name=\"ImageFullscreen\" fetchpriority=\"high\" decoding=\"sync\" loading=\"eager\" height=\"4000\" itemprop=\"image\"  src=\"https:\/\/www.europesays.com\/no\/wp-content\/uploads\/2025\/11\/a9a8d88b-2802-4116-b8c5-b6d0299281a3\"  style=\"object-position:0% 0%\" width=\"5537\"\/>UNGDOMSKRIMINALITET: Knust rute etter h\u00e5ndgranatkastingen i Pilestredet i Oslo tidligere i \u00e5r. N\u00e5 skal byr\u00e5det ta grep. Foto: Hallgeir V\u00e5genes \/ VG<\/p>\n<ul aria-hidden=\"true\" class=\"_images_18f0k_111\">\n<li><a class=\"_link_18f0k_116\" href=\"https:\/\/www.vg.no\/forfatter\/ntb\" style=\"z-index:1\" title=\"NTB\" rel=\"nofollow noopener\" target=\"_blank\"><img alt=\"Bilde av NTB\" class=\"_image_18f0k_93\" fetchpriority=\"low\" loading=\"lazy\" decoding=\"async\" itemprop=\"image\"  src=\"https:\/\/www.europesays.com\/no\/wp-content\/uploads\/2025\/11\/1763023629_896_c33980b0-5d07-4027-84a1-813f90a7c8d6\"  width=\"480\"\/><\/a><\/li>\n<\/ul>\n<p> Oppdatert torsdag 13. november kl. 09:14     <\/p>\n<p class=\"_paragraph_o9xde_4 _paragraph_xtcu6_10 layout-component text-serif-m layout-normal text-serif-m layout-padded\">Tiltakene strekker seg fra tidlig forebygging p\u00e5 skole, fritidsklubber og deltidsjobber \u2013 til en-til-en-oppf\u00f8lging og avhopperprogram for dem som vil ut av et kriminelt milj\u00f8, skriver byr\u00e5det i en pressemelding.<\/p>\n<p class=\"_paragraph_o9xde_4 _paragraph_xtcu6_10 layout-component text-serif-m layout-normal text-serif-m layout-padded\">\u2013 Lovbryterne blir yngre, kriminaliteten blir grovere. Dette er totalt uakseptabelt og en skremmende utvikling som ikke kan fortsette. Oslo er en trygg by for de aller fleste, men vi er ogs\u00e5 n\u00f8dt til \u00e5 ta grep for at det fortsatt skal v\u00e6re slik, sier byr\u00e5dsleder <a href=\"https:\/\/www.vg.no\/tag\/eirik-lae-solberg?utm_source=vg-article&amp;utm_medium=auto-tagger&amp;utm_campaign=rPvja0\" class=\"_link_o9xde_39\" rel=\"nofollow noopener\" target=\"_blank\">Eirik Lae Solberg<\/a> (H). <\/p>\n<p><img alt=\"BLAR OPP: Byr\u00e5det \u00e5pner lommeboken for \u00e5 f\u00e5 bukt med ungdomskriminalitet i hovedstaden. Byr\u00e5dsleder Eirik Lae Solberg i midten, inansbyr\u00e5d Hallstein Bjercke (V) til venstre og enhetsleder fra politiet John Roger Lund.  Foto: Ole Berg-Rusten \/ NTB\" class=\"_image_qp4xg_65 layout-component layout-normal\" data-fullscreen- data-track-element-type=\"Article image fullscreen\" data-track-name=\"ImageFullscreen\" decoding=\"async\" loading=\"lazy\" height=\"5581\" itemprop=\"image\"  src=\"https:\/\/www.europesays.com\/no\/wp-content\/uploads\/2025\/11\/740adad0-a3d6-456d-807c-2c69a1b8b17a\"  style=\"object-position:0% 0%\" width=\"8372\"\/>BLAR OPP: Byr\u00e5det \u00e5pner lommeboken for \u00e5 f\u00e5 bukt med ungdomskriminalitet i hovedstaden. Byr\u00e5dsleder Eirik Lae Solberg i midten, inansbyr\u00e5d Hallstein Bjercke (V) til venstre og enhetsleder fra politiet John Roger Lund.  Foto: Ole Berg-Rusten \/ NTB<\/p>\n<p class=\"_paragraph_o9xde_4 _paragraph_xtcu6_10 layout-component text-serif-m layout-normal text-serif-m layout-padded\">\u2013 Barna v\u00e5re skal ikke havne i kl\u00f8rne til kyniske kriminelle. For \u00e5 f\u00e5 til dette er vi avhengig av en rekke tiltak og samarbeid med politiet, sier han.<\/p>\n<p class=\"_paragraph_o9xde_4 _paragraph_xtcu6_10 layout-component text-serif-m layout-normal text-serif-m layout-padded\">Tiltakene ble lagt fram p\u00e5 et m\u00f8te i Oslo torsdag der ogs\u00e5 finansbyr\u00e5d Hallstein Bjercke (V) og enhetsleder John Roger Lund fra Oslo-politiet deltar.<\/p>\n","protected":false},"excerpt":{"rendered":"Byr\u00e5det i Oslo \u00f8ker satsingen mot ungdomskriminalitet med 123 millioner kroner. UNGDOMSKRIMINALITET: Knust rute etter h\u00e5ndgranatkastingen i Pilestredet&hellip;\n","protected":false},"author":2,"featured_media":85926,"comment_status":"","ping_status":"","sticky":false,"template":"","format":"standard","meta":{"footnotes":""},"categories":[10],"tags":[20,21,2533,4926,24,25,15,22,23,13,30,28,29,14,636,16,26,27,3813],"class_list":{"0":"post-85925","1":"post","2":"type-post","3":"status-publish","4":"format-standard","5":"has-post-thumbnail","7":"category-norge","8":"tag-breaking-news","9":"tag-breakingnews","10":"tag-byradet-i-oslo","11":"tag-eirik-lae-solberg","12":"tag-featured-news","13":"tag-featurednews","14":"tag-headlines","15":"tag-latest-news","16":"tag-latestnews","17":"tag-news","18":"tag-no","19":"tag-norge","20":"tag-norway","21":"tag-nyheter","22":"tag-oslo","23":"tag-overskrifter","24":"tag-top-stories","25":"tag-topstories","26":"tag-ungdomskriminalitet"},"share_on_mastodon":{"url":"https:\/\/pubeurope.com\/@no\/115541524302988405","error":""},"_links":{"self":[{"href":"https:\/\/www.europesays.com\/no\/wp-json\/wp\/v2\/posts\/85925","targetHints":{"allow":["GET"]}}],"collection":[{"href":"https:\/\/www.europesays.com\/no\/wp-json\/wp\/v2\/posts"}],"about":[{"href":"https:\/\/www.europesays.com\/no\/wp-json\/wp\/v2\/types\/post"}],"author":[{"embeddable":true,"href":"https:\/\/www.europesays.com\/no\/wp-json\/wp\/v2\/users\/2"}],"replies":[{"embeddable":true,"href":"https:\/\/www.europesays.com\/no\/wp-json\/wp\/v2\/comments?post=85925"}],"version-history":[{"count":0,"href":"https:\/\/www.europesays.com\/no\/wp-json\/wp\/v2\/posts\/85925\/revisions"}],"wp:featuredmedia":[{"embeddable":true,"href":"https:\/\/www.europesays.com\/no\/wp-json\/wp\/v2\/media\/85926"}],"wp:attachment":[{"href":"https:\/\/www.europesays.com\/no\/wp-json\/wp\/v2\/media?parent=85925"}],"wp:term":[{"taxonomy":"category","embeddable":true,"href":"https:\/\/www.europesays.com\/no\/wp-json\/wp\/v2\/categories?post=85925"},{"taxonomy":"post_tag","embeddable":true,"href":"https:\/\/www.europesays.com\/no\/wp-json\/wp\/v2\/tags?post=85925"}],"curies":[{"name":"wp","href":"https:\/\/api.w.org\/{rel}","templated":true}]}}