{"id":85927,"date":"2025-11-13T08:48:10","date_gmt":"2025-11-13T08:48:10","guid":{"rendered":"https:\/\/www.europesays.com\/no\/85927\/"},"modified":"2025-11-13T08:48:10","modified_gmt":"2025-11-13T08:48:10","slug":"hvem-vil-ikke-jobbe-med-erling-haaland-igjen","status":"publish","type":"post","link":"https:\/\/www.europesays.com\/no\/85927\/","title":{"rendered":"\u2013 Hvem vil ikke jobbe med Erling Haaland igjen?"},"content":{"rendered":"\n<p class=\"_lead_o9xde_2 _lead_xtcu6_50 layout-component text-serif-m layout-normal text-serif-l layout-component layout-wide layout-padded _wide_17hqh_1 layout-padded\">Ole Gunnar Solskj\u00e6r (52) forteller om b\u00e5de Besiktas-sparkingen og dr\u00f8mmen om \u00e5 lede Norges landslag i en ny podkast.<\/p>\n<p><img alt=\" Foto: Besiktas JK \/ Besiktas JK\" class=\"_image_qp4xg_65 layout-component layout-wide\" data-fullscreen- data-track-element-type=\"Article image fullscreen\" data-track-name=\"ImageFullscreen\" fetchpriority=\"high\" decoding=\"sync\" loading=\"eager\" height=\"980\" itemprop=\"image\"  src=\"https:\/\/www.europesays.com\/no\/wp-content\/uploads\/2025\/11\/79820fe9-07e6-4511-aef1-3953855ea388\"  style=\"object-position:0% 0%\" width=\"785\"\/> Foto: Besiktas JK \/ Besiktas JK<\/p>\n<ul aria-hidden=\"true\" class=\"_images_18f0k_111\">\n<li><a class=\"_link_18f0k_116\" href=\"https:\/\/www.vg.no\/forfatter\/mikal-aaserud\" style=\"z-index:2\" title=\"Mikal Emil Aaserud\" rel=\"nofollow noopener\" target=\"_blank\"><img alt=\"Bilde av Mikal Emil Aaserud\" class=\"_image_18f0k_93\" fetchpriority=\"low\" loading=\"lazy\" decoding=\"async\" itemprop=\"image\"  src=\"https:\/\/www.europesays.com\/no\/wp-content\/uploads\/2025\/11\/1763023689_38_1f4bb18c-b7b1-46ba-9b49-79ae6afd7bbd\"  width=\"480\"\/><\/a><\/li>\n<li><a class=\"_link_18f0k_116\" href=\"https:\/\/www.vg.no\/forfatter\/synne-sofie-christiansen-2\" style=\"z-index:1\" title=\"Synne Sofie Christiansen\" rel=\"nofollow noopener\" target=\"_blank\"><img alt=\"Bilde av Synne Sofie Christiansen\" class=\"_image_18f0k_93\" fetchpriority=\"low\" loading=\"lazy\" decoding=\"async\" itemprop=\"image\"  src=\"https:\/\/www.europesays.com\/no\/wp-content\/uploads\/2025\/11\/1763023690_311_8d683f6f-f2ba-47ca-8bcc-2db625b33cb1\"  width=\"480\"\/><\/a><\/li>\n<\/ul>\n<p> Oppdatert torsdag 13. november kl. 09:47     <\/p>\n<p class=\"_paragraph_o9xde_4 _paragraph_xtcu6_10 layout-component text-serif-m layout-normal text-serif-m layout-padded\">Der f\u00e5r han sp\u00f8rsm\u00e5l av Paul Scholes \u2013 Manchester United-legende og Solskj\u00e6rs tidligere lagkompis \u2013 om Norge-jobben er noe han har lyst p\u00e5.<\/p>\n<p class=\"_paragraph_o9xde_4 _paragraph_xtcu6_10 layout-component text-serif-m layout-normal text-serif-m layout-padded\"><strong class=\"_strong_o9xde_25\">\u2013 Selvf\u00f8lgelig. Vi har en god trener, St\u00e5le. Vi er p\u00e5 vei til VM. Men hvis han en dag ikke signerer en ny avtale, selvf\u00f8lgelig. Hvem vil ikke jobbe med Erling Haaland igjen? svarer Solskj\u00e6r. <\/strong><\/p>\n<p class=\"_paragraph_o9xde_4 _paragraph_xtcu6_10 layout-component text-serif-m layout-normal text-serif-m layout-padded\">Et svar <a href=\"https:\/\/www.tv2.no\/sport\/fotball\/solskjaer-onsker-norge-jobben\/18284772\/\" class=\"_link_o9xde_39\" rel=\"nofollow noopener\" target=\"_blank\">TV 2<\/a> omtalte f\u00f8rst.<\/p>\n<p class=\"_paragraph_o9xde_4 _paragraph_xtcu6_10 layout-component text-serif-m layout-normal text-serif-m layout-padded\">St\u00e5le Solbakkens kontrakt g\u00e5r i utgangspunktet ut i 2025, men fortsetter dersom Norge tar seg til VM i 2026. Et scenario som n\u00e5 er sv\u00e6rt sannsynlig med seier mot Estland torsdag kveld.<\/p>\n<p class=\"_paragraph_o9xde_4 _paragraph_xtcu6_10 layout-component text-serif-m layout-normal text-serif-m layout-padded\">Det er for \u00f8vrig f\u00f8rste gang 52-\u00e5r gamle Solskj\u00e6r svarer p\u00e5 sp\u00f8rsm\u00e5l etter at han <a href=\"https:\/\/www.vg.no\/sport\/i\/PpMw3e\/ole-gunnar-solskjaer-er-ferdig-i-besiktas-ikke-noen-bombe\" data-track-element-type=\"Link\" data-track-id=\"link:PpMw3e\" class=\"_link_o9xde_39\" rel=\"nofollow noopener\" target=\"_blank\">i sommer ble sparket i den tyrkiske storklubben Besiktas etter at klubben r\u00f8k ut av Conference League.<\/a><\/p>\n<p class=\"_paragraph_o9xde_4 _paragraph_xtcu6_10 layout-component text-serif-m layout-normal text-serif-m layout-padded\">Han hadde jobben i 221 dager f\u00f8r det var over.<\/p>\n<p class=\"_paragraph_o9xde_4 _paragraph_xtcu6_10 layout-component text-serif-m layout-normal text-serif-m layout-padded\">\u2013 Det var en berg-og-dalbane, men det var absolutt fantastisk. Folk er s\u00e5 lidenskapelige, p\u00e5 godt og vondt. \u00c5 bo i Istanbul og folket der, var fantastisk. Men det var ikke nok. Jeg tror ikke jeg var riktig mann. Jeg h\u00e5pte at jeg skulle gi stabilitet, men det fungerte ikke, sier Solskj\u00e6r om tiden i Tyrkia.<\/p>\n<p class=\"_paragraph_o9xde_4 _paragraph_xtcu6_10 layout-component text-serif-m layout-normal text-serif-m layout-padded\">\u2013 Jeg er en rolig person, men de er veldig h\u00f8yt oppe n\u00e5r de vinner og veldig langt nede n\u00e5r de taper. Jeg er aldri h\u00f8yt og lavt. Jeg h\u00e5pte at jeg kunne f\u00e5 dem over p\u00e5 min side, men de var s\u00e5 lidenskapelige. Tapte vi en kamp, var det som om noen hadde d\u00f8dd. Og n\u00e5r vi vant, var det som en fest.<\/p>\n<p class=\"_paragraph_o9xde_4 _paragraph_xtcu6_10 layout-component text-serif-m layout-normal text-serif-m layout-padded\">Mest interessert er programlederne i \u00abhva som skjer n\u00e5\u00bb.<\/p>\n<p class=\"_paragraph_o9xde_4 _paragraph_xtcu6_10 layout-component text-serif-m layout-normal text-serif-m layout-padded\">\u2013  Jeg er ikke desperat etter \u00e5 komme tilbake, men jeg kan v\u00e6re det, sier Solskj\u00e6r om manageryrket.<\/p>\n<p class=\"_paragraph_o9xde_4 _paragraph_xtcu6_10 layout-component text-serif-m layout-normal text-serif-m layout-padded\">Han kommenterer ryktene og om han faktisk var var aktuell for den skotske storklubben Rangers. Solskj\u00e6r avkrefter at han selv snakket med dem, men at agenten gjorde det.<\/p>\n<p class=\"_paragraph_o9xde_4 _paragraph_xtcu6_10 layout-component text-serif-m layout-normal text-serif-m layout-padded\">52-\u00e5ringen f\u00e5r ogs\u00e5 sp\u00f8rsm\u00e5l om det er England som er prioritert n\u00e5r han n\u00e5 \u00f8nsker seg en ny jobb og svarer at han \u00abelsker \u00e5 bo der\u00bb.<\/p>\n<p class=\"_paragraph_o9xde_4 _paragraph_xtcu6_10 layout-component text-serif-m layout-normal text-serif-m layout-padded\">P\u00e5 sp\u00f8rsm\u00e5l om Championship er aktuelt, det vil si niv\u00e5 to i England, svarer han slik:<\/p>\n<p class=\"_paragraph_o9xde_4 _paragraph_xtcu6_10 layout-component text-serif-m layout-normal text-serif-m layout-padded\">\u2013 Jeg er en fotballmann, om det er Norge, Sverige eller hvor enn det er. Det handler om \u00e5 jobbe med folk og jeg pr\u00f8ver \u00e5 f\u00e5 dem til \u00e5 bli den beste versjonen av seg selv.<\/p>\n<p class=\"_paragraph_o9xde_4 _paragraph_xtcu6_10 layout-component text-serif-m layout-normal text-serif-m layout-padded\">P\u00e5 sp\u00f8rsm\u00e5l om han kunne tatt over en klubb i nedre sjiktet i Championship, svarer Solskj\u00e6r at han alltid \u00abhar likt \u00e5 kjempe mot oddsen\u00bb.<\/p>\n<p class=\"_paragraph_o9xde_4 _paragraph_xtcu6_10 layout-component text-serif-m layout-normal text-serif-m layout-padded\">VG utvider saken.<\/p>\n","protected":false},"excerpt":{"rendered":"Ole Gunnar Solskj\u00e6r (52) forteller om b\u00e5de Besiktas-sparkingen og dr\u00f8mmen om \u00e5 lede Norges landslag i en ny&hellip;\n","protected":false},"author":2,"featured_media":85928,"comment_status":"","ping_status":"","sticky":false,"template":"","format":"standard","meta":{"footnotes":""},"categories":[5],"tags":[20,21,24,25,15,19,22,23,17,18,13,30,28,29,14,505,16,26,27],"class_list":{"0":"post-85927","1":"post","2":"type-post","3":"status-publish","4":"format-standard","5":"has-post-thumbnail","7":"category-overskrifter","8":"tag-breaking-news","9":"tag-breakingnews","10":"tag-featured-news","11":"tag-featurednews","12":"tag-headlines","13":"tag-hovedoppslag","14":"tag-latest-news","15":"tag-latestnews","16":"tag-main-news","17":"tag-mainnews","18":"tag-news","19":"tag-no","20":"tag-norge","21":"tag-norway","22":"tag-nyheter","23":"tag-ole-gunnar-solskjaer","24":"tag-overskrifter","25":"tag-top-stories","26":"tag-topstories"},"share_on_mastodon":{"url":"https:\/\/pubeurope.com\/@no\/115541528274060125","error":""},"_links":{"self":[{"href":"https:\/\/www.europesays.com\/no\/wp-json\/wp\/v2\/posts\/85927","targetHints":{"allow":["GET"]}}],"collection":[{"href":"https:\/\/www.europesays.com\/no\/wp-json\/wp\/v2\/posts"}],"about":[{"href":"https:\/\/www.europesays.com\/no\/wp-json\/wp\/v2\/types\/post"}],"author":[{"embeddable":true,"href":"https:\/\/www.europesays.com\/no\/wp-json\/wp\/v2\/users\/2"}],"replies":[{"embeddable":true,"href":"https:\/\/www.europesays.com\/no\/wp-json\/wp\/v2\/comments?post=85927"}],"version-history":[{"count":0,"href":"https:\/\/www.europesays.com\/no\/wp-json\/wp\/v2\/posts\/85927\/revisions"}],"wp:featuredmedia":[{"embeddable":true,"href":"https:\/\/www.europesays.com\/no\/wp-json\/wp\/v2\/media\/85928"}],"wp:attachment":[{"href":"https:\/\/www.europesays.com\/no\/wp-json\/wp\/v2\/media?parent=85927"}],"wp:term":[{"taxonomy":"category","embeddable":true,"href":"https:\/\/www.europesays.com\/no\/wp-json\/wp\/v2\/categories?post=85927"},{"taxonomy":"post_tag","embeddable":true,"href":"https:\/\/www.europesays.com\/no\/wp-json\/wp\/v2\/tags?post=85927"}],"curies":[{"name":"wp","href":"https:\/\/api.w.org\/{rel}","templated":true}]}}