{"id":85937,"date":"2025-11-13T09:00:54","date_gmt":"2025-11-13T09:00:54","guid":{"rendered":"https:\/\/www.europesays.com\/no\/85937\/"},"modified":"2025-11-13T09:00:54","modified_gmt":"2025-11-13T09:00:54","slug":"melk-salg-salget-av-meieri-oker-spesielt-en-type-melk-skyter-i-vaeret","status":"publish","type":"post","link":"https:\/\/www.europesays.com\/no\/85937\/","title":{"rendered":"Melk, Salg | Salget av meieri \u00f8ker \u2013 spesielt \u00e9n type melk skyter i v\u00e6ret"},"content":{"rendered":"\n<p>Tall fra Opplysningskontoret for melk og meieriprodukter (MELK) viser at meierisalget holder seg stabilt h\u00f8yt \u2013 og at utviklingen n\u00e5 peker oppover i alle hovedkategorier.<\/p>\n<p>I tredje kvartal \u00f8kte melkesalget, og alle meierikategorier gikk opp sammenlignet med samme kvartal i 2024. Flere velger igjen melk, og interessen for naturlige og proteinrike produkter holder seg sterk.<\/p>\n<p>\u2013 Vi konkurrerer med mange typer drikker, men melk har en egen posisjon. Den h\u00f8rer hjemme p\u00e5 kj\u00f8kkenet, til frokost, i matlaging \u2013 og for mange ogs\u00e5 som drikke i hverdagen, sier Ida Berg Hauge, direkt\u00f8r i MELK.<\/p>\n<p>F\u00f8lger trendene<\/p>\n<p>Melkesalget \u00f8kte med 1,5 prosent i tredje kvartal. Helmelk vokste med 2,2 prosent og laktosejustert melk med 4,6 prosent. For \u00f8kologisk melk har salget \u00f8kt med s\u00e5 mye som 17 prosent siden samme tid i fjor.<\/p>\n<p>\u2013 Melk er et produkt folk stoler p\u00e5. Den brukes i alt fra frokostblanding til baking, og mange setter pris p\u00e5 smaken og enkelheten. Det er et \u00e6rlig produkt som passer i alle faser av livet, sier Berg Hauge.<\/p>\n<p>Flere av dagens mattrender trekker i samme retning som utviklingen i meierimarkedet. Folk \u00f8nsker mat laget av f\u00e5 ingredienser, med naturlig n\u00e6ring og tydelig opprinnelse.<\/p>\n<p>Samtidig har innovasjon, nye pakninger og flere varianter gjort melk og meieriprodukter mer tilgjengelige. Berg Hauge forteller at produkter som s\u00f8tmelk med smak uten tilsatt sukker har \u00f8kt mye.<\/p>\n<p>\u2013 N\u00e5r disse produktene har varianter som ikke har tilsatt sukker, s\u00e5 har det ogs\u00e5 blitt et hverdagsprodukt, ikke bare et \u00abkoseprodukt\u00bb. Forbrukerne bruker i st\u00f8rre grad dette som et produkt som er p\u00e5 bordet hver dag, ikke bare p\u00e5 farta og i spesielle anledninger.<\/p>\n<p>  <a href=\"https:\/\/www.nationen.no\/5-148-820143\" class=\"related-teaser has-image default-story-teaser article--c-eRUmMG article--c-eRUmMG-jKCPdD-design-default\" rel=\"nofollow noopener\" target=\"_blank\"><\/p>\n<p>    <img decoding=\"async\" loading=\"lazy\"  src=\"https:\/\/www.europesays.com\/no\/wp-content\/uploads\/2025\/11\/TineJ%C3%A6ren05.JPG\" alt=\"\" class=\"brick-c-cFOWSL\" style=\"\"\/><\/p>\n<p>\n            Les ogs\u00e5<\/p>\n<p>              Her er Tines r\u00e5d til mj\u00f8lkekvotar\n        <\/p>\n<p>  <\/a><br \/>\n  \u00d8kologisk i vinden<\/p>\n<p>Det er s\u00e6rlig \u00e9n type melk som har sett en kraftig \u00f8kning: \u00f8kologisk melk. Berg Hauge mener at det er \u00f8nsket om naturlige og ikke-prosesserte produkter som gj\u00f8r at folk velger det \u00f8kologiske.<\/p>\n<p>\u2013 Jeg tror en av hovedgrunnene er at det er trend mot det naturlige, og en oppmerksomhet mot ultraprosesserte matvarer. Motsatsen er at man \u00f8nsker seg de mest naturlige produktene, og \u00f8kologisk blir definert innenfor den kategorien. Helmelk \u00f8ker ogs\u00e5 mye, og det er ogs\u00e5 en del av det \u00f8nsket om \u00e5 ha mest mulig naturlige produkter. Samtidig er det viktig \u00e5 huske p\u00e5 at all melk like lite prosessert.<\/p>\n<p>Norsk \u00f8kologisk landbruk har hatt et sterkt \u00e5r. Landbruksdirektoratet ga i 2024 161,2 millioner kroner i direkte tilskudd til \u00f8kologisk landbruk, en \u00f8kning p\u00e5 over 13 millioner fra \u00e5ret f\u00f8r.<\/p>\n<p>Ogs\u00e5 \u00f8kologisk melkeproduksjon \u00f8kte i fjor. Det ble levert 43,6 millioner liter, 4,4 prosent mer enn i 2023. For f\u00f8rste gang ble over 30 millioner liter solgt til meieriene som \u00f8kologisk r\u00e5vare. Hele 69 prosent av den \u00f8kologiske melken ble solgt videre som \u00f8kologisk \u2013 en oppgang p\u00e5 3,1 prosentpoeng.<\/p>\n<p>Dette viser tall fra Landbruksdirektoratets <a href=\"https:\/\/www.landbruksdirektoratet.no\/nb\/nyhetsrom\/rapporter\/produksjon-av-okologiske-jordbruksvarer-2025\" rel=\"Follow nofollow noopener\" target=\"_blank\">rapport <\/a>fra mars i \u00e5r.<\/p>\n<p>Berg Hauge mener at \u00f8kning i salget av \u00f8kologisk melk ogs\u00e5 kan motivere til \u00f8kt produksjon av \u00f8kologisk melk.<\/p>\n<p><b>\u2013 Det kan jeg tenke meg at det vil. Utfordringen er at det ikke er bare bare \u00e5 legge om produksjonen. Det m\u00e5 jobbes med, men jeg kan tenke meg at det kan motivere til omlegging. <\/b><\/p>\n<p>  <a href=\"https:\/\/www.nationen.no\/5-148-819473\" class=\"related-teaser has-image default-story-teaser article--c-eRUmMG article--c-eRUmMG-jKCPdD-design-default\" rel=\"nofollow noopener\" target=\"_blank\"><\/p>\n<p>    <img decoding=\"async\" loading=\"lazy\"  src=\"https:\/\/www.europesays.com\/no\/wp-content\/uploads\/2025\/11\/mp10445456-young-perky-jersey-cow-in-denmark.jpg\" alt=\"\" class=\"brick-c-cFOWSL\" style=\"\"\/><\/p>\n<p>\n            Les ogs\u00e5<\/p>\n<p>              Fem kuer m\u00e5tte avlives p\u00e5 ti dager: Dansk bonden mener Bovaer har skylden\n        <\/p>\n<p>  <\/a><br \/>\n  Bryr seg om helse og milj\u00f8<\/p>\n<p>Annechen Bahr Bugge er ikke overrasket over \u00f8kningen. Hun er sosiolog og forsker p\u00e5 Forbruksforskningsinstituttet SIFO, og har over flere ti\u00e5r forsket p\u00e5 matkultur og matvaner.<\/p>\n<p>SIFOs forbrukerunders\u00f8kelser viser at folk er opptatte av det ekte, n\u00e6re autentiske og norskproduserte. Bahr Bugge synes at \u00f8kningen i salg av \u00f8kologisk melk er spesielt interessant.<\/p>\n<p>\u2013 Da vi i en unders\u00f8kelse stilte forbrukerne en rekke landbrukspolitiske sp\u00f8rsm\u00e5l, var vi veldig overrasket over engasjementet, interessen og ikke minst kunnskapen om disse problemstillingene.<\/p>\n<p>Deltakerne hadde blant annet f\u00e5tt med seg debatten om metanhemmere i f\u00f4ret til melkekyr. Unders\u00f8kelsen viste at kun 4 prosent av de spurte var positive til bruken av f\u00f4rtilskuddet. Bahr Bugge tenker at \u00f8kningen i salget av \u00f8kologisk melk kan v\u00e6re forbundet med dette.<\/p>\n<p>\u2013 Vi har i \u00f8kende grad blitt opptatte av at maten vi kj\u00f8per ikke skal ha negative konsekvenser, verken for egen helse eller omgivelsene \u2013 det v\u00e6re seg dyr og natur.<\/p>\n<p>  <a href=\"https:\/\/www.nationen.no\/5-148-820499\" class=\"related-teaser has-image default-story-teaser article--c-eRUmMG article--c-eRUmMG-jKCPdD-design-default\" rel=\"nofollow noopener\" target=\"_blank\"><\/p>\n<p>    <img decoding=\"async\" loading=\"lazy\"  src=\"https:\/\/www.europesays.com\/no\/wp-content\/uploads\/2025\/11\/6f8ec9c2-1072-4142-8d60-e723bfbb10ac.jfif\" alt=\"\" class=\"brick-c-cFOWSL\" style=\"\"\/><\/p>\n<p>\n            Les ogs\u00e5<\/p>\n<p>              Stans i bruken av Bovaer: \u2013 En klok avgj\u00f8relse\n        <\/p>\n<p>  <\/a><br \/>\n  Det eksotiske norske<\/p>\n<p>Fra yoghurt og ost til sm\u00f8r, fl\u00f8te og r\u00f8mme \u2013 alle kategorier \u00f8kte i tredje kvartal. Yoghurt hadde den sterkeste veksten (+13 %), fulgt av ost (+4,9 %), sm\u00f8r (+3,5 %), fl\u00f8te (+2,8 %) og r\u00f8mme (+0,3 %).<\/p>\n<p>Berg Hauge fra MELK mener dette vitner om et n\u00e6rt forhold mellom folk og melk, men at den samtidige veksten i hele bredden av meieriprodukter er noe man sjeldent ser.<\/p>\n<p>Bahr Bugge fra SIFO knytter det \u00f8kte salget til en \u00f8kt interesse for gamle tradisjonsretter og h\u00e5ndverksprodukter.<\/p>\n<p>\u2013 P\u00e5 80-tallet var pizza og kebab eksotisk og spennende. N\u00e5 er det h\u00e5ndverksprodukter og gamle tradisjoner som er mest eksotisk.<\/p>\n<p>Interessen for matlaging er h\u00f8y, og norskprodusert mat og norske tradisjonsretter har igjen kommet p\u00e5 agendaen. Hun mener at dette f\u00f8rer til \u00f8kning i salg av basisingredienser som melk, sm\u00f8r og r\u00f8mme.<\/p>\n<p>\u2013 N\u00e5r verden er urolig s\u00f8ker vi det autentiske og trygge. Det overrasker meg ikke mye.<\/p>\n<p>  <a href=\"https:\/\/www.nationen.no\/5-148-820482\" class=\"related-teaser has-image default-story-teaser article--c-eRUmMG article--c-eRUmMG-jKCPdD-design-default\" rel=\"nofollow noopener\" target=\"_blank\"><\/p>\n<p>    <img decoding=\"async\" loading=\"lazy\"  src=\"https:\/\/www.europesays.com\/no\/wp-content\/uploads\/2025\/11\/1763024454_988_cueres_scp-mangler_navn_5Shbd8PRyeE.jpg\" alt=\"\" class=\"brick-c-cFOWSL\" style=\"\"\/><\/p>\n<p>\n            Les ogs\u00e5<\/p>\n<p>              Landbruksministeren om Bovaer-pause: \u2013 Jeg er orientert\n        <\/p>\n<p>  <\/a><\/p>\n","protected":false},"excerpt":{"rendered":"Tall fra Opplysningskontoret for melk og meieriprodukter (MELK) viser at meierisalget holder seg stabilt h\u00f8yt \u2013 og at&hellip;\n","protected":false},"author":2,"featured_media":85938,"comment_status":"","ping_status":"","sticky":false,"template":"","format":"standard","meta":{"footnotes":""},"categories":[56],"tags":[36,60,61,737,3790,2278,62,30,28,29,10930,1510],"class_list":{"0":"post-85937","1":"post","2":"type-post","3":"status-publish","4":"format-standard","5":"has-post-thumbnail","7":"category-naeringsliv","8":"tag-art","9":"tag-business","10":"tag-economy","11":"tag-mat","12":"tag-meieri","13":"tag-melk","14":"tag-naeringsliv","15":"tag-no","16":"tag-norge","17":"tag-norway","18":"tag-salg","19":"tag-story"},"share_on_mastodon":{"url":"https:\/\/pubeurope.com\/@no\/115541579262422313","error":""},"_links":{"self":[{"href":"https:\/\/www.europesays.com\/no\/wp-json\/wp\/v2\/posts\/85937","targetHints":{"allow":["GET"]}}],"collection":[{"href":"https:\/\/www.europesays.com\/no\/wp-json\/wp\/v2\/posts"}],"about":[{"href":"https:\/\/www.europesays.com\/no\/wp-json\/wp\/v2\/types\/post"}],"author":[{"embeddable":true,"href":"https:\/\/www.europesays.com\/no\/wp-json\/wp\/v2\/users\/2"}],"replies":[{"embeddable":true,"href":"https:\/\/www.europesays.com\/no\/wp-json\/wp\/v2\/comments?post=85937"}],"version-history":[{"count":0,"href":"https:\/\/www.europesays.com\/no\/wp-json\/wp\/v2\/posts\/85937\/revisions"}],"wp:featuredmedia":[{"embeddable":true,"href":"https:\/\/www.europesays.com\/no\/wp-json\/wp\/v2\/media\/85938"}],"wp:attachment":[{"href":"https:\/\/www.europesays.com\/no\/wp-json\/wp\/v2\/media?parent=85937"}],"wp:term":[{"taxonomy":"category","embeddable":true,"href":"https:\/\/www.europesays.com\/no\/wp-json\/wp\/v2\/categories?post=85937"},{"taxonomy":"post_tag","embeddable":true,"href":"https:\/\/www.europesays.com\/no\/wp-json\/wp\/v2\/tags?post=85937"}],"curies":[{"name":"wp","href":"https:\/\/api.w.org\/{rel}","templated":true}]}}