{"id":85949,"date":"2025-11-13T09:15:15","date_gmt":"2025-11-13T09:15:15","guid":{"rendered":"https:\/\/www.europesays.com\/no\/85949\/"},"modified":"2025-11-13T09:15:15","modified_gmt":"2025-11-13T09:15:15","slug":"bovaer-dyrehelse-glad-for-at-dyra-slipper-a-spise-mer-av-det-kjemiske-stoffet-noen-puster-letta-ut","status":"publish","type":"post","link":"https:\/\/www.europesays.com\/no\/85949\/","title":{"rendered":"Bovaer, Dyrehelse | Glad for at dyra slipper \u00e5 spise mer av det kjemiske stoffet: \u2013 Noen puster letta ut"},"content":{"rendered":"\n<p>Kjellemo er leder av Telemark Bonde- og sm\u00e5bruklag, men er ikke melkebonde selv, men forteller at medlemmene er glade for nyheten som kom onsdag. Engasjementet mot Bovaer har engasjert spesielt sterkt i Telemark. B\u00e5de b\u00f8nder og forbrukere har protestert h\u00f8ylytt og offentlig.<\/p>\n<p>\u2013 Har f\u00e5tt tilbakemelding om at noen puster letta ut n\u00e5. Enn s\u00e5 lenge iallfall, sier han.<\/p>\n<p>  <a href=\"https:\/\/www.ta.no\/5-50-2190718\" class=\"related-teaser has-image default-story-teaser article--c-eRUmMG article--c-eRUmMG-jKCPdD-design-default\" rel=\"nofollow noopener\" target=\"_blank\"><\/p>\n<p>    <img decoding=\"async\" loading=\"lazy\"  src=\"https:\/\/www.europesays.com\/no\/wp-content\/uploads\/2025\/11\/DSC04113+%E2%80%93+Kopi.JPG\" alt=\"\" class=\"brick-c-cFOWSL\" style=\"\"\/><\/p>\n<p>\n            Les ogs\u00e5<\/p>\n<p>              Oppr\u00f8rte over eigne organisasjonar: \u2013 Me er kasta under bussen og f\u00f8ler oss lurt\n        <\/p>\n<p>  <\/a><\/p>\n<p>Bakgrunnen er at Danmark innf\u00f8rte Bovaer fra 1. oktober i \u00e5r og at over 200 danske b\u00f8nder allerede har meldt om at dyr har blitt syke og\/eller daua. Bovaer er et kjemisk stoff som gis til kuer for \u00e5 redusere klimautslipp. Virkestoffet hemmer et enzym i vomma, slik at kua danner mindre metan n\u00e5r den ford\u00f8yer maten.<\/p>\n<p>I Norge er Bovaer forel\u00f8pig en fors\u00f8ksordning der 100 b\u00f8nder pr\u00f8ver det ut. Sveinung Kjellemo sier at tre produsenter i Grenland og \u00e9n i Drangedal er med p\u00e5 fors\u00f8ket. Men etter nyheten om syke og d\u00f8de dyr i Danmark har fors\u00f8ket i Norge blitt midlertidig stanset, opplyser Norsk melker\u00e5vare, som er et heleid datterselskap av Tine. Det er forel\u00f8pig uavklart hvor lenge fors\u00f8ksordningen stanses, men det blir iallfall til jordbruksforhandlingene i 2026. I utgangspunktet skal Bovaer fases inn i norsk melkeproduksjon fra 2027, men n\u00e5 sp\u00f8rs det om denne beslutningen blir endret.<\/p>\n<p>\u2013 Hvis sunt, norsk bondevett seirer, blir det skrinlagt, sier Sveinung Kjellemo, som mener det er gjort altfor lite forskning p\u00e5 konsekvensene.<\/p>\n<p>\u2013 Det er per i dag ikke kjente negative effekter som har dokumentert sammenheng med bruk av Bovaer i Norge. Ut fra et f\u00f8re-var-prinsipp velger Norsk melker\u00e5vare, etter dialog med egne forskere tilknyttet MetanHUB, likevel \u00e5 ta en fot i bakken mens vi skaper mer innsikt, sier direkt\u00f8r i Norsk melker\u00e5vare, Johnny \u00d8deg\u00e5rd, i pressemeldingen de sendte ut onsdag.<\/p>\n<p>  <a href=\"https:\/\/www.ta.no\/5-50-2120758\" class=\"related-teaser has-image default-story-teaser article--c-eRUmMG article--c-eRUmMG-jKCPdD-design-default\" rel=\"nofollow noopener\" target=\"_blank\"><\/p>\n<p>    <img decoding=\"async\" loading=\"lazy\"  src=\"https:\/\/www.europesays.com\/no\/wp-content\/uploads\/2025\/11\/melk.JPG\" alt=\"\" class=\"brick-c-cFOWSL\" style=\"\"\/><\/p>\n<p>\n            Les ogs\u00e5<\/p>\n<p>              Tar av p\u00e5 nettet &#8211; melkedrikkende trebarnsmor kjemper mot kjemisk stoff\n        <\/p>\n<p>  <\/a><\/p>\n<p>  <a href=\"https:\/\/www.ta.no\/5-50-2114926\" class=\"related-teaser has-image default-story-teaser article--c-eRUmMG article--c-eRUmMG-jKCPdD-design-default\" rel=\"nofollow noopener\" target=\"_blank\"><\/p>\n<p>    <img decoding=\"async\" loading=\"lazy\"  src=\"https:\/\/www.europesays.com\/no\/wp-content\/uploads\/2025\/11\/sveinung+kjellemo+bonde.jpg\" alt=\"\" class=\"brick-c-cFOWSL\" style=\"\"\/><\/p>\n<p>\n            Les ogs\u00e5<\/p>\n<p>              Debatten raser: \u2013 La kua rape\n        <\/p>\n<p>  <\/a><\/p>\n<p>  <a href=\"https:\/\/www.ta.no\/5-50-2105384\" class=\"related-teaser has-image default-story-teaser article--c-eRUmMG article--c-eRUmMG-jKCPdD-design-default\" rel=\"nofollow noopener\" target=\"_blank\"><\/p>\n<p>    <img decoding=\"async\" loading=\"lazy\"  src=\"https:\/\/www.europesays.com\/no\/wp-content\/uploads\/2025\/11\/Hege%2C+Ellen+og+Solvor.JPG\" alt=\"\" class=\"brick-c-cFOWSL\" style=\"\"\/><\/p>\n<p>\n            Les ogs\u00e5<\/p>\n<p>              Sl\u00e5r full alarm: \u2013 N\u00e5 m\u00e5 forbrukerne v\u00e5kne\n        <\/p>\n<p>  <\/a><\/p>\n<p>  <a href=\"https:\/\/www.ta.no\/5-50-1739871\" class=\"related-teaser has-image default-story-teaser article--c-eRUmMG article--c-eRUmMG-jKCPdD-design-default\" rel=\"nofollow noopener\" target=\"_blank\"><\/p>\n<p>    <img decoding=\"async\" loading=\"lazy\"  src=\"https:\/\/www.europesays.com\/no\/wp-content\/uploads\/2025\/11\/klimamelk_silje_molvr.jpg\" alt=\"\" class=\"brick-c-cFOWSL\" style=\"\"\/><\/p>\n<p>\n            Les ogs\u00e5<\/p>\n<p>              Raser mot ny melk: \u2013 Ville ikke gitt dette til ungene mine\n        <\/p>\n<p>  <\/a><\/p>\n","protected":false},"excerpt":{"rendered":"Kjellemo er leder av Telemark Bonde- og sm\u00e5bruklag, men er ikke melkebonde selv, men forteller at medlemmene er&hellip;\n","protected":false},"author":2,"featured_media":85950,"comment_status":"","ping_status":"","sticky":false,"template":"","format":"standard","meta":{"footnotes":""},"categories":[10],"tags":[36,11357,20,21,2369,24,25,15,22,23,11379,13,30,28,29,14,16,1510,992,26,27],"class_list":{"0":"post-85949","1":"post","2":"type-post","3":"status-publish","4":"format-standard","5":"has-post-thumbnail","7":"category-norge","8":"tag-art","9":"tag-bovaer","10":"tag-breaking-news","11":"tag-breakingnews","12":"tag-dyrehelse","13":"tag-featured-news","14":"tag-featurednews","15":"tag-headlines","16":"tag-latest-news","17":"tag-latestnews","18":"tag-melkeproduksjon","19":"tag-news","20":"tag-no","21":"tag-norge","22":"tag-norway","23":"tag-nyheter","24":"tag-overskrifter","25":"tag-story","26":"tag-telemark","27":"tag-top-stories","28":"tag-topstories"},"share_on_mastodon":{"url":"https:\/\/pubeurope.com\/@no\/115541634414768897","error":""},"_links":{"self":[{"href":"https:\/\/www.europesays.com\/no\/wp-json\/wp\/v2\/posts\/85949","targetHints":{"allow":["GET"]}}],"collection":[{"href":"https:\/\/www.europesays.com\/no\/wp-json\/wp\/v2\/posts"}],"about":[{"href":"https:\/\/www.europesays.com\/no\/wp-json\/wp\/v2\/types\/post"}],"author":[{"embeddable":true,"href":"https:\/\/www.europesays.com\/no\/wp-json\/wp\/v2\/users\/2"}],"replies":[{"embeddable":true,"href":"https:\/\/www.europesays.com\/no\/wp-json\/wp\/v2\/comments?post=85949"}],"version-history":[{"count":0,"href":"https:\/\/www.europesays.com\/no\/wp-json\/wp\/v2\/posts\/85949\/revisions"}],"wp:featuredmedia":[{"embeddable":true,"href":"https:\/\/www.europesays.com\/no\/wp-json\/wp\/v2\/media\/85950"}],"wp:attachment":[{"href":"https:\/\/www.europesays.com\/no\/wp-json\/wp\/v2\/media?parent=85949"}],"wp:term":[{"taxonomy":"category","embeddable":true,"href":"https:\/\/www.europesays.com\/no\/wp-json\/wp\/v2\/categories?post=85949"},{"taxonomy":"post_tag","embeddable":true,"href":"https:\/\/www.europesays.com\/no\/wp-json\/wp\/v2\/tags?post=85949"}],"curies":[{"name":"wp","href":"https:\/\/api.w.org\/{rel}","templated":true}]}}