{"id":85967,"date":"2025-11-13T09:31:15","date_gmt":"2025-11-13T09:31:15","guid":{"rendered":"https:\/\/www.europesays.com\/no\/85967\/"},"modified":"2025-11-13T09:31:15","modified_gmt":"2025-11-13T09:31:15","slug":"trafikk-vaer-flere-fergeinnstillinger-malt-vindkast-pa-29-5-m-s","status":"publish","type":"post","link":"https:\/\/www.europesays.com\/no\/85967\/","title":{"rendered":"Trafikk, V\u00e6r | Flere fergeinnstillinger: \u2013 M\u00e5lt vindkast p\u00e5 29.5 m\/s"},"content":{"rendered":"\n<p>Onsdag sendte Meteorologisk institutt ut farevarsel for sterk vind i Lofoten torsdag. Et polart lavtrykk er ventet \u00e5 treffe Lofoten torsdag ettermiddag og det kan bli full storm fra nord-nordvest. Det kommer ogs\u00e5 noen kraftige sn\u00f8byger.<\/p>\n<p>  <a href=\"https:\/\/www.lofotposten.no\/5-29-1250020\" class=\"related-teaser has-image default-story-teaser article--c-eRUmMG article--c-eRUmMG-jKCPdD-design-default\" rel=\"nofollow noopener\" target=\"_blank\"><\/p>\n<p>    <img decoding=\"async\" loading=\"lazy\"  src=\"https:\/\/www.europesays.com\/no\/wp-content\/uploads\/2025\/11\/1763026275_198_3fe0f5b4-a200-49c7-9480-352b248c1723.png\" alt=\"\" class=\"brick-c-cFOWSL\" style=\"\"\/><\/p>\n<p>\n            Les ogs\u00e5<\/p>\n<p>              Polart lavtrykk p\u00e5 vei: \u2013 Full storm og kraftige sn\u00f8byger\n        <\/p>\n<p>  <\/a><\/p>\n<p>Meteorolog Sigrid Augan\u00e6s sa onsdag at vinden ville begynne \u00e5 ta seg opp natt til torsdag, og det stemte bra. Men det er store variasjoner fra sted til sted.<\/p>\n<p>Klokken 07.00 ble det if\u00f8lge <a href=\"www.vindn%C3%A5.no\" rel=\"Follow\">Vindn\u00e5.no<\/a> m\u00e5lt vindkast p\u00e5 20,7 m\/s p\u00e5 R\u00f8st.<br \/>Ved K\u00e5kern bru p\u00e5 E10 i Flakstad ble det klokken 07.00 m\u00e5lt vindkast p\u00e5 27,1 m\/s.<br \/>Ved Leknes lufthavn klokken 0700 m\u00e5lt vindkast p\u00e5 6,8 m\/s<br \/>P\u00e5 Gims\u00f8ystraumen bru klokken 0700 ble det m\u00e5lt vindkast p\u00e5 13,4 m\/s. Ved Svolv\u00e6r lufthavn ble det klokken 07.00 m\u00e5lt vindkast p\u00e5 10,2 m\/s.<br \/>Det har sn\u00f8dd litt i natt og det g\u00e5r enkelte sn\u00f8byger i Lofoten torsdag morgen, og det er ventet mer sn\u00f8 utover dagen.<\/p>\n<p><b>Klokken 09.30 bl\u00e5ser det fortsatt friskt mange steder. I f\u00f8lge <a href=\"www.vindn%C3%A5.no\" rel=\"Follow\">Vindn\u00e5.no<\/a> ble det klokken 0930 m\u00e5lt vindkast p\u00e5 29,5 m\/<\/b>s.<\/p>\n<p>Ferge og trafikk<\/p>\n<p>N\u00e5r det gjelder trafikken melder Torghatten om innstillinger p\u00e5 fergesambandet Bod\u00f8-V\u00e6r\u00f8y-R\u00f8st-Moskenes torsdag.<\/p>\n<p>\u2013 Kansellering i B-ruten Bod\u00f8-V\u00e6r\u00f8y-R\u00f8st-Moskenes med \u00abV\u00e6r\u00f8y\u00bb. Kanselleringen gjelder f\u00f8lgende avganger: Fra Bod\u00f8 kl. 05.00, fra Moskenes kl. 08:45, fra V\u00e6r\u00f8y kl. 10.30, og fra R\u00f8st kl. 12.15. Kanselleringen skyldes v\u00e6rforholdene, heter det i meldingen.<\/p>\n<p>Torghatten informerer ogs\u00e5 om kansellering i sambandet Bod\u00f8-Moskenes p\u00e5 A-ruten med \u00abBod\u00f8 &laquo;.<\/p>\n<p>\u2013 Avgangen fra Bod\u00f8 klokken 00.15 er kansellert. Det samme er returen fra Moskenes klokken 08.00. Dette skyldes v\u00e6rforholdene, heter det i meldingen.<\/p>\n<p>Wider\u00f8e melder at morgenflyene til b\u00e5de Svolv\u00e6r og Leknes landet etter rute.<\/p>\n<p>Fare for glatte veier<\/p>\n<p>Veitrafikksentralen melder om det kan v\u00e6re fare for glatte partiene p\u00e5 veiene rundt om i hele Lofoten.<\/p>\n<p>Ellers er det ikke torsdag morgen meldt om flere innstillinger eller problemer i trafikken.<\/p>\n<p>Politiet har ingen meldinger om hendelser i Lofoten natt til torsdag.<\/p>\n","protected":false},"excerpt":{"rendered":"Onsdag sendte Meteorologisk institutt ut farevarsel for sterk vind i Lofoten torsdag. Et polart lavtrykk er ventet \u00e5&hellip;\n","protected":false},"author":2,"featured_media":9634,"comment_status":"","ping_status":"","sticky":false,"template":"","format":"standard","meta":{"footnotes":""},"categories":[10],"tags":[36,20,21,24,25,1814,1186,15,22,23,1461,11430,13,30,28,29,14,16,1463,1510,26,27,224,1459,553,1462,1460],"class_list":{"0":"post-85967","1":"post","2":"type-post","3":"status-publish","4":"format-standard","5":"has-post-thumbnail","7":"category-norge","8":"tag-art","9":"tag-breaking-news","10":"tag-breakingnews","11":"tag-featured-news","12":"tag-featurednews","13":"tag-ferge","14":"tag-flakstad","15":"tag-headlines","16":"tag-latest-news","17":"tag-latestnews","18":"tag-moskenes","19":"tag-moskenesferga","20":"tag-news","21":"tag-no","22":"tag-norge","23":"tag-norway","24":"tag-nyheter","25":"tag-overskrifter","26":"tag-rost","27":"tag-story","28":"tag-top-stories","29":"tag-topstories","30":"tag-trafikk","31":"tag-vagan","32":"tag-vaer","33":"tag-vaeroy","34":"tag-vestvagoy"},"share_on_mastodon":{"url":"https:\/\/pubeurope.com\/@no\/115541697167922790","error":""},"_links":{"self":[{"href":"https:\/\/www.europesays.com\/no\/wp-json\/wp\/v2\/posts\/85967","targetHints":{"allow":["GET"]}}],"collection":[{"href":"https:\/\/www.europesays.com\/no\/wp-json\/wp\/v2\/posts"}],"about":[{"href":"https:\/\/www.europesays.com\/no\/wp-json\/wp\/v2\/types\/post"}],"author":[{"embeddable":true,"href":"https:\/\/www.europesays.com\/no\/wp-json\/wp\/v2\/users\/2"}],"replies":[{"embeddable":true,"href":"https:\/\/www.europesays.com\/no\/wp-json\/wp\/v2\/comments?post=85967"}],"version-history":[{"count":0,"href":"https:\/\/www.europesays.com\/no\/wp-json\/wp\/v2\/posts\/85967\/revisions"}],"wp:featuredmedia":[{"embeddable":true,"href":"https:\/\/www.europesays.com\/no\/wp-json\/wp\/v2\/media\/9634"}],"wp:attachment":[{"href":"https:\/\/www.europesays.com\/no\/wp-json\/wp\/v2\/media?parent=85967"}],"wp:term":[{"taxonomy":"category","embeddable":true,"href":"https:\/\/www.europesays.com\/no\/wp-json\/wp\/v2\/categories?post=85967"},{"taxonomy":"post_tag","embeddable":true,"href":"https:\/\/www.europesays.com\/no\/wp-json\/wp\/v2\/tags?post=85967"}],"curies":[{"name":"wp","href":"https:\/\/api.w.org\/{rel}","templated":true}]}}