{"id":85978,"date":"2025-11-13T09:46:18","date_gmt":"2025-11-13T09:46:18","guid":{"rendered":"https:\/\/www.europesays.com\/no\/85978\/"},"modified":"2025-11-13T09:46:18","modified_gmt":"2025-11-13T09:46:18","slug":"google-foto-far-massiv-ai-oppdatering-slik-endres-bildene-dine","status":"publish","type":"post","link":"https:\/\/www.europesays.com\/no\/85978\/","title":{"rendered":"Google Foto f\u00e5r massiv AI-oppdatering \u2013 slik endres bildene dine"},"content":{"rendered":"<p><strong>Googles st\u00f8rste bildeoppgradering p\u00e5 flere \u00e5r<\/strong><\/p>\n<p><img loading=\"lazy\" decoding=\"async\" width=\"1024\" height=\"532\" src=\"https:\/\/www.europesays.com\/no\/wp-content\/uploads\/2025\/11\/Google-AI-Smartphone-1024x532-1.jpg\" alt=\"\" class=\"wp-image-20675\"  \/>shutterstock.com<\/p>\n<p>Google ruller n\u00e5 ut en omfattende AI-oppdatering til Google Foto. If\u00f8lge <a href=\"https:\/\/blog.google\/products\/photos\/\" target=\"_blank\" rel=\"noopener nofollow\">Googles offisielle blogg<\/a> utvides redigeringsverkt\u00f8yene med funksjoner basert p\u00e5 Gemini-modellene, som tidligere kun var tilgjengelige p\u00e5 Pixel-enheter. Funksjonene blir n\u00e5 tilgjengelige globalt.<\/p>\n<p><strong>Magic Editor blir standard for alle brukere<\/strong><\/p>\n<p><img loading=\"lazy\" decoding=\"async\" width=\"800\" height=\"400\" src=\"https:\/\/www.europesays.com\/no\/wp-content\/uploads\/2025\/11\/Udklip.png\" alt=\"\" class=\"wp-image-20676\"  \/>google.com<\/p>\n<p>Den mest markante nyheten er Magic Editor. Verkt\u00f8yet kan automatisk justere lys, farger og bakgrunner. If\u00f8lge <a href=\"https:\/\/www.theverge.com\/\" target=\"_blank\" rel=\"noopener nofollow\">The Verge<\/a> kan brukere n\u00e5 flytte objekter, forbedre himler og fjerne forstyrrende elementer \u2013 direkte i appen \u2013 uten avansert redigering.<\/p>\n<p><strong>AI fjerner objekter enda mer presist<\/strong><\/p>\n<p><img loading=\"lazy\" decoding=\"async\" width=\"1000\" height=\"505\" src=\"https:\/\/www.europesays.com\/no\/wp-content\/uploads\/2025\/11\/shutterstock_2442151173.jpg\" alt=\"\" class=\"wp-image-20677\"  \/>Jess Rodriguez\/shutterstock.com<\/p>\n<p>Object Eraser f\u00e5r en oppgradering som gj\u00f8r den bedre til \u00e5 identifisere sm\u00e5 detaljer. Google skriver at den nye modellen analyserer bildets struktur og fargelag dypere enn tidligere versjoner. Resultatet blir mer naturlig, ogs\u00e5 i scener med mye kompleksitet.<\/p>\n<p><strong>Automatiske forbedringer av ansikter og motiver<\/strong><\/p>\n<p><img loading=\"lazy\" decoding=\"async\" width=\"1024\" height=\"512\" src=\"https:\/\/www.europesays.com\/no\/wp-content\/uploads\/2025\/11\/iphone-camera-1024x512-1.jpg\" alt=\"\" class=\"wp-image-20678\"  \/>Kharis Ardi\/shutterstock.com<\/p>\n<p>Den nye ansiktsoptimaliseringen bruker Gemini-teknologi til \u00e5 justere skarphet og tone uten \u00e5 skape kunstige effekter. Teknologien registrerer mennesker og motiver i bildet og tilpasser eksponeringen etter omgivelsene.<\/p>\n<p><strong>Funksjonene rulles ut i etapper<\/strong><\/p>\n<p><img loading=\"lazy\" decoding=\"async\" width=\"1000\" height=\"667\" src=\"https:\/\/www.europesays.com\/no\/wp-content\/uploads\/2025\/11\/shutterstock_2201899165.jpg\" alt=\"\" class=\"wp-image-20680\"  \/>Mr.Mikla\/shutterstock.com<\/p>\n<p>If\u00f8lge Googles blogg skjer utrullingen trinnvis over de kommende m\u00e5nedene. Flere av verkt\u00f8yene krever nyere Android- eller iOS-enheter, mens enkelte funksjoner er forbeholdt Google One-abonnenter. Planen oppdateres fortl\u00f8pende globalt.<\/p>\n<p><strong>Gemini-modeller driver forbedringene<\/strong><\/p>\n<p><img loading=\"lazy\" decoding=\"async\" width=\"1024\" height=\"532\" src=\"https:\/\/www.europesays.com\/no\/wp-content\/uploads\/2025\/10\/Google-AI-Gemini-1024x532-1.jpg\" alt=\"\" class=\"wp-image-18601\"  \/>shutterstock.com<\/p>\n<p>Google bekrefter at flere av funksjonene n\u00e5 bruker samme teknologi som i selskapets generative AI-tjenester. Det betyr raskere bildebehandling og mer n\u00f8yaktige forslag, samtidig som deler av prosesseringen flyttes til enhetens maskinvare.<\/p>\n<p><strong>Personvern og databehandling styrkes<\/strong><\/p>\n<p><img loading=\"lazy\" decoding=\"async\" width=\"1024\" height=\"532\" src=\"https:\/\/www.europesays.com\/no\/wp-content\/uploads\/2025\/11\/Gemini-AI-Smartphone-Google-1024x532-1.jpg\" alt=\"\" class=\"wp-image-19431\"  \/>Shutterstock.com<\/p>\n<p>Google fremhever at mer av bildeanalysen n\u00e5 utf\u00f8res direkte p\u00e5 brukerens enhet. If\u00f8lge selskapets blogg reduserer dette behovet for skybehandling og gj\u00f8r det mulig \u00e5 analysere flere bilder lokalt uten \u00e5 g\u00e5 p\u00e5 kompromiss med sikkerheten.<\/p>\n<p><strong>Foto blir en AI-tjeneste \u2013 ikke bare et arkiv<\/strong><\/p>\n<p><img loading=\"lazy\" decoding=\"async\" width=\"1024\" height=\"512\" src=\"https:\/\/www.europesays.com\/no\/wp-content\/uploads\/2025\/11\/google-fotos-phone-app-1024x512.jpg\" alt=\"\" class=\"wp-image-20705\"  \/>Bangla press\/shutterstock.com<\/p>\n<p>Oppdateringen markerer en tydelig endring for Google Foto: Fra ren lagringstjeneste til en aktiv, AI-drevet bildeplattform. Med global utrulling og l\u00f8pende forbedringer legger Google grunnlaget for neste generasjon av personlig bildebehandling.<\/p>\n","protected":false},"excerpt":{"rendered":"Googles st\u00f8rste bildeoppgradering p\u00e5 flere \u00e5r shutterstock.com Google ruller n\u00e5 ut en omfattende AI-oppdatering til Google Foto. If\u00f8lge&hellip;\n","protected":false},"author":2,"featured_media":63134,"comment_status":"","ping_status":"","sticky":false,"template":"","format":"standard","meta":{"footnotes":""},"categories":[57],"tags":[30,28,29,65,63,64,66,70,69,67,68],"class_list":{"0":"post-85978","1":"post","2":"type-post","3":"status-publish","4":"format-standard","5":"has-post-thumbnail","7":"category-vitenskap-og-teknologi","8":"tag-no","9":"tag-norge","10":"tag-norway","11":"tag-science","12":"tag-science-and-technology","13":"tag-scienceandtechnology","14":"tag-technology","15":"tag-teknologi","16":"tag-vitenskap","17":"tag-vitenskap-og-teknologi","18":"tag-vitenskapteknologi"},"share_on_mastodon":{"url":"https:\/\/pubeurope.com\/@no\/115541756326685709","error":""},"_links":{"self":[{"href":"https:\/\/www.europesays.com\/no\/wp-json\/wp\/v2\/posts\/85978","targetHints":{"allow":["GET"]}}],"collection":[{"href":"https:\/\/www.europesays.com\/no\/wp-json\/wp\/v2\/posts"}],"about":[{"href":"https:\/\/www.europesays.com\/no\/wp-json\/wp\/v2\/types\/post"}],"author":[{"embeddable":true,"href":"https:\/\/www.europesays.com\/no\/wp-json\/wp\/v2\/users\/2"}],"replies":[{"embeddable":true,"href":"https:\/\/www.europesays.com\/no\/wp-json\/wp\/v2\/comments?post=85978"}],"version-history":[{"count":0,"href":"https:\/\/www.europesays.com\/no\/wp-json\/wp\/v2\/posts\/85978\/revisions"}],"wp:featuredmedia":[{"embeddable":true,"href":"https:\/\/www.europesays.com\/no\/wp-json\/wp\/v2\/media\/63134"}],"wp:attachment":[{"href":"https:\/\/www.europesays.com\/no\/wp-json\/wp\/v2\/media?parent=85978"}],"wp:term":[{"taxonomy":"category","embeddable":true,"href":"https:\/\/www.europesays.com\/no\/wp-json\/wp\/v2\/categories?post=85978"},{"taxonomy":"post_tag","embeddable":true,"href":"https:\/\/www.europesays.com\/no\/wp-json\/wp\/v2\/tags?post=85978"}],"curies":[{"name":"wp","href":"https:\/\/api.w.org\/{rel}","templated":true}]}}