{"id":86000,"date":"2025-11-13T10:07:14","date_gmt":"2025-11-13T10:07:14","guid":{"rendered":"https:\/\/www.europesays.com\/no\/86000\/"},"modified":"2025-11-13T10:07:14","modified_gmt":"2025-11-13T10:07:14","slug":"krever-17-milliarder-mer","status":"publish","type":"post","link":"https:\/\/www.europesays.com\/no\/86000\/","title":{"rendered":"Krever 17 milliarder mer"},"content":{"rendered":"<p class=\"kicker \" style=\"\">Statsbudsjettet 2026<\/p>\n<p>  SV lover \u00e5 kjempe for barnefamilier og folks lommebok i hestehandlene med regjeringen.<\/p>\n<p>\n    KAMPKLAR: Marthe Hammer, SVs finanspolitiske talsperson, la fram partiets alternative budsjett. Foto: J\u00f8rn H. Moen \/ Dagbladet\n  <\/p>\n<p>SV la torsdag fram sitt alternative statsbudsjett.<\/p>\n<p>Her krever de 16,5 milliarder mer til velferd, enn i regjeringens forslag.<\/p>\n<p> &#8211; Med SVs gjennomslag f\u00e5r vanlige folk mer i lommeboka si, sier forhandlingsleder Marthe Hammer p\u00e5 en pressekonferanse p\u00e5 Stortinget torsdag.<\/p>\n<p> Her har SV v\u00e6rt n\u00f8yaktige med kalkulatoren og krever 68 633 kroner mer i \u00e5ret for barnefamilier, gjennom lavere skatt, \u00f8kt barnetrygd og flere velferdsordninger. <\/p>\n<p>    <a itemprop=\"url\" href=\"https:\/\/www.dagbladet.no\/nyheter\/dette-er-diamanter\/83823024\" rel=\"nofollow noopener\" target=\"_blank\"><\/p>\n<p>      <img loading=\"lazy\" decoding=\"async\" src=\"https:\/\/www.europesays.com\/no\/wp-content\/uploads\/2025\/11\/83825938.webp\" width=\"980\" height=\"441\" title=\"- Dette er diamanter\" alt=\"\" class=\"lazyload\" style=\"--aspect-ratio-image: 2.22; \"\/><\/p>\n<p>        &#8211; Dette er diamanter<\/p>\n<p>    <\/a><\/p>\n<p>    <a itemprop=\"url\" href=\"https:\/\/www.dagbladet.no\/nyheter\/frekkhetens-nadegave\/83829183\" rel=\"nofollow noopener\" target=\"_blank\"><\/p>\n<p>      <img loading=\"lazy\" decoding=\"async\" src=\"https:\/\/www.europesays.com\/no\/wp-content\/uploads\/2025\/11\/1763028432_547_83829220.webp\" width=\"980\" height=\"441\" title=\"- Frekkhetens n\u00e5degave\" alt=\"\" class=\"lazyload\" style=\"--aspect-ratio-image: 2.22; \"\/><\/p>\n<p>         &#8211; Frekkhetens n\u00e5degave<\/p>\n<p>    <\/a><\/p>\n<p>Krise\t<\/p>\n<p> Partiet tegner opp et bilde av kommune\u00f8konomi i krise og bemanningskrise og vil gi\u00a09 milliarder kroner til fylkes- og kommunesektoren.\u00a0<\/p>\n<p> Oljepengebruken skal reduseres med 242 millioner kroner, om SV f\u00e5r det som de vil. <\/p>\n<p>En pakke gis til gr\u00f8nn omstilling p\u00e5 17 milliarder. Bistandsprosenten skal holdes p\u00e5 1 prosent.<\/p>\n<p>&#8211; Har v\u00e6rt tydelige\t<\/p>\n<p> SV er tredjemann ut med \u00e5 lansere sitt dr\u00f8mmebudsjett, f\u00f8r de fredag skal inn i forhandlinger med regjeringen. <\/p>\n<p>P\u00e5 sp\u00f8rsm\u00e5l fra pressen om hvilke av alle l\u00f8ftene som blir viktigst i budsjettforhandlingene, vil ikke forhandlingslederen g\u00e5 i detalj.<\/p>\n<p>&#8211; Noen prioriteringer m\u00e5 vi gj\u00f8re. Vi har v\u00e6rt tydelig i dag p\u00e5 hvilke saker vi mener er viktigst i dag, sier Hammer.\u00a0<\/p>\n<p>    <a itemprop=\"url\" href=\"https:\/\/borsen.dagbladet.no\/nyheter\/til-frontalangrep-pa-karius-og-baktus\/83840240\" rel=\"nofollow noopener\" target=\"_blank\"><\/p>\n<p>      <img loading=\"lazy\" decoding=\"async\" src=\"https:\/\/www.europesays.com\/no\/wp-content\/uploads\/2025\/11\/83840370.webp\" width=\"980\" height=\"441\" title=\"- Til frontalangrep p\u00e5 Karius og Baktus\" alt=\"\" class=\"lazyload\" style=\"--aspect-ratio-image: 2.22; \"\/><\/p>\n<p>        &#8211; Til frontalangrep p\u00e5 Karius og Baktus<\/p>\n<p>    <\/a><\/p>\n<p>Partiet vil ha gratis tannregulering for alle barn og kutte kraftig i tannlegeregninga for eldre. De vil gi gratis SFO til 4. trinn, for til sammen \u00e5 fullf\u00f8re SFO-reformen og tannhelsereformen.<\/p>\n<p> SV peker p\u00e5 at Norge er langt unna klimam\u00e5lene, men hevder at SV har f\u00f8rt regjeringen n\u00e6rmere i tida som st\u00f8tteparti for St\u00f8res f\u00f8rste regjering.<\/p>\n<p>Gruvedrift p\u00e5 havbunnen ut stortingsperioden og stanse 26. konsesjonsrunde.<\/p>\n<p>&#8211; Det viktigste for oss \u00e5 stanse faktiske klimagassutslipp, sier Hammer.<\/p>\n<p>    <a itemprop=\"url\" href=\"https:\/\/www.dagbladet.no\/nyheter\/dette-er-diamanter\/83823024\" rel=\"nofollow noopener\" target=\"_blank\"><\/p>\n<p>      <img loading=\"lazy\" decoding=\"async\" src=\"https:\/\/www.europesays.com\/no\/wp-content\/uploads\/2025\/11\/83825938.webp\" width=\"980\" height=\"441\" title=\"- Dette er diamanter\" alt=\"\" class=\"lazyload\" style=\"--aspect-ratio-image: 2.22; \"\/><\/p>\n<p>        &#8211; Dette er diamanter<\/p>\n<p>    <\/a><\/p>\n","protected":false},"excerpt":{"rendered":"Statsbudsjettet 2026 SV lover \u00e5 kjempe for barnefamilier og folks lommebok i hestehandlene med regjeringen. KAMPKLAR: Marthe Hammer,&hellip;\n","protected":false},"author":2,"featured_media":86001,"comment_status":"","ping_status":"","sticky":false,"template":"","format":"standard","meta":{"footnotes":""},"categories":[10],"tags":[20,21,24,25,15,22,23,13,30,28,29,14,16,41,26,27],"class_list":{"0":"post-86000","1":"post","2":"type-post","3":"status-publish","4":"format-standard","5":"has-post-thumbnail","7":"category-norge","8":"tag-breaking-news","9":"tag-breakingnews","10":"tag-featured-news","11":"tag-featurednews","12":"tag-headlines","13":"tag-latest-news","14":"tag-latestnews","15":"tag-news","16":"tag-no","17":"tag-norge","18":"tag-norway","19":"tag-nyheter","20":"tag-overskrifter","21":"tag-politikk","22":"tag-top-stories","23":"tag-topstories"},"share_on_mastodon":{"url":"https:\/\/pubeurope.com\/@no\/115541838822488730","error":""},"_links":{"self":[{"href":"https:\/\/www.europesays.com\/no\/wp-json\/wp\/v2\/posts\/86000","targetHints":{"allow":["GET"]}}],"collection":[{"href":"https:\/\/www.europesays.com\/no\/wp-json\/wp\/v2\/posts"}],"about":[{"href":"https:\/\/www.europesays.com\/no\/wp-json\/wp\/v2\/types\/post"}],"author":[{"embeddable":true,"href":"https:\/\/www.europesays.com\/no\/wp-json\/wp\/v2\/users\/2"}],"replies":[{"embeddable":true,"href":"https:\/\/www.europesays.com\/no\/wp-json\/wp\/v2\/comments?post=86000"}],"version-history":[{"count":0,"href":"https:\/\/www.europesays.com\/no\/wp-json\/wp\/v2\/posts\/86000\/revisions"}],"wp:featuredmedia":[{"embeddable":true,"href":"https:\/\/www.europesays.com\/no\/wp-json\/wp\/v2\/media\/86001"}],"wp:attachment":[{"href":"https:\/\/www.europesays.com\/no\/wp-json\/wp\/v2\/media?parent=86000"}],"wp:term":[{"taxonomy":"category","embeddable":true,"href":"https:\/\/www.europesays.com\/no\/wp-json\/wp\/v2\/categories?post=86000"},{"taxonomy":"post_tag","embeddable":true,"href":"https:\/\/www.europesays.com\/no\/wp-json\/wp\/v2\/tags?post=86000"}],"curies":[{"name":"wp","href":"https:\/\/api.w.org\/{rel}","templated":true}]}}