{"id":86030,"date":"2025-11-13T10:39:11","date_gmt":"2025-11-13T10:39:11","guid":{"rendered":"https:\/\/www.europesays.com\/no\/86030\/"},"modified":"2025-11-13T10:39:11","modified_gmt":"2025-11-13T10:39:11","slug":"nordea-har-sendt-ut-en-liste-med-8600-navn-og-personnummer","status":"publish","type":"post","link":"https:\/\/www.europesays.com\/no\/86030\/","title":{"rendered":"Nordea har sendt ut en liste med 8600 navn og personnummer"},"content":{"rendered":"\n<p class=\"_lead_o9xde_2 _lead_xtcu6_50 layout-component text-serif-m layout-normal text-serif-l layout-component layout-wide layout-padded _wide_17hqh_1 layout-padded\">Personnumrene ble sendt til 1400 andre kunder. N\u00e5 beklager Nordea. <\/p>\n<p><img alt=\" Foto: Tom Little \/ Reuters \/ NTB\" class=\"_image_qp4xg_65 layout-component layout-wide\" data-fullscreen- data-track-element-type=\"Article image fullscreen\" data-track-name=\"ImageFullscreen\" fetchpriority=\"high\" decoding=\"sync\" loading=\"eager\" height=\"3116\" itemprop=\"image\"  src=\"https:\/\/www.europesays.com\/no\/wp-content\/uploads\/2025\/11\/2e4371cb-aeb3-4ade-8297-c8f27a2fedb7\"  style=\"object-position:0% 0%\" width=\"5249\"\/> Foto: Tom Little \/ Reuters \/ NTB<\/p>\n<ul aria-hidden=\"true\" class=\"_images_18f0k_111\">\n<li><a class=\"_link_18f0k_116\" href=\"https:\/\/www.vg.no\/forfatter\/amalie-nordboe-odiin\" style=\"z-index:2\" title=\"Amalie Nordb\u00f8 Odiin\" rel=\"nofollow noopener\" target=\"_blank\"><img alt=\"Bilde av Amalie Nordb\u00f8 Odiin\" class=\"_image_18f0k_93\" fetchpriority=\"low\" loading=\"lazy\" decoding=\"async\" itemprop=\"image\"  src=\"https:\/\/www.europesays.com\/no\/wp-content\/uploads\/2025\/11\/1763030348_444_3a48a883-d93f-48c4-8078-cc59876bbb5b\"  width=\"480\"\/><\/a><\/li>\n<li><a class=\"_link_18f0k_116\" href=\"https:\/\/www.vg.no\/forfatter\/nora-kvernmo-rindal\" style=\"z-index:1\" title=\"Nora Kvernmo Rindal\" rel=\"nofollow noopener\" target=\"_blank\"><img alt=\"Bilde av Nora Kvernmo Rindal\" class=\"_image_18f0k_93\" fetchpriority=\"low\" loading=\"lazy\" decoding=\"async\" itemprop=\"image\"  src=\"https:\/\/www.europesays.com\/no\/wp-content\/uploads\/2025\/11\/1763030349_953_e9a8dfd1-f394-4db6-b4c7-25003539a55e\"  width=\"480\"\/><\/a><\/li>\n<\/ul>\n<p> Oppdatert torsdag 13. november kl. 11:20    <\/p>\n<ul class=\"_list_o9xde_3 _list_64s2r_85 _unordered_o9xde_106 text-sans-m\">\n<li class=\"_item_o9xde_30\">Nordea sendte ut 8600 personnumre til 1400 kunder ved en feil.<\/li>\n<li class=\"_item_o9xde_30\">Banken beklager og sier feilen er alvorlig.<\/li>\n<li class=\"_item_o9xde_30\">Finanstilsynet og Datatilsynet er informert.<\/li>\n<li class=\"_item_o9xde_30\">Nordea er i kontakt med de ber\u00f8rte kundene.<\/li>\n<\/ul>\n<p>Vis mer <\/p>\n<p class=\"_paragraph_o9xde_4 _paragraph_xtcu6_10 layout-component text-serif-m layout-normal text-serif-m layout-padded\">Det bekrefter Christian Steffensen, kommunikasjonsdirekt\u00f8r i <a href=\"https:\/\/www.vg.no\/tag\/nordea-2?utm_source=vg-article&amp;utm_medium=auto-tagger&amp;utm_campaign=yEedgK\" class=\"_link_o9xde_39\" rel=\"nofollow noopener\" target=\"_blank\">Nordea<\/a>, til VG torsdag formiddag.<\/p>\n<p class=\"_paragraph_o9xde_4 _paragraph_xtcu6_10 layout-component text-serif-m layout-normal text-serif-m layout-padded\">\u2013 Her har det skjedd en beklagelig feil, hvor en liste med 8.600 navn ble sendt til 1400 kunder i Innlandet i dag tidlig, skriver han i en e-post.<\/p>\n<p><img decoding=\"async\" alt=\"Bilde av Christian Steffensen\" class=\"_image_ygndg_42\" height=\"22\" itemprop=\"image\" loading=\"lazy\"  src=\"https:\/\/www.europesays.com\/no\/wp-content\/uploads\/2025\/11\/0264e22c-71a8-401d-bce6-ec79f5895b50\"  width=\"40\"\/><strong class=\"_name_ygndg_51 title-serif-xs\">Christian Steffensen<\/strong><\/p>\n<p class=\"_paragraph_o9xde_4 text-sans-m _description_ygndg_56\">Kommunikasjonsdirekt\u00f8r i Nordea<\/p>\n<p class=\"_paragraph_o9xde_4 _paragraph_xtcu6_10 layout-component text-serif-m layout-normal text-serif-m layout-padded\">Listen inneholdt navn p\u00e5 8600 lokale kunder med kontaktinformasjon som skulle inviteres til et kundearrangement, if\u00f8lge Steffensen.<\/p>\n<p class=\"_paragraph_o9xde_4 _paragraph_xtcu6_10 layout-component text-serif-m layout-normal text-serif-m layout-padded\"><strong class=\"_strong_o9xde_25\">Personnumrene til kundene var ogs\u00e5 p\u00e5 denne listen.<\/strong><\/p>\n<p class=\"_paragraph_o9xde_4 _paragraph_xtcu6_10 layout-component text-serif-m layout-normal text-serif-m layout-padded\"><strong class=\"_strong_o9xde_25\">\u2013 Dette har v\u00e6rt en alvorlig menneskelig glipp, som vi beklager, fortsetter kommunikasjonsdirekt\u00f8ren.<\/strong><\/p>\n<p class=\"_paragraph_o9xde_4 _paragraph_xtcu6_10 layout-component text-serif-m layout-normal text-serif-m layout-padded\">Nordea er n\u00e5 i kontakt med kundene som er ber\u00f8rt.<\/p>\n<p class=\"_paragraph_o9xde_4 _paragraph_xtcu6_10 layout-component text-serif-m layout-normal text-serif-m layout-padded\">I tillegg informerer de Finanstilsynet og Datatilsynet om hendelsen, bekrefter Steffensen.<\/p>\n<p class=\"_paragraph_o9xde_4 _paragraph_xtcu6_10 layout-component text-serif-m layout-normal text-serif-m layout-padded\">Guro Sk\u00e5ltveit, fagdirekt\u00f8r for kommunikasjon i Datatilsynet, sier at de ikke kan uttale seg om enkeltsaker f\u00f8r de har f\u00e5tt det fulle bildet av hva som har skjedd.<\/p>\n<p class=\"_paragraph_o9xde_4 _paragraph_xtcu6_10 layout-component text-serif-m layout-normal text-serif-m layout-padded\">\u2013 P\u00e5 generelt grunnlag kan jeg si at dersom personopplysninger havner p\u00e5 avveie, s\u00e5 plikter man \u00e5 sende inn en avviksmelding til Datatilsynet, sier Sk\u00e5ltveit til VG.<\/p>\n<p><img decoding=\"async\" alt=\"Bilde av Guro Sk\u00e5ltveit\" class=\"_image_ygndg_42\" height=\"27\" itemprop=\"image\" loading=\"lazy\"  src=\"https:\/\/www.europesays.com\/no\/wp-content\/uploads\/2025\/11\/73fcacb6-0985-4d02-a67b-c1b27e048146\"  width=\"40\"\/><strong class=\"_name_ygndg_51 title-serif-xs\">Guro Sk\u00e5ltveit<\/strong><\/p>\n<p class=\"_paragraph_o9xde_4 text-sans-m _description_ygndg_56\">Fagdirekt\u00f8r kommunikasjon<\/p>\n<p class=\"_paragraph_o9xde_4 _paragraph_xtcu6_10 layout-component text-serif-m layout-normal text-serif-m layout-padded\">I tillegg er det viktig at bedriften g\u00e5r igjennom egne rutiner.<\/p>\n<p class=\"_paragraph_o9xde_4 _paragraph_xtcu6_10 layout-component text-serif-m layout-normal text-serif-m layout-padded\">\u2013 De m\u00e5 finne ut hvordan dette kunne skje, og hva de m\u00e5 endre p\u00e5 internt for \u00e5 s\u00f8rge for at det ikke skjer igjen.<\/p>\n<p>    <img decoding=\"async\" alt=\"Tips oss illustrasjon\" src=\"https:\/\/www.europesays.com\/no\/wp-content\/uploads\/2025\/10\/pssst-small.webp.webp\"\/>    <\/p>\n<p class=\"title-serif-s\">Har du tips?<\/p>\n<p class=\"text-sans-m\">Send oss informasjon, bilder eller video.<\/p>\n<p>  <a href=\"https:\/\/www.vg.no\/tips-oss\" rel=\"nofollow noopener\" target=\"_blank\"> Tips oss <\/a>      <\/p>\n","protected":false},"excerpt":{"rendered":"Personnumrene ble sendt til 1400 andre kunder. N\u00e5 beklager Nordea. Foto: Tom Little \/ Reuters \/ NTB Oppdatert&hellip;\n","protected":false},"author":2,"featured_media":86031,"comment_status":"","ping_status":"","sticky":false,"template":"","format":"standard","meta":{"footnotes":""},"categories":[10],"tags":[31,20,21,3295,24,25,15,22,23,13,30,4429,28,29,14,16,26,27],"class_list":{"0":"post-86030","1":"post","2":"type-post","3":"status-publish","4":"format-standard","5":"has-post-thumbnail","7":"category-norge","8":"tag-breaking","9":"tag-breaking-news","10":"tag-breakingnews","11":"tag-datatilsynet","12":"tag-featured-news","13":"tag-featurednews","14":"tag-headlines","15":"tag-latest-news","16":"tag-latestnews","17":"tag-news","18":"tag-no","19":"tag-nordea","20":"tag-norge","21":"tag-norway","22":"tag-nyheter","23":"tag-overskrifter","24":"tag-top-stories","25":"tag-topstories"},"share_on_mastodon":{"url":"https:\/\/pubeurope.com\/@no\/115541964701870511","error":""},"_links":{"self":[{"href":"https:\/\/www.europesays.com\/no\/wp-json\/wp\/v2\/posts\/86030","targetHints":{"allow":["GET"]}}],"collection":[{"href":"https:\/\/www.europesays.com\/no\/wp-json\/wp\/v2\/posts"}],"about":[{"href":"https:\/\/www.europesays.com\/no\/wp-json\/wp\/v2\/types\/post"}],"author":[{"embeddable":true,"href":"https:\/\/www.europesays.com\/no\/wp-json\/wp\/v2\/users\/2"}],"replies":[{"embeddable":true,"href":"https:\/\/www.europesays.com\/no\/wp-json\/wp\/v2\/comments?post=86030"}],"version-history":[{"count":0,"href":"https:\/\/www.europesays.com\/no\/wp-json\/wp\/v2\/posts\/86030\/revisions"}],"wp:featuredmedia":[{"embeddable":true,"href":"https:\/\/www.europesays.com\/no\/wp-json\/wp\/v2\/media\/86031"}],"wp:attachment":[{"href":"https:\/\/www.europesays.com\/no\/wp-json\/wp\/v2\/media?parent=86030"}],"wp:term":[{"taxonomy":"category","embeddable":true,"href":"https:\/\/www.europesays.com\/no\/wp-json\/wp\/v2\/categories?post=86030"},{"taxonomy":"post_tag","embeddable":true,"href":"https:\/\/www.europesays.com\/no\/wp-json\/wp\/v2\/tags?post=86030"}],"curies":[{"name":"wp","href":"https:\/\/api.w.org\/{rel}","templated":true}]}}