{"id":86032,"date":"2025-11-13T10:40:10","date_gmt":"2025-11-13T10:40:10","guid":{"rendered":"https:\/\/www.europesays.com\/no\/86032\/"},"modified":"2025-11-13T10:40:10","modified_gmt":"2025-11-13T10:40:10","slug":"kronprinsfamilien-dukker-opp-for-a-se-landskampen","status":"publish","type":"post","link":"https:\/\/www.europesays.com\/no\/86032\/","title":{"rendered":"Kronprinsfamilien dukker opp for \u00e5 se landskampen"},"content":{"rendered":"<p>  Kronprinsfamilien skal ogs\u00e5 se Ullevaal-kampen.<\/p>\n<p>\n    SKAL HEIE: Prins Sverre Magnus, kronprins Haakon og kronprinsesse Mette-Marit skal dukke opp p\u00e5 tribunen p\u00e5 Ullevaal Stadion sammen med kong Harald torsdag kveld. Foto: NTB\n  <\/p>\n<p>Kong Harald (88) f\u00e5r med seg kronprins Haakon (52), kronprinsesse Mette-Marit (52) og prins Sverre Magnus (19) til fotballandslagets n\u00f8kkelkamp mot Estland.<\/p>\n<p>Med seier vil Norge h\u00f8yst trolig bli VM-klar ved utgangen av uken.<\/p>\n<p>          <img loading=\"lazy\" decoding=\"async\" src=\"https:\/\/www.europesays.com\/no\/wp-content\/uploads\/2025\/11\/83845677.webp\" width=\"686\" height=\"494\" title=\"IKKE F\u00d8RSTE GANG: Kronprins Haakon og kronprinsesse Mette-Marit fulgte tidligere i h\u00f8st Norges 11-1-seier over Moldova. Foto: Cornelius Poppe \/ NTB\" alt=\"\" class=\"\" style=\"--aspect-ratio-image: 1.39; \"\/><\/p>\n<p>\n          IKKE F\u00d8RSTE GANG: Kronprins Haakon og kronprinsesse Mette-Marit fulgte tidligere i h\u00f8st Norges 11-1-seier over Moldova. Foto: Cornelius Poppe \/ NTB\n      <\/p>\n<p>Allerede for flere uker siden ble det kjent at kongen kom til \u00e5 f\u00f8lge oppgj\u00f8ret ringside.<\/p>\n<p>        MISFORN\u00d8YDE: Etter et bes\u00f8k til Australia, hvor prinsesse Ingrid Alexandra skal studere, var ikke kronprinsparet like forn\u00f8yd p\u00e5 hjemreisen. Foto: NTB \/ Raquel Pires Photography\/Det kongelige Hoff \/\/ Video: Jamie Fawcett\/MEGA \/\/ Reporter: H\u00e5vard Bj\u00f8rnerem<\/p>\n<p class=\"font-weight-bold m-font-weight-bold\" data-lab-font_weight=\"font-weight-bold\">&#8211; Det er alltid en stor \u00e6re for NFF \u00e5 \u00f8nske kongefamilien velkommen til Ullevaal, og det er sv\u00e6rt gledelig at kongefamilien viser s\u00e5 stor interesse for norsk fotball, sier generalsekret\u00e6r Karl-Petter L\u00f8ken i Norges Fotballforbund i en\u00a0<a href=\"https:\/\/www.fotball.no\/tema\/nff-nyheter\/2025\/kronprinsfamilien-til-ullevaal\/\" target=\"_blank\" rel=\"nofollow noopener\">uttalelse.<\/a><\/p>\n<p>&#8211; Forh\u00e5pentlig f\u00e5r kongefamilien og resten av Ullevaal oppleve at vi er et stort skritt n\u00e6rmere VM-dr\u00f8mmen etter kampen, legger han til.<\/p>\n<p>    <a itemprop=\"url\" href=\"https:\/\/www.seher.no\/kongelig\/na-er-arsaken-avslort\/83836629\" rel=\"nofollow noopener\" target=\"_blank\"><\/p>\n<p>      <img loading=\"lazy\" decoding=\"async\" src=\"https:\/\/www.europesays.com\/no\/wp-content\/uploads\/2025\/11\/83836639.webp\" width=\"147\" height=\"98\" title=\"N\u00e5 er \u00e5rsaken avsl\u00f8rt\" alt=\"\" class=\"lazyload\" style=\"--aspect-ratio-image: 1.50; \"\/><\/p>\n<p>        N\u00e5 er \u00e5rsaken avsl\u00f8rt<\/p>\n<p>    <\/a><\/p>\n<p>Norge &#8211; Estland har avspark i kveld klokken 18. S\u00f8ndag avslutter St\u00e5le Solbakkens (57) menn VM-kvalifiseringen mot Italia i Milano.\u00a0<\/p>\n<p>Etter seks kamper har Norge full pott (18 poeng).<\/p>\n","protected":false},"excerpt":{"rendered":"Kronprinsfamilien skal ogs\u00e5 se Ullevaal-kampen. SKAL HEIE: Prins Sverre Magnus, kronprins Haakon og kronprinsesse Mette-Marit skal dukke opp&hellip;\n","protected":false},"author":2,"featured_media":86033,"comment_status":"","ping_status":"","sticky":false,"template":"","format":"standard","meta":{"footnotes":""},"categories":[5],"tags":[20,21,810,24,25,15,19,2590,76,1764,2293,22,23,17,18,13,30,28,29,14,16,402,1387,26,27],"class_list":{"0":"post-86032","1":"post","2":"type-post","3":"status-publish","4":"format-standard","5":"has-post-thumbnail","7":"category-overskrifter","8":"tag-breaking-news","9":"tag-breakingnews","10":"tag-erling-braut-haaland","11":"tag-featured-news","12":"tag-featurednews","13":"tag-headlines","14":"tag-hovedoppslag","15":"tag-kong-harald","16":"tag-kongelig","17":"tag-kronprins-haakon","18":"tag-kronprinsesse-mette-marit","19":"tag-latest-news","20":"tag-latestnews","21":"tag-main-news","22":"tag-mainnews","23":"tag-news","24":"tag-no","25":"tag-norge","26":"tag-norway","27":"tag-nyheter","28":"tag-overskrifter","29":"tag-prins-sverre-magnus","30":"tag-stale-solbakken","31":"tag-top-stories","32":"tag-topstories"},"share_on_mastodon":{"url":"https:\/\/pubeurope.com\/@no\/115541969119004752","error":""},"_links":{"self":[{"href":"https:\/\/www.europesays.com\/no\/wp-json\/wp\/v2\/posts\/86032","targetHints":{"allow":["GET"]}}],"collection":[{"href":"https:\/\/www.europesays.com\/no\/wp-json\/wp\/v2\/posts"}],"about":[{"href":"https:\/\/www.europesays.com\/no\/wp-json\/wp\/v2\/types\/post"}],"author":[{"embeddable":true,"href":"https:\/\/www.europesays.com\/no\/wp-json\/wp\/v2\/users\/2"}],"replies":[{"embeddable":true,"href":"https:\/\/www.europesays.com\/no\/wp-json\/wp\/v2\/comments?post=86032"}],"version-history":[{"count":0,"href":"https:\/\/www.europesays.com\/no\/wp-json\/wp\/v2\/posts\/86032\/revisions"}],"wp:featuredmedia":[{"embeddable":true,"href":"https:\/\/www.europesays.com\/no\/wp-json\/wp\/v2\/media\/86033"}],"wp:attachment":[{"href":"https:\/\/www.europesays.com\/no\/wp-json\/wp\/v2\/media?parent=86032"}],"wp:term":[{"taxonomy":"category","embeddable":true,"href":"https:\/\/www.europesays.com\/no\/wp-json\/wp\/v2\/categories?post=86032"},{"taxonomy":"post_tag","embeddable":true,"href":"https:\/\/www.europesays.com\/no\/wp-json\/wp\/v2\/tags?post=86032"}],"curies":[{"name":"wp","href":"https:\/\/api.w.org\/{rel}","templated":true}]}}