{"id":86034,"date":"2025-11-13T10:41:22","date_gmt":"2025-11-13T10:41:22","guid":{"rendered":"https:\/\/www.europesays.com\/no\/86034\/"},"modified":"2025-11-13T10:41:22","modified_gmt":"2025-11-13T10:41:22","slug":"signe-gaupset-sk-brann-ba-erfarer-signe-gaupset-blir-tottenham-spiller-for-rekordsum","status":"publish","type":"post","link":"https:\/\/www.europesays.com\/no\/86034\/","title":{"rendered":"Signe Gaupset, SK Brann | BA erfarer: Signe Gaupset blir Tottenham-spiller for rekordsum"},"content":{"rendered":"\n<p>Etter det BA og Nettavisen erfarer er Brann i prinsippet enige med engelske Tottenham Hotspur om en rekordavtale for Signe Gaupset, som betyr en gjenforening med den forrige Brann-treneren Martin Ho.<\/p>\n<p>Overgangen vil smadre rekorden for en spiller ut av den norske Toppserien.<\/p>\n<p>Flere kilder opplyser at London-klubben m\u00e5 ut med en totalpakke p\u00e5 godt over fem millioner kroner til Brann for den 20 \u00e5r gamle stjernen.<\/p>\n<p>   <img decoding=\"async\" width=\"6792\" height=\"4528\" fetchpriority=\"low\"  loading=\"lazy\"  src=\"https:\/\/www.europesays.com\/no\/wp-content\/uploads\/2025\/11\/1763030470_7_5_8_2482390_56.jpg\" alt=\"Brann-trener Martin Ho og stortalentet Signe Gaupset. Disse sportsh\u00f8ydepunktene venter p\u00e5 deg i Bergen det kommende \u00e5ret Det er mye \u00e5 glede seg til sportsfronten i Bergen. B\u00e5de for deg som vil delta og for deg som liker tribunelivet.\" class=\"brick-c-cFOWSL\" style=\"--brick-image-ratio: 6792 \/ 4528;\"\/><\/p>\n<p>      Gaupset og Ho hadde et tett b\u00e5nd i Brann. N\u00e5 blir de gjenforent.<br \/>\n      Foto: ANDERS KJ\u00d8LEN\n    <\/p>\n<p>Toppklubbene har st\u00e5tt i k\u00f8 for \u00e5 sikre seg 20-\u00e5ringen fra Molde i flere \u00e5r. Interessen \u00f8kte voldsomt etter at stjerneskuddet fikk vist seg frem i Champions League for to sesonger siden, og ikke minst under EM i sommer.<\/p>\n<p>B\u00e5de BA og Nettavisen kjenner til at flere av de st\u00f8rste klubbene i Europa har vist sterk interesse de siste m\u00e5nedene, og allerede i <a rel=\"Follow nofollow noopener\" href=\"https:\/\/www.ba.no\/her-er-tottenham-treneren-for-a-se-pa-brann-na-kan-han-kapre-signe-gaupset\/s\/5-8-3161133\" target=\"_blank\">september skrev vi om at London-klubben var p\u00e5 toppen av Gaupsets \u00f8nskeliste<\/a> n\u00e5 i vinter.<\/p>\n<ul>\n<li><b>Bla for \u00e5 se Gaupsets reise i Brann i bilder:<\/b><\/li>\n<\/ul>\n<p>  <a data-static=\"\" href=\"#skip-\" class=\"brick-c-fgNmNC\">Hopp over karusellen.<\/a><\/p>\n<p data-static=\"\" class=\"brick-c-fgNmNC\" id=\"carousel-title-\">Innholdskarusell med 29 artikler.<\/p>\n<ul data-static=\"\" class=\"contents-wrapper\" data-contents-wrapper=\"\" tabindex=\"0\" data-min-slides-to-show=\"1\" aria-label=\"Skrollbart innhold\">\n<li data-static=\"\" data-content-wrapper=\"\" data-content-item=\"\" tabindex=\"-1\" aria-label=\"Artikkel 1\">\n<p>   <img decoding=\"async\" width=\"4680\" height=\"3120\" fetchpriority=\"low\"  loading=\"lazy\"  src=\"https:\/\/www.europesays.com\/no\/wp-content\/uploads\/2025\/11\/untitled-1470.jpg\" alt=\"Signe Gaupset\" class=\"brick-c-cFOWSL\" style=\"--brick-image-ratio: 4680 \/ 3120;\"\/><\/p>\n<p>Gaupset kom til Sandviken fra Moldes J19-lag midtveis i 2021.<\/p>\n<p>Foto: BERNT-ERIK HAALAND<\/p>\n<\/li>\n<li data-static=\"\" data-content-wrapper=\"\" data-content-item=\"\" tabindex=\"-1\" aria-label=\"Artikkel 2\">\n<p>   <img decoding=\"async\" width=\"2200\" height=\"1526\" fetchpriority=\"low\"  loading=\"lazy\"  src=\"https:\/\/www.europesays.com\/no\/wp-content\/uploads\/2025\/11\/5_8_1676644_1628709377249+%281%29.jpg\" alt=\"Diamant: Litt uslepen, men Signe Gaupset skinte allerede i sin f\u00f8rste seniorkamp og scoret i sin debut for Sandviken i cupkampen mot \u00c5sane. FOTO: Odd L\u00f8vset, Hordalandsfotball. Signe Gaupset (16) ordnet cupavansement for Sandviken n\u00e6rmest p\u00e5 egen h\u00e5nd.\" class=\"brick-c-cFOWSL\" style=\"--brick-image-ratio: 2200 \/ 1526;\"\/><\/p>\n<p>Hun hadde sin debut i cupkampen mot \u00c5sane &#8211; hvor 16-\u00e5ringen sto for ett av Sandvikens to m\u00e5l. Der var for \u00f8vrig Sandra Stavenes keeper og Ingrid Stenevik kaptein.<\/p>\n<p>Foto: Odd L\u00f8vset, Hordalandsfotball<\/p>\n<\/li>\n<li data-static=\"\" data-content-wrapper=\"\" data-content-item=\"\" tabindex=\"-1\" aria-label=\"Artikkel 3\">\n<p>   <img decoding=\"async\" width=\"2048\" height=\"1366\" fetchpriority=\"low\"  loading=\"lazy\"  src=\"https:\/\/www.europesays.com\/no\/wp-content\/uploads\/2025\/11\/5_8_1692693_16__ring.jpg\" alt=\"Signe Gaupset (16) ble Sandvikens store helt mot Arna-Bj\u00f8rnar. Dr\u00f8mmedebuten gjorde pappa Ketil Gaupset r\u00f8rt.  16-\u00e5ring sendte Sandviken mot seriegull: \u2013 Dette er utrolig stort Ketil Gaupset fikk en t\u00e5re i \u00f8yekroken da han s\u00e5 sin 16 \u00e5r gamle datter sendte Stadion-publikumet til himmels med en dr\u00f8mmescoring.\" class=\"brick-c-cFOWSL\" style=\"--brick-image-ratio: 2048 \/ 1366;\"\/><\/p>\n<p>Toppserie-debuten kom like etterp\u00e5. Gaupset fikk plass i startelleveren mot Arna-Bj\u00f8rnar, en kamp som spiltes p\u00e5 Stadion. Igjen scoret hun m\u00e5l, sammen med Marthine \u00d8stenstad, Lisa Naalsund og Marit Bratberg Lund. Her m\u00f8tte hun en stolt pappa Ketil Gaupset etter kampen.<\/p>\n<p>Foto: RUNE JOHANSEN<\/p>\n<\/li>\n<li data-static=\"\" data-content-wrapper=\"\" data-content-item=\"\" tabindex=\"-1\" aria-label=\"Artikkel 4\">\n<p>   <img decoding=\"async\" width=\"2048\" height=\"1366\" fetchpriority=\"low\"  loading=\"lazy\"  src=\"https:\/\/www.europesays.com\/no\/wp-content\/uploads\/2025\/11\/5_8_1738608_Sandviken4.jpg\" alt=\"Fra venstre Signe Gaupset, Ingrid Spord, Tuva Hansen og Ingrid Stenevik. Gulljentene ble hyllet p\u00e5 Hotel Norge \" class=\"brick-c-cFOWSL\" style=\"--brick-image-ratio: 2048 \/ 1366;\"\/><\/p>\n<p>Det siste som skjedde for Sandviken var at de tok gull i Toppserien. Her ser du feiring med b\u00e5de Gaupset, Tuva Hansen (med pokalen) og Ingrid Stenevik p\u00e5 Hotel Norge.<\/p>\n<p>Foto: RUNE JOHANSEN<\/p>\n<\/li>\n<li data-static=\"\" data-content-wrapper=\"\" data-content-item=\"\" tabindex=\"-1\" aria-label=\"Artikkel 5\">\n<p>   <img decoding=\"async\" width=\"6000\" height=\"4000\" fetchpriority=\"low\"  loading=\"lazy\"  src=\"https:\/\/www.europesays.com\/no\/wp-content\/uploads\/2025\/11\/5_8_1819406_DSC05284.jpg\" alt=\"Signe Gaupset var god n\u00e5r hun kom innp\u00e5, men fikk som resten av laget hissige Hammarby-spillere raskt p\u00e5 seg. To un\u00f8dvendige baklengsm\u00e5l f\u00f8rte til tap mot aggressive Hammarby.\" class=\"brick-c-cFOWSL\" style=\"--brick-image-ratio: 6000 \/ 4000;\"\/><\/p>\n<p>I 2022 ble Sandviken til Brann, og dette var en av de f\u00f8rste av Gaupsets opptredener i r\u00f8d drakt. Her under treningskamp mot Hammarby.<\/p>\n<p>Foto: ALEXANDER LARSEN<\/p>\n<\/li>\n<li data-static=\"\" data-content-wrapper=\"\" data-content-item=\"\" tabindex=\"-1\" aria-label=\"Artikkel 6\">\n<p>   <img decoding=\"async\" width=\"3500\" height=\"2333\" fetchpriority=\"low\"  loading=\"lazy\"  src=\"https:\/\/www.europesays.com\/no\/wp-content\/uploads\/2025\/11\/5_8_2009022_512_DSC_0707_2.jpg\" alt=\"Signe Gaupset trente alternativt torsdag. Hun kom hjem fra landslagssamling med et kraftig forsl\u00e5tt kne.  Signe Gaupset (17) kom hjem fra landslagssamling med skade. Det liker naturligvis Brann d\u00e5rlig.  \" class=\"brick-c-cFOWSL\" style=\"--brick-image-ratio: 3500 \/ 2333;\"\/><\/p>\n<p>Gaupset spilte alle foruten to kamper i f\u00f8rste halvdel av 2022. Men s\u00e5 kom hun hjem fra landslagssamling med et ordentlig forsl\u00e5tt kne &#8230;<\/p>\n<p>Foto: SKJALG EKELAND          <\/p>\n<\/li>\n<li data-static=\"\" data-content-wrapper=\"\" data-content-item=\"\" tabindex=\"-1\" aria-label=\"Artikkel 7\">\n<p>   <img decoding=\"async\" width=\"5428\" height=\"3619\" fetchpriority=\"low\"  loading=\"lazy\"  src=\"https:\/\/www.europesays.com\/no\/wp-content\/uploads\/2025\/11\/5_8_2014710_3_0_jubel.jpg\" alt=\"Kolbotn, Norway 20220914. Brann jubel etter scoring av Signe Gaupset under semifinalekampen i fotball-NM mellom Kolbotn og Brann p\u00e5 Sofiemyr stadion.Foto: H\u00e5kon Mosvold Larsen \/ NTB\" class=\"brick-c-cFOWSL\" style=\"--brick-image-ratio: 5428 \/ 3619;\"\/><\/p>\n<p>&#8230; krigeren fra Molde ristet det av seg, teipet kneet, og ble m\u00e5lscorer i cupsemifinalen mot Kolbotn uken etter bildet ble tatt p\u00e5 Stemmemyren.<\/p>\n<p>Foto: H\u00e5kon Mosvold Larsen\/NTB<\/p>\n<\/li>\n<li data-static=\"\" data-content-wrapper=\"\" data-content-item=\"\" tabindex=\"-1\" aria-label=\"Artikkel 8\">\n<p>   <img decoding=\"async\" width=\"4928\" height=\"3280\" fetchpriority=\"low\"  loading=\"lazy\"  src=\"https:\/\/www.europesays.com\/no\/wp-content\/uploads\/2025\/11\/5_8_2062536_NTB_iXsoOfwW7YI.jpg\" alt=\"Oslo 20221105. Branns Signe Gaupset (t.v) etter NM-finalekampen i fotball mellom Brann og Stab\u00e6k p\u00e5 Ullev\u00e5l stadion i Oslo.Foto: Annika Byrde \/ NTB\" class=\"brick-c-cFOWSL\" style=\"--brick-image-ratio: 4928 \/ 3280;\"\/><\/p>\n<p>Gaupset toppet det hele med matchvinnerstatus i cupfinalen mot Stab\u00e6k samme \u00e5r. Da tok hun ogs\u00e5 seriegull.<\/p>\n<p>Foto: Annika Byrde\/NTB<\/p>\n<\/li>\n<li data-static=\"\" data-content-wrapper=\"\" data-content-item=\"\" tabindex=\"-1\" aria-label=\"Artikkel 9\">\n<p>   <img decoding=\"async\" width=\"4928\" height=\"3280\" fetchpriority=\"low\"  loading=\"lazy\"  src=\"https:\/\/www.europesays.com\/no\/wp-content\/uploads\/2025\/11\/NTB_QX1l7LnnYsE.jpg\" alt=\"Oslo 20221105. &#10;Branns Signe Gaupset mottar kongepokalen av Kronprins Haakon  etter \u00e5 ha blitt Norgesmester i fotball 2022. Brann slo Stab\u00e6k 3-1 i cupfinalen p\u00e5 Ullevaal stadion i Oslo.&#10;Foto: Annika Byrde \/ NTB\" class=\"brick-c-cFOWSL\" style=\"--brick-image-ratio: 4928 \/ 3280;\"\/><\/p>\n<p>B\u00e5de kronprins Haakon, kronprinsesse Mette Marit og fotballpresident Lise Klaveness var til stede da Gaupset fikk seiersbeviset.<\/p>\n<p>Foto: Annika Byrde\/NTB<\/p>\n<\/li>\n<li data-static=\"\" data-content-wrapper=\"\" data-content-item=\"\" tabindex=\"-1\" aria-label=\"Artikkel 10\">\n<p>   <img decoding=\"async\" width=\"2000\" height=\"1333\" fetchpriority=\"low\"  loading=\"lazy\"  src=\"https:\/\/www.europesays.com\/no\/wp-content\/uploads\/2025\/11\/5_8_2288895_80_Small.jpg\" alt=\"Endelig smiler livet til Signe Gaupset igjen.  Tilbakeslagene har st\u00e5tt i k\u00f8. N\u00e5 er cupfinalehelten Signe (17) tilbake.  Signe Gaupset var sp\u00e5dd en stor sesong dette \u00e5ret, men har sittet p\u00e5 tribunen s\u00e5 langt. N\u00e5 kommer talentet med gode nyheter.\" class=\"brick-c-cFOWSL\" style=\"--brick-image-ratio: 2000 \/ 1333;\"\/><\/p>\n<p>Cupfinalen ble det siste Gaupset gjorde i Brann-drakt p\u00e5 en stund. Hun slet med tretthetsbrudd og overbelastning i flere m\u00e5neder, og fikk ikke sin 2023-debut f\u00f8r 18. juni.<\/p>\n<p>Foto: ANDERS KJ\u00d8LEN<\/p>\n<\/li>\n<li data-static=\"\" data-content-wrapper=\"\" data-content-item=\"\" tabindex=\"-1\" aria-label=\"Artikkel 11\">\n<p>   <img decoding=\"async\" width=\"1135\" height=\"912\" fetchpriority=\"low\"  loading=\"lazy\"  src=\"https:\/\/www.europesays.com\/no\/wp-content\/uploads\/2025\/11\/5_8_2349925_blblblb.jpg\" alt=\"B\u00e5de Signe Gaupset, Sara Ritter og Mille Aune har v\u00e6rt skadet. Av de tre er Aune trolig raskest tilbake i kamp. Syv spillere ute fem dager f\u00f8r h\u00f8stsesongen starter.\" class=\"brick-c-cFOWSL\" style=\"--brick-image-ratio: 1135 \/ 912;\"\/><\/p>\n<p>&#8230; men etter fire kamper sa det stopp igjen. Skaden var tilbake. Her sitter Gaupset med Sara Ritter og Mille Aune, som ogs\u00e5 slet med skader.<\/p>\n<p>Foto: EMIL WEATHERHEAD BREISTEIN<\/p>\n<\/li>\n<li data-static=\"\" data-content-wrapper=\"\" data-content-item=\"\" tabindex=\"-1\" aria-label=\"Artikkel 12\">\n<p>   <img decoding=\"async\" width=\"4017\" height=\"2678\" fetchpriority=\"low\"  loading=\"lazy\"  src=\"https:\/\/www.europesays.com\/no\/wp-content\/uploads\/2025\/11\/5_8_2442254_DSC_9163_redigert.jpg\" alt=\"Signe Gaupset skulle egentlig ikke spilt fotball denne h\u00f8sten. Mot St. P\u00f6lten var hun helt avgj\u00f8rende.  Her jubler hun for scoringen som er verdt sin vekt i gull Brann fikk en dr\u00f8mmestart i Champions League. De vant sin f\u00f8rste gruppespill-kamp 2-1 og innkasserte over en halv million kroner. \" class=\"brick-c-cFOWSL\" style=\"--brick-image-ratio: 4017 \/ 2678;\"\/><\/p>\n<p>Gaupset gikk glipp av flere kamper i kvalifiseringen til Champions League i 2023. Hun spilte en halvtime i 2. kvalifiseringskamp mot Lauren Davidsons Glasgow City for \u00e5 se an statusen.<\/p>\n<p>Foto: SKJALG EKELAND<\/p>\n<\/li>\n<li data-static=\"\" data-content-wrapper=\"\" data-content-item=\"\" tabindex=\"-1\" aria-label=\"Artikkel 13\">\n<p>   <img decoding=\"async\" width=\"4128\" height=\"2752\" fetchpriority=\"low\"  loading=\"lazy\"  src=\"https:\/\/www.europesays.com\/no\/wp-content\/uploads\/2025\/11\/5_8_2472506_ABK_8416.jpg\" alt=\"Martin Peter Ho sammen med Signe Gaupset som storspilte i 1. omgang. \u2013 Det f\u00f8ltes som et slag i trynet, sier Ingrid Stenevik om beskjeden hun fikk.\" class=\"brick-c-cFOWSL\" style=\"--brick-image-ratio: 4128 \/ 2752;\"\/><\/p>\n<p>Til tross for tap i gruppespillet mot Lyon &#8211; i Lyon, var tonen god mellom hovedtrener Martin Ho og Gaupset som imponerte selv om Brann var sjansel\u00f8se.<\/p>\n<p>Foto: ANDERS KJ\u00d8LEN<\/p>\n<\/li>\n<li data-static=\"\" data-content-wrapper=\"\" data-content-item=\"\" tabindex=\"-1\" aria-label=\"Artikkel 14\">\n<p>   <img decoding=\"async\" width=\"4128\" height=\"2752\" fetchpriority=\"low\"  loading=\"lazy\"  src=\"https:\/\/www.europesays.com\/no\/wp-content\/uploads\/2025\/11\/5_8_2482501_BA9_9340.jpg\" alt=\"God stemning i kulden p\u00e5 \u00c5sane Arena. Lyon har mange verdenstjener, men Brann har 18-\u00e5ringen Signe Gaupset. \u2013 Ren lykke, sier stortalentet.\" class=\"brick-c-cFOWSL\" style=\"--brick-image-ratio: 4128 \/ 2752;\"\/><\/p>\n<p>S\u00e5 var det duket for Lyon hjemme. \u00c5sane Arena var fullsatt, og tre dager gjensto til julaften. \u00abIngen\u00bb hadde forventet det de skulle se p\u00e5 kunstgresset denne kvelden.<\/p>\n<p>Foto: ANDERS KJ\u00d8LEN<\/p>\n<\/li>\n<li data-static=\"\" data-content-wrapper=\"\" data-content-item=\"\" tabindex=\"-1\" aria-label=\"Artikkel 15\">\n<p>   <img decoding=\"async\" width=\"2652\" height=\"1768\" fetchpriority=\"low\"  loading=\"lazy\"  src=\"https:\/\/www.europesays.com\/no\/wp-content\/uploads\/2025\/11\/NTB__TRBZoIvOpQ.jpg\" alt=\"Bergen 20231221. &#10;Ada Hegerberg jubler sammen med lagvenninner etter at hun ga Lyon ledelsen 2-0 p\u00e5 straffe i kampen i gruppespillet i Champions League mellom Brann og Lyon p\u00e5 \u00c5sane Arena.&#10;Foto: Paul S. Amundsen \/ NTB\" class=\"brick-c-cFOWSL\" style=\"--brick-image-ratio: 2652 \/ 1768;\"\/><\/p>\n<p>Ada Hegerberg var med p\u00e5 \u00e5 sende Lyon i ledelsen 2-0 p\u00e5 \u00c5sane Arena. Men s\u00e5 reduserte Justine Kielland. Like f\u00f8r slutt sto det 2-1 til de bl\u00e5.<\/p>\n<p>Foto: Paul S. Amundsen\/NTB<\/p>\n<\/li>\n<li data-static=\"\" data-content-wrapper=\"\" data-content-item=\"\" tabindex=\"-1\" aria-label=\"Artikkel 16\">\n<p>   <img decoding=\"async\" width=\"5668\" height=\"3781\" fetchpriority=\"low\"  loading=\"lazy\"  src=\"https:\/\/www.europesays.com\/no\/wp-content\/uploads\/2025\/11\/NTB_RsHhJgrcTKY.jpg\" alt=\"Bergen 20231221. &#10;Jublende Brann-spillere etter at Signe Gaupset lengst t.v. utliknet til 2-2 i kampen i gruppespillet i Champions League mellom Brann og Lyon p\u00e5 \u00c5sane Arena.&#10;Foto: Paul S. Amundsen \/ NTB\" class=\"brick-c-cFOWSL\" style=\"--brick-image-ratio: 5668 \/ 3781;\"\/><\/p>\n<p>Like f\u00f8r slutt bestemte Gaupset seg for \u00e5 gi hele Bergen en julegave. P\u00e5 corner var det hun som fikk fatt i ballen og utlignet til 2-2 mot en av fotballstormaktene i Europa. Det var ren eufori i \u00c5sane.<\/p>\n<p>Foto: Paul S. Amundsen\/NTB<\/p>\n<\/li>\n<li data-static=\"\" data-content-wrapper=\"\" data-content-item=\"\" tabindex=\"-1\" aria-label=\"Artikkel 17\">\n<p>   <img decoding=\"async\" width=\"6116\" height=\"4078\" fetchpriority=\"low\"  loading=\"lazy\"  src=\"https:\/\/www.europesays.com\/no\/wp-content\/uploads\/2025\/11\/5_8_2512217_EWB_4734.jpg\" alt=\"Noen i fortvilelse, andre i himmelen. Signe Gaupset f\u00e5r \u00e6ren for 1-0 til Brann. Kjenn litt p\u00e5 denne setningen: Brann er i kvartfinale i Champions League!\" class=\"brick-c-cFOWSL\" style=\"--brick-image-ratio: 6116 \/ 4078;\"\/><\/p>\n<p>I januar 2024 fortsatte ferden i Champions League-gruppespillet. Kanskje var det Slavia Prahas keeper som var sistemann p\u00e5 ball, men m\u00e5let krediterte BA den gang til Signe Gaupset. 1-0-seieren i Tsjekkia sikret Brann en kvartfinale i mesterskapet.<\/p>\n<p>Foto: EMIL W. BREISTEIN<\/p>\n<\/li>\n<li data-static=\"\" data-content-wrapper=\"\" data-content-item=\"\" tabindex=\"-1\" aria-label=\"Artikkel 18\">\n<p>   <img decoding=\"async\" width=\"5140\" height=\"3427\" fetchpriority=\"low\"  loading=\"lazy\"  src=\"https:\/\/www.europesays.com\/no\/wp-content\/uploads\/2025\/11\/5_8_2543994_NTB_bALgG6nqQj4.jpg\" alt=\"Stavanger, Norway 20240227. Norges Signe Gaupset under fotballkampen i nasjonsligaen for kvinner mellom Norge og Kroatia p\u00e5 SR-bank arena i Stavanger.Foto: Carina Johansen \/ NTB\" class=\"brick-c-cFOWSL\" style=\"--brick-image-ratio: 5140 \/ 3427;\"\/><\/p>\n<p>Storspillet ble til landslagsuttak. For f\u00f8rste gang ble hun i starten av 2024 tatt ut til A-landslaget.<\/p>\n<p>Foto: Carina Johansen\/NTB<\/p>\n<\/li>\n<li data-static=\"\" data-content-wrapper=\"\" data-content-item=\"\" tabindex=\"-1\" aria-label=\"Artikkel 19\">\n<p>   <img decoding=\"async\" width=\"2472\" height=\"1648\" fetchpriority=\"low\"  loading=\"lazy\"  src=\"https:\/\/www.europesays.com\/no\/wp-content\/uploads\/2025\/11\/DSC_8892_kopi.jpg\" alt=\"UEFA Womens Champions League, kvartfinale Barcelona - Brann p\u00e5 Johan Cruyff stadion i Barcelona. &#10;&#10;Etter kamp ble Signe Gaupset tr\u00f8stet av Gullballen vinner Aitana Bonmati\" class=\"brick-c-cFOWSL\" style=\"--brick-image-ratio: 2472 \/ 1648;\"\/><\/p>\n<p>I mars 2024 endte Champions Legue-eventyret i Barcelona etter kvartfinalen. Da fikk Gaupset tr\u00f8st av Gullballen-vinner Aitana Bonmati og Caroline Graham Hansen.<\/p>\n<p>Foto: Skjalg Ekeland<\/p>\n<\/li>\n<li data-static=\"\" data-content-wrapper=\"\" data-content-item=\"\" tabindex=\"-1\" aria-label=\"Artikkel 20\">\n<p>   <img decoding=\"async\" width=\"8256\" height=\"5504\" fetchpriority=\"low\"  loading=\"lazy\"  src=\"https:\/\/www.europesays.com\/no\/wp-content\/uploads\/2025\/11\/20+%281%29.jpg\" alt=\"Brann kvinner - Rosenborg kvinner 2-1.&#10;F\u00f8rste kamp p\u00e5 Brann stadion i 2024&#10;&#10;Signe Gaupset, Justine Kielland, Johanna Renmark, Anna Aahjem, Cecilie Redisch Kvamme, Tomine Svendheim og Marthine \u00d8stenstad.&#10;&#10;Og selvf\u00f8lgelig Thorbj\u00f8rn Fardal i bakgrunnen.&#10;&#10;Supportere\" class=\"brick-c-cFOWSL\" style=\"--brick-image-ratio: 8256 \/ 5504;\"\/><\/p>\n<p>Gaupset spilte faktisk alle Branns kamper i 2024. B\u00e5de cup, serie og Champions League. Hun ble en yndling b\u00e5de for Bergen og for Martin Ho.<\/p>\n<p>Foto: ANDERS KJ\u00d8LEN<\/p>\n<\/li>\n<li data-static=\"\" data-content-wrapper=\"\" data-content-item=\"\" tabindex=\"-1\" aria-label=\"Artikkel 21\">\n<p>   <img decoding=\"async\" width=\"8256\" height=\"5504\" fetchpriority=\"low\"  loading=\"lazy\"  src=\"https:\/\/www.europesays.com\/no\/wp-content\/uploads\/2025\/11\/DSC_7733_kopi+%281%29.jpg\" alt=\"Brann damelaget p\u00e5 treningsleir i Marbella.&#10;&#10;Signe Gaupset\" class=\"brick-c-cFOWSL\" style=\"--brick-image-ratio: 8256 \/ 5504;\"\/><\/p>\n<p>2025 startet med et lite dillemma for spilleren. Hun avsluttet avtalen med agenten sin, og umiddelbart sto det nye agenter i k\u00f8 for \u00e5 signere henne, fortalte hun BA. Hun endte som f\u00f8rste kvinne i Tore Pedersens stall &#8211; et tegn p\u00e5 at hun snart var klar for et steg ut av Norge.<\/p>\n<p>Foto: SKJALG EKELAND<\/p>\n<\/li>\n<li data-static=\"\" data-content-wrapper=\"\" data-content-item=\"\" tabindex=\"-1\" aria-label=\"Artikkel 22\">\n<p>   <img decoding=\"async\" width=\"2688\" height=\"1792\" fetchpriority=\"low\"  loading=\"lazy\"  src=\"https:\/\/www.europesays.com\/no\/wp-content\/uploads\/2025\/11\/EH9_3540.jpg\" alt=\"Brann vant 2-0 over H\u00f8nefoss i kveldens seriekamp for kvinner i fotball p\u00e5 Brann stadion.\" class=\"brick-c-cFOWSL\" style=\"--brick-image-ratio: 2688 \/ 1792;\"\/><\/p>\n<p>Egentlig gikk kontrakten hennes ut sommeren 2025, men i mars forlenget hun ut 2027, og byttet samtidig draktnummer &#8211; naturligvis til nummer 10.<\/p>\n<p>Foto: EIRIK HAGES\u00c6TER<\/p>\n<\/li>\n<li data-static=\"\" data-content-wrapper=\"\" data-content-item=\"\" tabindex=\"-1\" aria-label=\"Artikkel 23\">\n<p>   <img decoding=\"async\" width=\"3000\" height=\"1998\" fetchpriority=\"low\"  loading=\"lazy\"  src=\"https:\/\/www.europesays.com\/no\/wp-content\/uploads\/2025\/11\/cueres_scp-mangler_navn_qalFAZOa59w+%281%29.jpg\" alt=\"Norway's Signe Gaupset, left, celebrates with her teammate Elisabeth Terland, right,  after scoring the opening goal during the UEFA Women's EURO 2025 Group A soccer match between Norway and Iceland in Thun, Switzerland, Thursday, July 10, 2025. (Peter Klaunzer\/Keystone via AP)\" class=\"brick-c-cFOWSL\" style=\"--brick-image-ratio: 3000 \/ 1998;\"\/><\/p>\n<p>I sommer storspilte hun under EM i Sveits. Blant annet scoret hun to av m\u00e5lene mot Island i 4-2-seieren.<\/p>\n<p>Foto: Peter Klaunzer\/Keystone via AP<\/p>\n<\/li>\n<li data-static=\"\" data-content-wrapper=\"\" data-content-item=\"\" tabindex=\"-1\" aria-label=\"Artikkel 24\">\n<p>   <img decoding=\"async\" width=\"249\" height=\"202\" fetchpriority=\"low\"  loading=\"lazy\"  src=\"https:\/\/www.europesays.com\/no\/wp-content\/uploads\/2025\/11\/images+%282%29.jpg\" alt=\"\" class=\"brick-c-cFOWSL\" style=\"--brick-image-ratio: 249 \/ 202;\"\/><\/p>\n<p>Ti \u00e5r gammel var Ada Hegerberg det store idolet til Gaupset.<\/p>\n<p>Foto: Privat<\/p>\n<\/li>\n<li data-static=\"\" data-content-wrapper=\"\" data-content-item=\"\" tabindex=\"-1\" aria-label=\"Artikkel 25\">\n<p>   <img decoding=\"async\" width=\"3084\" height=\"2056\" fetchpriority=\"low\"  loading=\"lazy\"  src=\"https:\/\/www.europesays.com\/no\/wp-content\/uploads\/2025\/11\/NTB_KvmrLHKqNeE.jpg\" alt=\"C\u00e1diz, Spania 20251028. &#10;Norges Signe Gaupset scorer og blir gratulert av Ada Hegerberg i privatlandskampen i fotball for kvinner mellom Norge og Japan  p\u00e5 Ciudad de La L\u00ednea Stadium.&#10;Foto: Jorge Guerrero \/ NTB\" class=\"brick-c-cFOWSL\" style=\"--brick-image-ratio: 3084 \/ 2056;\"\/><\/p>\n<p>Utviklingen i Brann har gjort dem til gode lagkamerater p\u00e5 landslaget. Som her, da Gaupset scoret de to eneste m\u00e5lene i landskampen mot Japan nylig.<\/p>\n<p>Foto: Jorge Guerrero\/NTB<\/p>\n<\/li>\n<li data-static=\"\" data-content-wrapper=\"\" data-content-item=\"\" tabindex=\"-1\" aria-label=\"Artikkel 26\">\n<p>   <img decoding=\"async\" width=\"6192\" height=\"4128\" fetchpriority=\"low\"  loading=\"lazy\"  src=\"https:\/\/www.europesays.com\/no\/wp-content\/uploads\/2025\/11\/EWB_8770-1.jpg\" alt=\"Brann - Lyn 9-0 Brann stadion Toppserien\" class=\"brick-c-cFOWSL\" style=\"--brick-image-ratio: 6192 \/ 4128;\"\/><\/p>\n<p>For Brann ble det seier mot Inter og Braga i Milano under Champions League-kvalifiseringen, og det ble seier mot United p\u00e5 Stadion. Men Europa-eventyret stoppet br\u00e5tt etter to Hammarby-kamper.<\/p>\n<p>Foto: Emil Weatherhead Breistein<\/p>\n<\/li>\n<li data-static=\"\" data-content-wrapper=\"\" data-content-item=\"\" tabindex=\"-1\" aria-label=\"Artikkel 27\">\n<p>   <img decoding=\"async\" width=\"2714\" height=\"1810\" fetchpriority=\"low\"  loading=\"lazy\"  src=\"https:\/\/www.europesays.com\/no\/wp-content\/uploads\/2025\/11\/EWB_2681+%282%29.jpg\" alt=\"Her sitter Ho p\u00e5 tribunen under United-Brann.\" class=\"brick-c-cFOWSL\" style=\"--brick-image-ratio: 2714 \/ 1810;\"\/><\/p>\n<p>Da Brann var i Manchester for \u00e5 m\u00f8te United til siste kamp, var Tottenham-trener Martin Ho p\u00e5 plass p\u00e5 tribunene. For \u00e5 se laget &#8211; og selvsagt Gaupset som han p\u00e5 forh\u00e5nd sa til BA at han h\u00e5pet \u00e5 jobbe med igjen.<\/p>\n<p>Foto: Emil Weatherhead Breistein<\/p>\n<\/li>\n<li data-static=\"\" data-content-wrapper=\"\" data-content-item=\"\" tabindex=\"-1\" aria-label=\"Artikkel 28\">\n<p>   <img decoding=\"async\" width=\"6192\" height=\"4128\" fetchpriority=\"low\"  loading=\"lazy\"  src=\"https:\/\/www.europesays.com\/no\/wp-content\/uploads\/2025\/11\/EWB_3096.jpg\" alt=\"Brann Stab\u00e6k 3 -0 Brann Stadion toppserien\" class=\"brick-c-cFOWSL\" style=\"--brick-image-ratio: 6192 \/ 4128;\"\/><\/p>\n<p>I hele \u00e5r har hun herjet b\u00e5de p\u00e5 Stadion og p\u00e5 bortebane. Hun ble Branns toppscorer med 15 m\u00e5l, som ble nummer tre nasjonalt bak V\u00e5lerengas Olaug Tvedten og Karina S\u00e6vik.<\/p>\n<p>Foto: Emil Weatherhead Breistein<\/p>\n<\/li>\n<li data-static=\"\" data-content-wrapper=\"\" data-content-item=\"\" tabindex=\"-1\" aria-label=\"Artikkel 29\">\n<p>   <img decoding=\"async\" width=\"8192\" height=\"5464\" fetchpriority=\"low\"  loading=\"lazy\"  src=\"https:\/\/www.europesays.com\/no\/wp-content\/uploads\/2025\/11\/NTB_9HCwv-7zDqU.jpg\" alt=\"Bergen 20251101. &#10;Branns Signe Gaupset jubler etter fotballkampen i Toppserien mellom SK Brann kvinner og Rosenborg p\u00e5 Brann stadion.&#10;Foto: Paul S. Amundsen \/ NTB\" class=\"brick-c-cFOWSL\" style=\"--brick-image-ratio: 8192 \/ 5464;\"\/><\/p>\n<p>Sesongen &#8211; og Brann-karrieren &#8211; ble avsluttet med seriegull.<\/p>\n<p>Foto: Paul S. Amundsen\/NTB<\/p>\n<\/li>\n<\/ul>\n<p>  Knuste den norske rekorden<\/p>\n<p>For under et \u00e5r siden forlenget Gaupset kontrakten sin med Brann, som egentlig gikk ut i sommer, men n\u00e5 er det inng\u00e5tt en avtale om \u00e5 selge henne til Tottenham.<\/p>\n<p>    Vil du se neste video?<\/p>\n<p>    <a href=\"https:\/\/www.ba.no\/signe-gaupset-blir-tottenham-spiller\/v\/5-8-3220812\" class=\"recommend-poster\" data-adp-clicklabel=\"video-recommend\" data-adp-clickvalue=\"poster\" rel=\"nofollow noopener\" target=\"_blank\"><br \/>\n      <img decoding=\"async\" width=\"200\" height=\"200\" loading=\"lazy\" src=\"https:\/\/www.europesays.com\/no\/wp-content\/uploads\/2025\/11\/v-i-9ed607d8-f91b-465f-bd35-e7a8d2952a0c-1.jpg\" alt=\"\" class=\"brick-c-cFOWSL\" style=\"--brick-image-ratio: 200 \/ 200;\"\/><\/p>\n<p>Signe Gaupset blir Tottenham-spiller: \u2013 Fantastisk spiller0:52<\/p>\n<p>    <\/a><\/p>\n<p>Den forrige rekorden ble satt av Julie Blakstad, da hun ble solgt for cirka 2 millioner kroner fra Rosenborg til Manchester City i 2022.<\/p>\n<p>Til BA har Blakstad fortalt at hun forventet at rekorden kom til \u00e5 bli sl\u00e5tt snarlig \u2013 selvsagt av Gaupset. Den internasjonale rekorden ble satt n\u00e5 i sommer, da Olivia Smith ble signert av Arsenal for det som blir i underkant av 14 millioner norske kroner.<\/p>\n<p>   <img decoding=\"async\" width=\"6962\" height=\"4641\" fetchpriority=\"low\"  loading=\"lazy\"  src=\"https:\/\/www.europesays.com\/no\/wp-content\/uploads\/2025\/11\/brann-77+%281%29.jpg\" alt=\"Brann trening kvinner\" class=\"brick-c-cFOWSL\" style=\"--brick-image-ratio: 6962 \/ 4641;\"\/><\/p>\n<p>      Gaupsets overgangssum er den h\u00f8yeste i norsk kvinnefotball gjennom tidene.<br \/>\n      Foto: ANNA ROS\u00c9 WALDERHAUG\n    <\/p>\n<p>Brann avslo flere bud p\u00e5 Gaupset i forrige overgangsvindu, og<a href=\"https:\/\/www.ba.no\/brann-forlanger-rekordsum-har-avslatt-flere-bud-pa-signe-gaupset\/s\/5-8-3108051\" rel=\"nofollow noopener\" target=\"_blank\"> forlangte ikke annet enn en rekordsum.<\/a><\/p>\n<p>Hun avslutter karrieren i Brann med 121 kamper, 33 m\u00e5l, ett cupgull, tre seriegull og en kvartfinale i Champions League.<\/p>\n<p>Branns sportssjef, Lars Johan Myklebust, vil ikke kommentere BAs opplysninger p\u00e5 n\u00e5v\u00e6rende tidspunkt.<\/p>\n<p><a href=\"https:\/\/www.tv2.no\/sport\/gaupset-pa-vei-til-engelsk-storklubb-et-fint-steg\/18285057\/\" rel=\"Follow nofollow noopener\" target=\"_blank\">Til TV 2 <\/a>sier Gaupset selv at hun har landet p\u00e5 at Tottenham er et fint neste steg.<\/p>\n<p>\u2013 Spilletid er det viktigste. G\u00e5r man til en av de st\u00f8rste klubbene blir det st\u00f8rre konkurranse. Det er fordeler og ulemper med alt, men \u00e5 g\u00e5 til en klubb der jeg f\u00e5r spilt og utviklet meg er det viktigste.<\/p>\n<p>\u2013 Ikke noe valg<\/p>\n<p>Dermed blir det et 2026 uten Signe Gaupset i norsk fotball.<\/p>\n<p>BAs fotballekspert Jonas Gr\u00f8nner mener det vil v\u00e6re vanskelig \u00e5 f\u00e5 tak i en Gaupset-erstatter, men samtidig mener han at spilleren, som en av dem som har v\u00e6rt i klubben lengst, virkelig fortjener en overgang.<\/p>\n<p>\u2013 Dette er et historisk godt salg av Brann, men er det verdt det? Den sportslige nedturen det inneb\u00e6rer skal vanskelig erstattes med fem millioner kroner. Fortjener Signe det? Ja! S\u00e5nn sett har man ikke noe valg. Vi skal takke henne for at hun ble i h\u00f8st og sikret seriegullet. Uten henne hadde det ikke blitt noe gull, det er jeg sikker p\u00e5, sier eksperten.<\/p>\n<p>   <img decoding=\"async\" width=\"1200\" height=\"800\" fetchpriority=\"low\"  loading=\"lazy\"  src=\"https:\/\/www.europesays.com\/no\/wp-content\/uploads\/2025\/11\/NTB_9HCwv-7zDqU+%281%29.jpg\" alt=\"\" class=\"brick-c-cFOWSL\" style=\"--brick-image-ratio: 1200 \/ 800;\"\/><\/p>\n<p>      Sesongen &#8211; og Brann-karrieren &#8211; ble avsluttet med seriegull.<br \/>\nFoto: Paul S. Amundsen\/NTB<\/p>\n<p>Etter at hun fikk sitt fjerde gule kort for sesongen mot Stab\u00e6k forrige uke, m\u00e5 hun i karantene i siste seriekamp mot Bod\u00f8\/Glimt l\u00f8rdag. Det betyr at hun er ferdigspilt i Bergen allerede n\u00e5.<\/p>\n<p>\u2013 S\u00e5 n\u00e5 m\u00e5 man takke henne av p\u00e5 en ordentlig m\u00e5te, det fortjener hun. Alle til Stadion, roper Gr\u00f8nner.<\/p>\n<p>  <a href=\"https:\/\/www.ba.no\/5-8-3108051\" class=\"related-teaser has-image default-story-teaser article--c-eRUmMG article--c-eRUmMG-jKCPdD-design-default\" rel=\"nofollow noopener\" target=\"_blank\"><\/p>\n<p>    <img decoding=\"async\" loading=\"lazy\"  src=\"https:\/\/www.europesays.com\/no\/wp-content\/uploads\/2025\/09\/brann-19.jpg\" alt=\"\" class=\"brick-c-cFOWSL\" style=\"\"\/><\/p>\n<p>\n            Les ogs\u00e5<\/p>\n<p>              Forlanger rekordsum: Brann har avsl\u00e5tt flere bud p\u00e5 superstjernen\n        <\/p>\n<p>  <\/a><br \/>\n  Ho-suksess i London<\/p>\n<p>Gaupset fikk en smakebit av engelsk fotball tidligere i h\u00f8st da Brann m\u00f8tte Manchester United til et dobbeltoppgj\u00f8r i kvalifiseringen til Champions League. 20-\u00e5ringen hadde assist p\u00e5 Ingrid Steneviks m\u00e5l p\u00e5 Stadion, som ble tidenes mest bes\u00f8kte kvinnekamp p\u00e5 norsk jord.<\/p>\n<p>Da returen skulle spilles p\u00e5 Leigh Sports Village utenfor Manchester, ble det t\u00f8ffere for Brann. Da satt Martin Ho p\u00e5 tribunen og s\u00e5 p\u00e5.<\/p>\n<p>  <a href=\"https:\/\/www.ba.no\/5-8-3161133\" class=\"related-teaser has-image default-story-teaser article--c-eRUmMG article--c-eRUmMG-jKCPdD-design-default\" rel=\"nofollow noopener\" target=\"_blank\"><\/p>\n<p>    <img decoding=\"async\" loading=\"lazy\"  src=\"https:\/\/www.europesays.com\/no\/wp-content\/uploads\/2025\/11\/EWB_2681+%281%29.jpg\" alt=\"\" class=\"brick-c-cFOWSL\" style=\"\"\/><\/p>\n<p>\n            Les ogs\u00e5<\/p>\n<p>              Her er gamletreneren for \u00e5 se p\u00e5 Brann. N\u00e5 kan han kapre Signe Gaupset.\n        <\/p>\n<p>  <\/a><\/p>\n<p>BA m\u00f8tte ham f\u00f8r kampen, hvor han innr\u00f8mmet at han hadde et \u00f8nske om \u00e5 jobbe med Gaupset igjen.<\/p>\n<p>\u2013 Jeg liker \u00e5 jobbe med henne, hun er en fantastisk person og spiller. Vi har f\u00e5tt til mye sammen p\u00e5 kort tid. Hun har mange muligheter i England og utenfor grensene p\u00e5 grunn av talentet hennes. Uansett hva hun gj\u00f8r som neste steg vil jeg st\u00f8tte henne. Jeg vil s\u00f8rge for at hun f\u00e5r en fantastisk karriere, sa han da.<\/p>\n<p><b>N\u00e5 er det alts\u00e5 klart at de to blir gjenforent i London, hvor Tottenham under Ho har gjort det betraktelig bedre enn \u00e5ret f\u00f8r. N\u00e5 ligger de p\u00e5 5.-plass bak storlagene Manchester City, Chelsea, Manchester United og Arsenal \u2013 etter \u00e5tte spilte kamper.<\/b><\/p>\n<p>    Vil du se neste video?<\/p>\n<p>    <a href=\"https:\/\/www.ba.no\/han-skulle-bare-pante-n-flaske-sa-skjedde-dette\/v\/5-8-3215092\" class=\"recommend-poster\" data-adp-clicklabel=\"video-recommend\" data-adp-clickvalue=\"poster\" rel=\"nofollow noopener\" target=\"_blank\"><br \/>\n      <img decoding=\"async\" width=\"200\" height=\"200\" loading=\"lazy\" src=\"https:\/\/www.europesays.com\/no\/wp-content\/uploads\/2025\/11\/1763015589_985_v-i-93a9b9d6-c9b3-4b32-8bc5-5b88fc8fed2f-1762519762740.jpg\" alt=\"\" class=\"brick-c-cFOWSL\" style=\"--brick-image-ratio: 200 \/ 200;\"\/><\/p>\n<p>Han skulle bare pante \u00e9n flaske, s\u00e5 skjedde dette!0:48<\/p>\n<p>    <\/a><\/p>\n<p>  <a href=\"https:\/\/www.ba.no\/5-8-3217231\" class=\"related-teaser has-image default-story-teaser article--c-eRUmMG article--c-eRUmMG-jKCPdD-design-default\" rel=\"nofollow noopener\" target=\"_blank\"><\/p>\n<p>    <img decoding=\"async\" loading=\"lazy\"  src=\"https:\/\/www.europesays.com\/no\/wp-content\/uploads\/2025\/11\/DSC_1444.jpg\" alt=\"\" class=\"brick-c-cFOWSL\" style=\"\"\/><\/p>\n<p>\n            Les ogs\u00e5<\/p>\n<p>              Ingrid Stenevik f\u00e5r et \u00e5r til i Brann\n        <\/p>\n<p>  <\/a><\/p>\n","protected":false},"excerpt":{"rendered":"Etter det BA og Nettavisen erfarer er Brann i prinsippet enige med engelske Tottenham Hotspur om en rekordavtale&hellip;\n","protected":false},"author":2,"featured_media":86035,"comment_status":"","ping_status":"","sticky":false,"template":"","format":"standard","meta":{"footnotes":""},"categories":[59],"tags":[36,3608,92,30,28,29,6227,418,83,82,1510,895],"class_list":{"0":"post-86034","1":"post","2":"type-post","3":"status-publish","4":"format-standard","5":"has-post-thumbnail","7":"category-sport","8":"tag-art","9":"tag-brann-kvinner","10":"tag-fotball","11":"tag-no","12":"tag-norge","13":"tag-norway","14":"tag-signe-gaupset","15":"tag-sk-brann","16":"tag-sport","17":"tag-sports","18":"tag-story","19":"tag-toppserien"},"share_on_mastodon":{"url":"https:\/\/pubeurope.com\/@no\/115541972589272210","error":""},"_links":{"self":[{"href":"https:\/\/www.europesays.com\/no\/wp-json\/wp\/v2\/posts\/86034","targetHints":{"allow":["GET"]}}],"collection":[{"href":"https:\/\/www.europesays.com\/no\/wp-json\/wp\/v2\/posts"}],"about":[{"href":"https:\/\/www.europesays.com\/no\/wp-json\/wp\/v2\/types\/post"}],"author":[{"embeddable":true,"href":"https:\/\/www.europesays.com\/no\/wp-json\/wp\/v2\/users\/2"}],"replies":[{"embeddable":true,"href":"https:\/\/www.europesays.com\/no\/wp-json\/wp\/v2\/comments?post=86034"}],"version-history":[{"count":0,"href":"https:\/\/www.europesays.com\/no\/wp-json\/wp\/v2\/posts\/86034\/revisions"}],"wp:featuredmedia":[{"embeddable":true,"href":"https:\/\/www.europesays.com\/no\/wp-json\/wp\/v2\/media\/86035"}],"wp:attachment":[{"href":"https:\/\/www.europesays.com\/no\/wp-json\/wp\/v2\/media?parent=86034"}],"wp:term":[{"taxonomy":"category","embeddable":true,"href":"https:\/\/www.europesays.com\/no\/wp-json\/wp\/v2\/categories?post=86034"},{"taxonomy":"post_tag","embeddable":true,"href":"https:\/\/www.europesays.com\/no\/wp-json\/wp\/v2\/tags?post=86034"}],"curies":[{"name":"wp","href":"https:\/\/api.w.org\/{rel}","templated":true}]}}