{"id":86038,"date":"2025-11-13T10:45:35","date_gmt":"2025-11-13T10:45:35","guid":{"rendered":"https:\/\/www.europesays.com\/no\/86038\/"},"modified":"2025-11-13T10:45:35","modified_gmt":"2025-11-13T10:45:35","slug":"turistskatt-for-alle-turister-betaler-gjerne","status":"publish","type":"post","link":"https:\/\/www.europesays.com\/no\/86038\/","title":{"rendered":"Turistskatt for alle: &#8211; Turister betaler gjerne"},"content":{"rendered":"<p><strong>Innf\u00f8ring av turistskatt har v\u00e6rt et l\u00f8nnsomt tiltak for mange popul\u00e6re feriesteder i det s\u00f8rlige Europa.<\/strong><\/p>\n<p>Lokalsamfunn og kommuner har h\u00e5vet inn millioner av kroner ved \u00e5 kreve at hver bes\u00f8kende skal betale en bestemt sum i skatt.<\/p>\n<p>P\u00e5 et stort feriem\u00e5l har imidlertid turistene v\u00e6rt unntatt \u00e5 m\u00e5tte betale bes\u00f8ksskatt. Det gjelder Kanari\u00f8yene.  <\/p>\n<p>Beskjeden skatt<\/p>\n<p>Helt frem til i \u00e5r.<\/p>\n<p>En av Gran Canarias kommuner, Mog\u00e1n kommune helt s\u00f8r p\u00e5 \u00f8ya, <a href=\"https:\/\/flysmart24.no\/2024\/12\/06\/forst-ute-med-turistskatt-i-norsk-ferie-favoritt\/\" rel=\"nofollow noopener\" target=\"_blank\">innf\u00f8rte i \u00e5r en beskjeden skatt p\u00e5 0,15 euro per person per dag. Det utgj\u00f8r under to norske kroner per dag<\/a>, slik flysmart24 skrev i fjor. <\/p>\n<p>Det har v\u00e6rt en s\u00e5 vellykket test, at Mog\u00e1n kommune n\u00e5 vil at alle andre kommuner p\u00e5 alle Kanari\u00f8yene skal f\u00f8lge etter og innf\u00f8re turistskatt, skriver den spanske avisen <a href=\"https:\/\/www.eldiario.es\/canariasahora\/politica\/mogan-propone-gobierno-canario-implantar-impuesto-turistico-exito-tasa-municipal_1_12737287.html\" rel=\"nofollow noopener\" target=\"_blank\">Canarias Ahora<\/a>.<\/p>\n<p>Ledelsen i Mog\u00e1n viser til at kommunen s\u00e5 langt i \u00e5r har f\u00e5tt inn over 650 000 euro p\u00e5 skatten. Det tilsvarer 7,6 millioner norske kroner.<\/p>\n<p>Turistene betaler<\/p>\n<p>Dette har ikke f\u00f8rt til noen misn\u00f8ye blant turistene. Og heller ikke til noen nedgang i antall bes\u00f8kende. Tvert imot.<\/p>\n<p>Ordf\u00f8rer\u00a0Onalia Bueno sier at skatteinntektene i sin helhet vil bli brukt til \u00e5 forbedre turist-tjenester og infrastruktur. <\/p>\n<p>\u2013 Turister betaler gjerne for det, fordi de \u00f8nsker \u00e5 bidra til milj\u00f8et, sier Bueno.<\/p>\n<p>Hun har derfor bedt regjeringen p\u00e5 Kanari\u00f8yene merke seg effekten av skatten, og s\u00f8rge for at den blir innf\u00f8rt p\u00e5 alle \u00f8yene.<\/p>\n<p>Norsk favoritt<\/p>\n<p>Mog\u00e1n kommune byr p\u00e5 noen av de mest popul\u00e6re feriestedene for nordmenn p\u00e5 Gran Canaria.<\/p>\n<p>Det gjelder ikke minst Puerto Rico, som n\u00e6rmest blir omgjort til en norsk by n\u00e5r vinteren n\u00e6rmer seg. <\/p>\n<p>Ogs\u00e5 byen Arguineguin tiltrekker seg mange nordmenn, der mange ogs\u00e5 har kj\u00f8pt seg leilighet og hus. <\/p>\n<p>Puerto de Mog\u00e1n er en by som spesielt appellerer til dem som \u00f8nsker seg en roligere ferie.<\/p>\n","protected":false},"excerpt":{"rendered":"Innf\u00f8ring av turistskatt har v\u00e6rt et l\u00f8nnsomt tiltak for mange popul\u00e6re feriesteder i det s\u00f8rlige Europa. Lokalsamfunn og&hellip;\n","protected":false},"author":2,"featured_media":86039,"comment_status":"","ping_status":"","sticky":false,"template":"","format":"standard","meta":{"footnotes":""},"categories":[12],"tags":[20,21,24,25,15,22,23,13,30,28,29,14,16,26,27,42,43,44,45],"class_list":{"0":"post-86038","1":"post","2":"type-post","3":"status-publish","4":"format-standard","5":"has-post-thumbnail","7":"category-verden","8":"tag-breaking-news","9":"tag-breakingnews","10":"tag-featured-news","11":"tag-featurednews","12":"tag-headlines","13":"tag-latest-news","14":"tag-latestnews","15":"tag-news","16":"tag-no","17":"tag-norge","18":"tag-norway","19":"tag-nyheter","20":"tag-overskrifter","21":"tag-top-stories","22":"tag-topstories","23":"tag-verden","24":"tag-world","25":"tag-world-news","26":"tag-worldnews"},"share_on_mastodon":{"url":"https:\/\/pubeurope.com\/@no\/115541988094961465","error":""},"_links":{"self":[{"href":"https:\/\/www.europesays.com\/no\/wp-json\/wp\/v2\/posts\/86038","targetHints":{"allow":["GET"]}}],"collection":[{"href":"https:\/\/www.europesays.com\/no\/wp-json\/wp\/v2\/posts"}],"about":[{"href":"https:\/\/www.europesays.com\/no\/wp-json\/wp\/v2\/types\/post"}],"author":[{"embeddable":true,"href":"https:\/\/www.europesays.com\/no\/wp-json\/wp\/v2\/users\/2"}],"replies":[{"embeddable":true,"href":"https:\/\/www.europesays.com\/no\/wp-json\/wp\/v2\/comments?post=86038"}],"version-history":[{"count":0,"href":"https:\/\/www.europesays.com\/no\/wp-json\/wp\/v2\/posts\/86038\/revisions"}],"wp:featuredmedia":[{"embeddable":true,"href":"https:\/\/www.europesays.com\/no\/wp-json\/wp\/v2\/media\/86039"}],"wp:attachment":[{"href":"https:\/\/www.europesays.com\/no\/wp-json\/wp\/v2\/media?parent=86038"}],"wp:term":[{"taxonomy":"category","embeddable":true,"href":"https:\/\/www.europesays.com\/no\/wp-json\/wp\/v2\/categories?post=86038"},{"taxonomy":"post_tag","embeddable":true,"href":"https:\/\/www.europesays.com\/no\/wp-json\/wp\/v2\/tags?post=86038"}],"curies":[{"name":"wp","href":"https:\/\/api.w.org\/{rel}","templated":true}]}}