{"id":86042,"date":"2025-11-13T10:47:11","date_gmt":"2025-11-13T10:47:11","guid":{"rendered":"https:\/\/www.europesays.com\/no\/86042\/"},"modified":"2025-11-13T10:47:11","modified_gmt":"2025-11-13T10:47:11","slug":"epstein-ba-thorbjorn-jagland-koble-ham-til-russland-for-putin-motte-trump-nrk-urix-utenriksnyheter-og-dokumentarer","status":"publish","type":"post","link":"https:\/\/www.europesays.com\/no\/86042\/","title":{"rendered":"Epstein ba Thorbj\u00f8rn Jagland koble ham til Russland f\u00f8r Putin m\u00f8tte Trump \u2013 NRK Urix \u2013 Utenriksnyheter og -dokumentarer"},"content":{"rendered":"<p>24. juni 2018 sendte Jeffrey Epstein en e-post til dav\u00e6rende generalsekret\u00e6r i Europar\u00e5det, Thorbj\u00f8rn Jagland, der han ba om \u00e5 f\u00e5 videreformidle en beskjed til Russlands utenriksminister Sergej Lavrov, skriver <a href=\"https:\/\/www.politico.com\/news\/2025\/11\/12\/jeffrey-epstein-donald-trump-russia-emails-00648919\" ec-id=\"https:\/\/www.politico.com\/news\/2025\/11\/12\/jeffrey-epstein-donald-trump-russia-emails-00648919\" ec-name=\"Politico.\" rel=\"nofollow noopener\" target=\"_blank\">Politico.<\/a><\/p>\n<p>\u2013 Jeg mener du b\u00f8r foresl\u00e5 for Putin at Lavrov kan f\u00e5 innsikt ved \u00e5 snakke med meg, skrev Jeffrey Epstein til Thorbj\u00f8rn Jagland.<\/p>\n<p>E-posten ble sendt rundt en m\u00e5ned f\u00f8r<a href=\"https:\/\/www.nrk.no\/urix\/trump-og-putin_-benekter-russisk-pavirkning-i-valgkampen-1.14128342\" ec-id=\"pp:article:1.14128342\" ec-name=\"USAs president Donald Trump m\u00f8tte Russlands president Vladimir Putin i Helsingfors.\" rel=\"nofollow noopener\" target=\"_blank\"> USAs president Donald Trump m\u00f8tte Russlands president Vladimir Putin i Helsingfors.<\/a><\/p>\n<p>I et svar til Epstein svarte Jagland at han skulle m\u00f8te Lavros assistent dagen etter og ville videreformidle beskjeden. Det kommer ikke frem om budskapet f\u00f8rte til noe, if\u00f8lge Politico.<\/p>\n<p>Fakta om Epstein-saken<\/p>\n<ul>\n<li>Sommeren 2000: 17 \u00e5r gamle Virginia Giuffre m\u00f8ter Ghislaine Maxwell, partner og tidligere kj\u00e6reste med Jeffrey Epstein, for f\u00f8rste gang mens hun jobber p\u00e5 et spa eid av Donald Trump i Florida. Maxwell tilbyr henne jobb som mass\u00f8r for Epstein.<\/li>\n<li>2000-2002: I denne tidsperioden reiser Giuffre mellom Epsteins eiendommer. Giuffre hevder \u00e5 ha blitt fraktet rundt av Epstein for \u00e5 gi seksuelle tjenester for ham og flere av hans forretningsforbindelser.<\/li>\n<li>Mars 2005: Politiet i Florida innleder etterforskning av Epstein etter at moren til en 14 \u00e5r gammel jente rapporterer om en mistenkt voldtekt av datteren.<\/li>\n<li>2006: Politiet sikter Epstein for flere tilfeller av ulovlig seksuell omgang med mindre\u00e5rige.<\/li>\n<li>2008: Delstatsadvokat i Florida, Alexander Acosta, signerer en s\u00e5kalt non-prosecutions agreement, en form for forlik. I avtalen erkl\u00e6rer Epstein seg skyldig i to lovbrudd p\u00e5 delstatsniv\u00e5, samtidig som han slipper unna en rekke tiltalepunkter. B\u00e5de han selv og hans angivelige samarbeidspartnere i de kriminelle handlingene fikk immunitet fra rettsforf\u00f8lgelse i s\u00f8rlige Florida. Ofrene ble ikke informert om forliket, i strid med loven.<\/li>\n<li>22. juli 2009: Epstein l\u00f8slates etter \u00e5 ha sonet 13 m\u00e5neder i fengsel i forbindelse med forliket. Under soningen hadde han f\u00e5tt lov til \u00e5 ta flere turer, blant annet til sin private \u00f8y, i tillegg til \u00e5 jobbe fra sitt eget kontor flere dager i uka. De spesielle soningsforholdene skapte stor offentlig debatt.<\/li>\n<li>2009: Giuffre saks\u00f8ker Epstein og anklager Maxwell for \u00e5 ha rekruttert henne inn i et liv der hun ble utsatt for seksuell handel mens hun var mindre\u00e5rig. Saken endte med forlik.<\/li>\n<li>Mars 2011: Giuffre g\u00e5r ut offentlig med sin historie. Saken publiseres i Mail on Sunday og inkluderer et bilde av Giuffre sammen med prins Andrew.<\/li>\n<li>Desember 2014: I et rettsdokument forteller Giuffre at hun ble sendt til prins Andrew minst tre ganger da hun var 17 \u00e5r gammel i 2001. If\u00f8lge Giuffre skal Maxwell ha bedt henne gj\u00f8re for Andrew \u00abdet du gj\u00f8r for Epstein\u00bb.<\/li>\n<li>2. januar 2015: Det britiske kongehuset avviser alle anklager om at prins Andrew har hatt \u00abupassende omgang med mindre\u00e5rige\u00bb. Andrew nekter \u00e5 forklare seg under ed.<\/li>\n<li>6. juli 2019: Jeffrey Epstein p\u00e5gripes i New Jersey. Han blir tiltalt for \u00e5 ha forgrepet seg seksuelt p\u00e5 flere dusin mindre\u00e5rige jenter mellom 2002 og 2005.<\/li>\n<li>10. august 2019: Epstein tar sitt eget liv i fengselet. Tiltalen mot ham frafalles.<\/li>\n<li>Juli 2020: Ghislaine Maxwell blir arrestert i New Hampshire, siktet for tre tilfeller av \u00e5 ha rekruttert mindre\u00e5rige jenter til overgrep.<\/li>\n<li>August 2021: Giuffre saks\u00f8ker prins Andrew og anklager ham for seksuelle overgrep. Prins Andrew avviser anklagene.<\/li>\n<li>29. november 2021: Rettssaken mot Maxwell starter i New York. Hun er tiltalt for \u00e5 ha hjulpet Jeffrey Epstein med \u00e5 rekruttere og misbruke unge jenter og kvinner. Saken om Giuffre er ikke en del av tiltalen.<\/li>\n<li>30. desember 2021: Maxwell blir kjent skyldig i fem av seks tiltalepunkter.<\/li>\n<li>3. januar 2022: Et forlik inng\u00e5tt mellom Giuffre og Epstein i 2009 offentliggj\u00f8res. Det viser at Epstein betalte 500.000 dollar til Giuffre, som i sin tur gikk med p\u00e5 \u00e5 ikke saks\u00f8ke noen av Epsteins forbindelser som kunne blitt beskrevet som en \u00abpotensiell tiltalt\u00bb.<\/li>\n<li>12. januar: En dommer i New York avviser et krav fra prins Andrew om at Giuffres sivile s\u00f8ksm\u00e5l mot ham skal avvises, og beslutter at saken skal g\u00e5 sin gang.<\/li>\n<li>15. februar: Det blir kjent at prins Andrew og Giuffre har inng\u00e5tt et forlik som inneb\u00e6rer at s\u00f8ksm\u00e5let droppes. De \u00f8konomiske detaljene er ikke kjent, men prinsen skal bidra med en donasjon til Giuffres veldedige organisasjon. (NTB)<\/li>\n<\/ul>\n<p>Interesse for Trump<\/p>\n<p><a href=\"https:\/\/www.nrk.no\/urix\/epstein-hevdar-i-e-postar-at-trump-visste-om-jentene-1.17650437\" ec-id=\"pp:article:1.17650437\" ec-name=\"E-postutvekslingen er blant hundrevis\" rel=\"nofollow noopener\" target=\"_blank\">E-postutvekslingen er blant hundrevis<\/a> av <a href=\"https:\/\/oversightdemocrats.house.gov\/news\/press-releases\/house-oversight-committee-releases-jeffrey-epstein-email-correspondence-raising\" ec-id=\"https:\/\/oversightdemocrats.house.gov\/news\/press-releases\/house-oversight-committee-releases-jeffrey-epstein-email-correspondence-raising\" ec-name=\"dokumenter\" rel=\"nofollow noopener\" target=\"_blank\">dokumenter<\/a> som ble offentliggjort av tilsynskomiteen i Representantenes hus onsdag. Som skal vise Epsteins brede internasjonale nettverk og hans interesse for Trumps utenrikspolitiske beslutninger.<\/p>\n<p>Jagland er nevnt i flere av epostene som har blitt offentliggjort.<\/p>\n<p>Det kommer ogs\u00e5 frem at Epstein antydet at han tidligere hadde samtaler om Trump med Vitalij Tsjurkin, som var Russlands ambassad\u00f8r til FN.<\/p>\n<p>Tsjurkin d\u00f8de i 2017.<\/p>\n<p>\u2013 Tsjurkin var fantastisk. Han forstod Trump etter samtalene v\u00e5re. Det er ikke komplisert. Han (Trump) m\u00e5 tro at han f\u00e5r noe ut av det, s\u00e5 enkelt er det, skrev Epstein.<\/p>\n<p><img decoding=\"async\"   src=\"data:image\/gif;base64,R0lGODlhAQABAIAAAAAAAP\/\/\/yH5BAEAAAAALAAAAAABAAEAAAIBRAA7\" loading=\"eager\" alt=\"Bilde fra New York State Sex Offender Registry. Jeffrey Epstein var tiltalt for menneskehandel og seksuell utnyttelse av flere mindre\u00e5rige, men d\u00f8de p\u00e5 sin egen varetektscelle i august 2019.\" title=\"Foto: Bilde fra New York State Sex Offender Registry\"\/><\/p>\n<p class=\"\">Jeffrey Epstein 28. mars 2017<\/p>\n<p>Foto: Bilde fra New York State Sex Offender Registry<\/p>\n<p>Flere medier har publisert bilder av e-postene mellom Jagland og Epstein.<\/p>\n<p>Jagland har <a href=\"https:\/\/www.nrk.no\/nyheter\/jagland-seier-han-har-mott-epstein-1.15183932\" ec-id=\"pp:article:1.15183932\" ec-name=\"bekreftet at han m\u00f8tte Epstein i Strasbourg i 2013,\" rel=\"nofollow noopener\" target=\"_blank\">bekreftet at han m\u00f8tte Epstein i Strasbourg i 2013,<\/a> etter f\u00f8rst \u00e5 ha benektet dette overfor Nobelkomiteens leder, skrev<a href=\"https:\/\/www.dn.no\/magasinet\/dokumentar\/thorbjorn-jagland\/jeffrey-epstein\/bill-gates\/thorbjorn-jagland-tok-imot-jeffrey-epstein-og-bill-gates-i-sin-strasbourg-residens\/2-1-885799\" ec-id=\"https:\/\/www.dn.no\/magasinet\/dokumentar\/thorbjorn-jagland\/jeffrey-epstein\/bill-gates\/thorbjorn-jagland-tok-imot-jeffrey-epstein-og-bill-gates-i-sin-strasbourg-residens\/2-1-885799\" ec-name=\"Dagens N\u00e6ringsliv i 2020.\" rel=\"nofollow noopener\" target=\"_blank\"> Dagens N\u00e6ringsliv i 2020.<\/a><\/p>\n<p><img decoding=\"async\"   src=\"data:image\/gif;base64,R0lGODlhAQABAIAAAAAAAP\/\/\/yH5BAEAAAAALAAAAAABAAEAAAIBRAA7\" loading=\"eager\" alt=\"Mannen i dress sitter ved et bord med navnskiltet &quot;Thorbj\u00f8rn JAGLAND&quot; synlig. En vannflaske og en mikrofon er plassert foran ham. Han har p\u00e5 seg en hvit skjorte og en r\u00f8d sl\u00f8yfe. Omgivelsene er n\u00f8ytrale, med en enkel vegg bak.\" title=\"Foto: NTB\"\/><\/p>\n<p class=\"\">Thorbj\u00f8rn Jagland, tidligere statsminister i Norge og generalsekret\u00e6r i Europar\u00e5det. <\/p>\n<p>Foto: NTB<\/p>\n<p>Det hvite hus har ikke kommentert<\/p>\n<p>Det hvite hus har ikke kommentert e-postutvekslingen, men pressesekret\u00e6r Karoline Leavitt sa p\u00e5 en pressebrifing onsdag at e-postene \u00abbeviser absolutt ingenting annet enn at president Trump ikke har gjort noe galt\u00bb<\/p>\n<p>Milliard\u00e6ren Jeffrey Epstein ble i 2008 tiltalt for overgrep mot mindre\u00e5rige.<\/p>\n<p>I 2019 ble han igjen p\u00e5grepet og tiltalt for sexhandel med mindre\u00e5rige.<\/p>\n<p>Han tok sitt eget liv i fengselet samme \u00e5r.<\/p>\n<p>Oppdatert har laget en podkast-episode som tar for seg Epstein-dokumenter og hans koblinger til Trump:<\/p>\n<p>Publisert<\/p>\n<p>13.11.2025, kl. 07.49<\/p>\n<p>Oppdatert<\/p>\n<p>13.11.2025, kl. 11.11<\/p>\n","protected":false},"excerpt":{"rendered":"24. juni 2018 sendte Jeffrey Epstein en e-post til dav\u00e6rende generalsekret\u00e6r i Europar\u00e5det, Thorbj\u00f8rn Jagland, der han ba&hellip;\n","protected":false},"author":2,"featured_media":86043,"comment_status":"","ping_status":"","sticky":false,"template":"","format":"standard","meta":{"footnotes":""},"categories":[5],"tags":[20,21,24,25,15,19,22,23,17,18,13,30,28,29,14,16,26,27],"class_list":{"0":"post-86042","1":"post","2":"type-post","3":"status-publish","4":"format-standard","5":"has-post-thumbnail","7":"category-overskrifter","8":"tag-breaking-news","9":"tag-breakingnews","10":"tag-featured-news","11":"tag-featurednews","12":"tag-headlines","13":"tag-hovedoppslag","14":"tag-latest-news","15":"tag-latestnews","16":"tag-main-news","17":"tag-mainnews","18":"tag-news","19":"tag-no","20":"tag-norge","21":"tag-norway","22":"tag-nyheter","23":"tag-overskrifter","24":"tag-top-stories","25":"tag-topstories"},"share_on_mastodon":{"url":"https:\/\/pubeurope.com\/@no\/115541995876149127","error":""},"_links":{"self":[{"href":"https:\/\/www.europesays.com\/no\/wp-json\/wp\/v2\/posts\/86042","targetHints":{"allow":["GET"]}}],"collection":[{"href":"https:\/\/www.europesays.com\/no\/wp-json\/wp\/v2\/posts"}],"about":[{"href":"https:\/\/www.europesays.com\/no\/wp-json\/wp\/v2\/types\/post"}],"author":[{"embeddable":true,"href":"https:\/\/www.europesays.com\/no\/wp-json\/wp\/v2\/users\/2"}],"replies":[{"embeddable":true,"href":"https:\/\/www.europesays.com\/no\/wp-json\/wp\/v2\/comments?post=86042"}],"version-history":[{"count":0,"href":"https:\/\/www.europesays.com\/no\/wp-json\/wp\/v2\/posts\/86042\/revisions"}],"wp:featuredmedia":[{"embeddable":true,"href":"https:\/\/www.europesays.com\/no\/wp-json\/wp\/v2\/media\/86043"}],"wp:attachment":[{"href":"https:\/\/www.europesays.com\/no\/wp-json\/wp\/v2\/media?parent=86042"}],"wp:term":[{"taxonomy":"category","embeddable":true,"href":"https:\/\/www.europesays.com\/no\/wp-json\/wp\/v2\/categories?post=86042"},{"taxonomy":"post_tag","embeddable":true,"href":"https:\/\/www.europesays.com\/no\/wp-json\/wp\/v2\/tags?post=86042"}],"curies":[{"name":"wp","href":"https:\/\/api.w.org\/{rel}","templated":true}]}}