{"id":86049,"date":"2025-11-13T11:02:08","date_gmt":"2025-11-13T11:02:08","guid":{"rendered":"https:\/\/www.europesays.com\/no\/86049\/"},"modified":"2025-11-13T11:02:08","modified_gmt":"2025-11-13T11:02:08","slug":"sv-sosialistisk-venstreparti-sv-vil-oke-formuesskatten-med-16-milliarder-neste-ar","status":"publish","type":"post","link":"https:\/\/www.europesays.com\/no\/86049\/","title":{"rendered":"SV, Sosialistisk Venstreparti | SV vil \u00f8ke formuesskatten med 16 milliarder neste \u00e5r"},"content":{"rendered":"\n<p>\u2013 SV legger fram et budsjett som kommer til \u00e5 gj\u00f8re store ting for en redningsaksjon for velferden og for klima og milj\u00f8, sa nestleder Lars Haltbrekken da han torsdag la fram SVs alternative statsbudsjett.<\/p>\n<p>Partileder Kirsti Bergst\u00f8 l\u00e5 hjemme med influensa da SV la fram sitt budsjettforslag. Fredag m\u00f8ter de Arbeiderpartiet til forhandlinger om neste \u00e5rs statsbudsjett. <\/p>\n<p>SV vil styrke kommune\u00f8konomien med 9 milliarder kroner, hvorav 2,5 er frie midler. Partiet mener forskjellene \u00f8ker i Norge og vil gripe inn for \u00e5 stanse denne utviklingen. De vil redusere skattetrykket for vanlige folk, familier, studenter og eldre. Med deres opplegg vil en trebarnsfamilien f\u00e5 68.000 kroner mer \u00e5 rutte med i \u00e5ret, sa finanspolitisk talsperson Marthe Hammer da forlaget ble lagt fram.<\/p>\n<p>SVs opplegg inneb\u00e6rer \u00f8kte utgifter med 16,1 milliarder sammenlignet med regjeringens budsjettforslag, men partiet \u00f8ker samtidig inntektene fra skatter og avgifter med 16,3 milliarder kroner. Av dette skal 15,7 milliarder kroner kommer fra \u00f8kt formuesskatt. <\/p>\n<p>(\u00a9NTB)<\/p>\n","protected":false},"excerpt":{"rendered":"\u2013 SV legger fram et budsjett som kommer til \u00e5 gj\u00f8re store ting for en redningsaksjon for velferden&hellip;\n","protected":false},"author":2,"featured_media":86050,"comment_status":"","ping_status":"","sticky":false,"template":"","format":"standard","meta":{"footnotes":""},"categories":[10],"tags":[20,21,24,25,15,22,23,13,30,28,29,14,16,26,27],"class_list":{"0":"post-86049","1":"post","2":"type-post","3":"status-publish","4":"format-standard","5":"has-post-thumbnail","7":"category-norge","8":"tag-breaking-news","9":"tag-breakingnews","10":"tag-featured-news","11":"tag-featurednews","12":"tag-headlines","13":"tag-latest-news","14":"tag-latestnews","15":"tag-news","16":"tag-no","17":"tag-norge","18":"tag-norway","19":"tag-nyheter","20":"tag-overskrifter","21":"tag-top-stories","22":"tag-topstories"},"share_on_mastodon":{"url":"https:\/\/pubeurope.com\/@no\/115542055085636011","error":""},"_links":{"self":[{"href":"https:\/\/www.europesays.com\/no\/wp-json\/wp\/v2\/posts\/86049","targetHints":{"allow":["GET"]}}],"collection":[{"href":"https:\/\/www.europesays.com\/no\/wp-json\/wp\/v2\/posts"}],"about":[{"href":"https:\/\/www.europesays.com\/no\/wp-json\/wp\/v2\/types\/post"}],"author":[{"embeddable":true,"href":"https:\/\/www.europesays.com\/no\/wp-json\/wp\/v2\/users\/2"}],"replies":[{"embeddable":true,"href":"https:\/\/www.europesays.com\/no\/wp-json\/wp\/v2\/comments?post=86049"}],"version-history":[{"count":0,"href":"https:\/\/www.europesays.com\/no\/wp-json\/wp\/v2\/posts\/86049\/revisions"}],"wp:featuredmedia":[{"embeddable":true,"href":"https:\/\/www.europesays.com\/no\/wp-json\/wp\/v2\/media\/86050"}],"wp:attachment":[{"href":"https:\/\/www.europesays.com\/no\/wp-json\/wp\/v2\/media?parent=86049"}],"wp:term":[{"taxonomy":"category","embeddable":true,"href":"https:\/\/www.europesays.com\/no\/wp-json\/wp\/v2\/categories?post=86049"},{"taxonomy":"post_tag","embeddable":true,"href":"https:\/\/www.europesays.com\/no\/wp-json\/wp\/v2\/tags?post=86049"}],"curies":[{"name":"wp","href":"https:\/\/api.w.org\/{rel}","templated":true}]}}