{"id":86051,"date":"2025-11-13T11:03:12","date_gmt":"2025-11-13T11:03:12","guid":{"rendered":"https:\/\/www.europesays.com\/no\/86051\/"},"modified":"2025-11-13T11:03:12","modified_gmt":"2025-11-13T11:03:12","slug":"zara-lagunen-her-strommer-folk-til-for-a-oppleve-zara-som-er-lagunens-nye-trekkplaster","status":"publish","type":"post","link":"https:\/\/www.europesays.com\/no\/86051\/","title":{"rendered":"Zara, Lagunen | Her str\u00f8mmer folk til for \u00e5 oppleve Zara, som er Lagunens nye trekkplaster"},"content":{"rendered":"\n<p>Torsdag morgen \u00e5pnet byens st\u00f8rste kj\u00f8pesenter ytterligere 15.000 kvadratmeter.<\/p>\n<p>Den nye delen <a rel=\"Follow nofollow noopener\" href=\"https:\/\/www.ba.no\/torsdag-apner-zara-pa-lagunen\/s\/5-8-3216780\" target=\"_blank\">har fem nye spisesteder<\/a>, i tillegg til Norges st\u00f8rste Zara-butikk over to etasjer. Som blir kjedens f\u00f8rste i Bergen.<\/p>\n<p>Sara Habeeb og Hadja Habeeb var aller fremst i k\u00f8en da den spanske motegiganten \u00e5pnet d\u00f8rene.\u00a0<\/p>\n<p>\u2013 Vi var her klokken halv \u00e5tte. Vi ville gjerne v\u00e6re f\u00f8rst, sier Hadja.<\/p>\n<p>    Vil du se neste video?<\/p>\n<p>    <a href=\"https:\/\/www.ba.no\/han-skulle-bare-pante-n-flaske-sa-skjedde-dette\/v\/5-8-3215092\" class=\"recommend-poster\" data-adp-clicklabel=\"video-recommend\" data-adp-clickvalue=\"poster\" rel=\"nofollow noopener\" target=\"_blank\"><br \/>\n      <img decoding=\"async\" width=\"200\" height=\"200\" loading=\"lazy\" src=\"https:\/\/www.europesays.com\/no\/wp-content\/uploads\/2025\/11\/1763015589_985_v-i-93a9b9d6-c9b3-4b32-8bc5-5b88fc8fed2f-1762519762740.jpg\" alt=\"\" class=\"brick-c-cFOWSL\" style=\"--brick-image-ratio: 200 \/ 200;\"\/><\/p>\n<p>Han skulle bare pante \u00e9n flaske, s\u00e5 skjedde dette!0:48<\/p>\n<p>    <\/a><\/p>\n<p>Det kokte av forventning i k\u00f8en utenfor den sv\u00e6re klesbutikken som mange har ventet lenge p\u00e5.<\/p>\n<p>\u2013 Jeg svetter i hendene. Jeg har gledet meg s\u00e5nn til dette, sier hun.<\/p>\n<p>   <img decoding=\"async\" width=\"4128\" height=\"2752\" fetchpriority=\"low\"  loading=\"lazy\"  src=\"https:\/\/www.europesays.com\/no\/wp-content\/uploads\/2025\/11\/EH8_5737.jpg\" alt=\"\u00c5pning av Zara p\u00e5 Lagunen Storsenter. &#10;&#10;\" class=\"brick-c-cFOWSL\" style=\"--brick-image-ratio: 4128 \/ 2752;\"\/><\/p>\n<p>      Det ble selvsagt litt pomp og prakt.<br \/>\n      Foto: EIRIK HAGES\u00c6TER\n    <\/p>\n<p>  \u2013 S\u00e5 fin stil<\/p>\n<p>BA sp\u00f8r s\u00f8strene hva som gj\u00f8r at de liker Zara.<\/p>\n<p>\u2013 Jeg er veldig forn\u00f8yd med kl\u00e6rne. Jeg har brukt de selv til datteren min siden hun var baby. Hun er 15 \u00e5r i dag, sier Sara og legger til:\u00a0<\/p>\n<p>\u2013 Det er s\u00e5 fin stil. Du finner alt, og det er ikke s\u00e5 veldig dyrt. Det er bra at folk har mulighet til \u00e5 kj\u00f8pe rimelige kl\u00e6r.<\/p>\n<p>   <img decoding=\"async\" width=\"4128\" height=\"2752\" fetchpriority=\"low\"  loading=\"lazy\"  src=\"https:\/\/www.europesays.com\/no\/wp-content\/uploads\/2025\/11\/EH8_5696_1.JPG\" alt=\"\" class=\"brick-c-cFOWSL\" style=\"--brick-image-ratio: 4128 \/ 2752;\"\/><\/p>\n<p>      \u00c5pning av Zara p\u00e5 Lagunen Storsenter. <\/p>\n<p>      Foto: EIRIK HAGES\u00c6TER\n    <\/p>\n<p>Senterdirekt\u00f8r Knut Eliassen tok BA med p\u00e5 omvisning tre dager f\u00f8r den offisielle \u00e5pningen.\u00a0<a href=\"https:\/\/www.ba.no\/se-bildene-gigantisk-zara-butikk-og-nye-spisesteder\/g\/5-8-3216942\" rel=\"Follow nofollow noopener\" target=\"_blank\">Da var det hektisk aktivitet for \u00e5 f\u00e5 lokalene klare.<\/a><\/p>\n<p>  <a href=\"https:\/\/www.ba.no\/5-8-3218183\" class=\"related-teaser has-image default-story-teaser article--c-eRUmMG article--c-eRUmMG-jKCPdD-design-default\" rel=\"nofollow noopener\" target=\"_blank\"><\/p>\n<p>    <img decoding=\"async\" loading=\"lazy\"  src=\"https:\/\/www.europesays.com\/no\/wp-content\/uploads\/2025\/11\/1763015590_511_700.jpg\" alt=\"\" class=\"brick-c-cFOWSL\" style=\"\"\/><\/p>\n<p>\n            Les ogs\u00e5<\/p>\n<p>              Fem restauranter \u00e5pner samme dag: \u2013 Vi er spente\n        <\/p>\n<p>  <\/a><br \/>\n  Gleder seg til ny jobb<\/p>\n<p>   <img decoding=\"async\" width=\"4032\" height=\"3024\" fetchpriority=\"low\"  loading=\"lazy\"  src=\"https:\/\/www.europesays.com\/no\/wp-content\/uploads\/2025\/11\/IMG_5176+%281%29.jpg\" alt=\"\" class=\"brick-c-cFOWSL\" style=\"--brick-image-ratio: 4032 \/ 3024;\"\/><\/p>\n<p>      Ida Pettersen ser frem til hektiske dager.<br \/>\n      Foto: Eirik Hages\u00e6ter\n    <\/p>\n<p>Ida Pettersen (20) er en av de ansatte p\u00e5 Starbucks som er klare for \u00e5 starte p\u00e5 den nye Lagunen-kafeen. Hun har jobbet i andre Starbucks-kafeer tidligere, men gleder seg til f\u00f8rste dag i ny jobb.<\/p>\n<p>&#8211; Hvorfor ble det Starbucks?<\/p>\n<p>&#8211; Jeg er glad i \u00e5 lage kaffe og liker n\u00e5r det er litt rush, litt travelt.<\/p>\n<p>&#8211; Hva synes du om konseptet?<\/p>\n<p>&#8211; Det er litt unorsk, med mye st\u00e6sj i kaffeen. Jeg tror mange unge synes det er veldig g\u00f8y, sier hun.<\/p>\n<p>  <a href=\"https:\/\/www.ba.no\/5-8-3216780\" class=\"related-teaser has-image default-story-teaser article--c-eRUmMG article--c-eRUmMG-jKCPdD-design-default\" rel=\"nofollow noopener\" target=\"_blank\"><\/p>\n<p>    <img decoding=\"async\" loading=\"lazy\"  src=\"https:\/\/www.europesays.com\/no\/wp-content\/uploads\/2025\/11\/679.jpg\" alt=\"\" class=\"brick-c-cFOWSL\" style=\"\"\/><\/p>\n<p>\n            Les ogs\u00e5<\/p>\n<p>              Har jobbet i ti \u00e5r for \u00e5 f\u00e5 butikken til Lagunen: \u2013 Vi rigger oss for at det kommer mye folk\n        <\/p>\n<p>  <\/a><\/p>\n","protected":false},"excerpt":{"rendered":"Torsdag morgen \u00e5pnet byens st\u00f8rste kj\u00f8pesenter ytterligere 15.000 kvadratmeter. Den nye delen har fem nye spisesteder, i tillegg&hellip;\n","protected":false},"author":2,"featured_media":86052,"comment_status":"","ping_status":"","sticky":false,"template":"","format":"standard","meta":{"footnotes":""},"categories":[5],"tags":[36,20,21,24,25,15,19,4454,22,23,17,18,62,13,30,28,29,14,16,1510,26,27,11423],"class_list":{"0":"post-86051","1":"post","2":"type-post","3":"status-publish","4":"format-standard","5":"has-post-thumbnail","7":"category-overskrifter","8":"tag-art","9":"tag-breaking-news","10":"tag-breakingnews","11":"tag-featured-news","12":"tag-featurednews","13":"tag-headlines","14":"tag-hovedoppslag","15":"tag-lagunen","16":"tag-latest-news","17":"tag-latestnews","18":"tag-main-news","19":"tag-mainnews","20":"tag-naeringsliv","21":"tag-news","22":"tag-no","23":"tag-norge","24":"tag-norway","25":"tag-nyheter","26":"tag-overskrifter","27":"tag-story","28":"tag-top-stories","29":"tag-topstories","30":"tag-zara"},"share_on_mastodon":{"url":"https:\/\/pubeurope.com\/@no\/115542059082333055","error":""},"_links":{"self":[{"href":"https:\/\/www.europesays.com\/no\/wp-json\/wp\/v2\/posts\/86051","targetHints":{"allow":["GET"]}}],"collection":[{"href":"https:\/\/www.europesays.com\/no\/wp-json\/wp\/v2\/posts"}],"about":[{"href":"https:\/\/www.europesays.com\/no\/wp-json\/wp\/v2\/types\/post"}],"author":[{"embeddable":true,"href":"https:\/\/www.europesays.com\/no\/wp-json\/wp\/v2\/users\/2"}],"replies":[{"embeddable":true,"href":"https:\/\/www.europesays.com\/no\/wp-json\/wp\/v2\/comments?post=86051"}],"version-history":[{"count":0,"href":"https:\/\/www.europesays.com\/no\/wp-json\/wp\/v2\/posts\/86051\/revisions"}],"wp:featuredmedia":[{"embeddable":true,"href":"https:\/\/www.europesays.com\/no\/wp-json\/wp\/v2\/media\/86052"}],"wp:attachment":[{"href":"https:\/\/www.europesays.com\/no\/wp-json\/wp\/v2\/media?parent=86051"}],"wp:term":[{"taxonomy":"category","embeddable":true,"href":"https:\/\/www.europesays.com\/no\/wp-json\/wp\/v2\/categories?post=86051"},{"taxonomy":"post_tag","embeddable":true,"href":"https:\/\/www.europesays.com\/no\/wp-json\/wp\/v2\/tags?post=86051"}],"curies":[{"name":"wp","href":"https:\/\/api.w.org\/{rel}","templated":true}]}}