{"id":86058,"date":"2025-11-13T11:11:10","date_gmt":"2025-11-13T11:11:10","guid":{"rendered":"https:\/\/www.europesays.com\/no\/86058\/"},"modified":"2025-11-13T11:11:10","modified_gmt":"2025-11-13T11:11:10","slug":"vi-kaller-det-en-slankekurforstyrrelse-nrk-norge-oversikt-over-nyheter-fra-ulike-deler-av-landet","status":"publish","type":"post","link":"https:\/\/www.europesays.com\/no\/86058\/","title":{"rendered":"\u2013 Vi kaller det en slankekurforstyrrelse \u2013 NRK Norge \u2013 Oversikt over nyheter fra ulike deler av landet"},"content":{"rendered":"<p>\u2013 <strong>Vi f\u00e5r jo en del personer som kommer til oss etter at man har g\u00e5tt en stund p\u00e5 slankemedisiner, og som sier at n\u00e5 styrer jeg ikke dette lenger selv, men jeg t\u00f8r heller ikke \u00e5 slutte p\u00e5 slankemedisinene, for da kommer jeg til \u00e5 fly opp i vekt.<\/strong><\/p>\n<p>Det sier Bente Sommerfeldt. Hun er psykologspesialist i spiseforstyrrelser og driver den private behandlingsinstitusjonen Villa Sult.<\/p>\n<p>Hun sier alle i milj\u00f8et n\u00e5 snakker om den nye typen spiseforstyrrelse som har kommet i kj\u00f8lvannet av det voksende markedet med medisiner mot overvekt og fedme.<\/p>\n<p>\u2013 Vi er i ferd med \u00e5 skaffe oss enda en spiseforstyrrelse, som vi kanskje kan kalle slankekurforstyrrelsen.<\/p>\n<p>NRK har tidligere fortalt at vi aldri har brukt s\u00e5 mye p\u00e5 medisiner mot overvekt og fedme som vi gj\u00f8r n\u00e5.<\/p>\n<p><a href=\"https:\/\/www.nrk.no\/norge\/nordmenn-har-kjopt-slankemedisiner-for-over-2_5-milliarder-kroner-1.17634616\" ec-id=\"pp:article:1.17634616\" ec-name=\"Frem til nytt\u00e5r kommer nordmenn til \u00e5 ha brukt om lag 2,6 milliarder kroner fra egen lomme p\u00e5 vektreduserende midler p\u00e5 ett \u00e5r\" rel=\"nofollow noopener\" target=\"_blank\">Frem til nytt\u00e5r kommer nordmenn til \u00e5 ha brukt om lag 2,6 milliarder kroner fra egen lomme p\u00e5 vektreduserende midler p\u00e5 ett \u00e5r<\/a>, hvis utviklingen fortsetter de neste ukene. Det viser tall NRK har f\u00e5tt fra Apotekforeningen.<\/p>\n<p>Det er en og en halv milliard kroner mer enn for to \u00e5r siden.<\/p>\n<p>NRK har ogs\u00e5 fortalt at slankespr\u00f8ytene har <a href=\"https:\/\/www.nrk.no\/sport\/lars-engebretsen-rystet-av-medisin-trend-i-ol_-_-alle-som-driver-idrett-bor-vaere-engstelig-1.17637375\" ec-id=\"pp:article:1.17637375\" ec-name=\"gjort sitt inntog i idretten.\" rel=\"nofollow noopener\" target=\"_blank\">gjort sitt inntog i idretten.<\/a><\/p>\n<p>Sommerfeldt er ikke overrasket over at stadig flere bruker medisinen som slankemiddel.<\/p>\n<p>\u2013<strong> Vi lever i et samfunn som ofte pr\u00f8ver \u00e5 finne \u00e9n diagnose med \u00e9n l\u00f8sning. Men vi glemmer at det kan skape nye problemer.<\/strong><\/p>\n<p>Overspising en vanlig spiseforstyrrelse<\/p>\n<p>Hun sier overspising er den hyppigste formen for spiseforstyrrelse.<\/p>\n<p><img decoding=\"async\"   src=\"data:image\/gif;base64,R0lGODlhAQABAIAAAAAAAP\/\/\/yH5BAEAAAAALAAAAAABAAEAAAIBRAA7\" loading=\"eager\" alt=\"Bente Sommerfeldt, Faglig direkt\u00f8r i Villa SULT.\" title=\"Foto: NRK\"\/><\/p>\n<p class=\"\">Psykologspesialist Bente Sommerfeldt sier det \u00e5 g\u00e5 ned i vekt handler om \u00e5 ta ansvar for hele helsen.<\/p>\n<p>Foto: NRK<\/p>\n<p>I Norge sliter<a href=\"https:\/\/www.fhi.no\/he\/fr\/folkehelserapporten\/ikke-smittsomme\/overvekt-og-fedme\/\" ec-id=\"https:\/\/www.fhi.no\/he\/fr\/folkehelserapporten\/ikke-smittsomme\/overvekt-og-fedme\/\" ec-name=\"en av fire med fedme og overvekt\" rel=\"nofollow noopener\" target=\"_blank\"> en av fire med fedme og overvekt<\/a>, viser tall fra FHI.<\/p>\n<p>Sommerfeldt sier det er mye fokus p\u00e5 mat og kropp, men at det ikke er like lett \u00e5 fange opp alle som har et problematisk forhold til begge deler.<\/p>\n<p>Hun mener slankemedisinene kun fokuserer p\u00e5 tallet p\u00e5 vekten, men at det \u00e5 g\u00e5 ned i vekt handler om \u00e5 ta et totalt ansvar for helsen.<\/p>\n<p><img decoding=\"async\"   src=\"data:image\/gif;base64,R0lGODlhAQABAIAAAAAAAP\/\/\/yH5BAEAAAAALAAAAAABAAEAAAIBRAA7\" loading=\"eager\" alt=\"Et hvitt badevektvisere er synlig sammen med et gult m\u00e5leb\u00e5nd som er b\u00f8yd og lagt over vektens overflate. Vektskalaen viser tall opp til 130 kg. Omgivelsene er lyse og n\u00f8ytrale, noe som gir fokus p\u00e5 vekten og m\u00e5leb\u00e5ndet. Ingen personer er til stede i bildet.\" title=\"Foto: Adobe Stock\"\/><\/p>\n<p>Foto: Adobe Stock<\/p>\n<p>\u2013 Jeg tror vi m\u00e5 g\u00e5 vekk fra tallene. Alts\u00e5, om den personen som g\u00e5r p\u00e5 en slankemedisin i dag, har tapt vekt, og den holder seg der i noen \u00e5r, s\u00e5 mener man at det er vellykket. <\/p>\n<p>Hun mener vi m\u00e5 begynne \u00e5 sp\u00f8rre folk. Hvordan de har det, og hvordan kroppen faktisk oppleves. <\/p>\n<p><strong>\u2013 Leger tyr for raskt til slankemedisiner til pasientene, sier Sommerfeldt.<\/strong><\/p>\n<p><img decoding=\"async\"   src=\"data:image\/gif;base64,R0lGODlhAQABAIAAAAAAAP\/\/\/yH5BAEAAAAALAAAAAABAAEAAAIBRAA7\" loading=\"eager\" alt=\" Wegovy\" title=\"Foto: AFP\"\/><\/p>\n<p class=\"\">Nordmenn har satt ny rekord i kj\u00f8p av slankemedisiner i \u00e5r.<\/p>\n<p>Foto: AFP<\/p>\n<p>Hun mener behandlere p\u00e5 bruke mer tid sammen med pasienten for \u00e5 finne ut om problemene er mer sammensatte og om slankespr\u00f8ytene kan skape nye problemer i stedet for \u00e5 hjelpe.<\/p>\n<p>Aktivitet fremfor slankespr\u00f8yter<\/p>\n<p>Helsedirekt\u00f8r Cathrine M Lofthus sier at de tar erfaringene fra Sommerfeldt p\u00e5 alvor.<\/p>\n<p><img decoding=\"async\"   src=\"data:image\/gif;base64,R0lGODlhAQABAIAAAAAAAP\/\/\/yH5BAEAAAAALAAAAAABAAEAAAIBRAA7\" loading=\"eager\" alt=\"Helsedirekt\u00f8r Cathrine M. Lofthus st\u00e5r i en trapp og ser mot kameraet.\" title=\"Foto: Einar Kornstad\/Helsedirektoratet\"\/><\/p>\n<p class=\"\">Helsedirekt\u00f8r Cathrine Lofthus sier vi har skapt et samfunn der det er vanskelig \u00e5 ta de gode valgene for helsa.<\/p>\n<p>Foto: Einar Kornstad\/Helsedirektoratet<\/p>\n<p>\u2013 Vi skal jobbe med at dette f\u00f8rst og fremst handler om et sunt kosthold og fysisk aktivitet. Og s\u00e5 m\u00e5 vi erkjenne at dette egentlig er et samfunnsproblem. Vi har skapt et samfunn hvor det er vanskelig \u00e5 ta de gode valgene. <\/p>\n<p>Ogs\u00e5 fastlegene ser at bruk av medisinen mot vektnedgang kan f\u00f8re til at enkelte f\u00e5r problemer med \u00e5 slutte med dem.<\/p>\n<p>Det sier Torgeir Hoff Skav\u00f8y som leder Norsk forening for allmennmedisin.<\/p>\n<p><img decoding=\"async\"   src=\"data:image\/gif;base64,R0lGODlhAQABAIAAAAAAAP\/\/\/yH5BAEAAAAALAAAAAABAAEAAAIBRAA7\" loading=\"eager\" alt=\"En mann st\u00e5r foran en glassvegg med gardiner. Han har p\u00e5 seg en gr\u00e5 genser og en lysebl\u00e5 skjorte. Omgivelsene ser ut til \u00e5 v\u00e6re i et moderne bygg. Det er naturlig lys som slipper inn gjennom glasset.\" title=\"Foto: Marianne Ytre-Eide \/ NRK\"\/><\/p>\n<p class=\"\">Torgeir Hoff Skav\u00f8y som leder Norsk forening for allmennmedisin sier det i dag ikke finnes en god metode \u00e5 slutte p\u00e5 spr\u00f8ytene p\u00e5.<\/p>\n<p>Foto: Marianne Ytre-Eide \/ NRK<\/p>\n<p>\u2013 Per i dag har vi ikke en god metode for \u00e5 slutte p\u00e5 den medisinen. S\u00e5 det viktigste er at vi snakker tydelig med pasientene.<\/p>\n<p>Han sier medisinen er et effektiv verkt\u00f8y for \u00e5 endre utseende og kroppen raskt. Det kan trigge spiseforstyrrelser, sier han.<\/p>\n<p>\u2013<strong> Vi kan ikke utelukke at det kan v\u00e6re fare for det. <\/strong><\/p>\n<p>Publisert<\/p>\n<p>13.11.2025, kl. 05.41<\/p>\n","protected":false},"excerpt":{"rendered":"\u2013 Vi f\u00e5r jo en del personer som kommer til oss etter at man har g\u00e5tt en stund&hellip;\n","protected":false},"author":2,"featured_media":86059,"comment_status":"","ping_status":"","sticky":false,"template":"","format":"standard","meta":{"footnotes":""},"categories":[5],"tags":[20,21,24,25,15,19,22,23,17,18,13,30,28,29,14,16,26,27],"class_list":{"0":"post-86058","1":"post","2":"type-post","3":"status-publish","4":"format-standard","5":"has-post-thumbnail","7":"category-overskrifter","8":"tag-breaking-news","9":"tag-breakingnews","10":"tag-featured-news","11":"tag-featurednews","12":"tag-headlines","13":"tag-hovedoppslag","14":"tag-latest-news","15":"tag-latestnews","16":"tag-main-news","17":"tag-mainnews","18":"tag-news","19":"tag-no","20":"tag-norge","21":"tag-norway","22":"tag-nyheter","23":"tag-overskrifter","24":"tag-top-stories","25":"tag-topstories"},"share_on_mastodon":{"url":"https:\/\/pubeurope.com\/@no\/115542090394343805","error":""},"_links":{"self":[{"href":"https:\/\/www.europesays.com\/no\/wp-json\/wp\/v2\/posts\/86058","targetHints":{"allow":["GET"]}}],"collection":[{"href":"https:\/\/www.europesays.com\/no\/wp-json\/wp\/v2\/posts"}],"about":[{"href":"https:\/\/www.europesays.com\/no\/wp-json\/wp\/v2\/types\/post"}],"author":[{"embeddable":true,"href":"https:\/\/www.europesays.com\/no\/wp-json\/wp\/v2\/users\/2"}],"replies":[{"embeddable":true,"href":"https:\/\/www.europesays.com\/no\/wp-json\/wp\/v2\/comments?post=86058"}],"version-history":[{"count":0,"href":"https:\/\/www.europesays.com\/no\/wp-json\/wp\/v2\/posts\/86058\/revisions"}],"wp:featuredmedia":[{"embeddable":true,"href":"https:\/\/www.europesays.com\/no\/wp-json\/wp\/v2\/media\/86059"}],"wp:attachment":[{"href":"https:\/\/www.europesays.com\/no\/wp-json\/wp\/v2\/media?parent=86058"}],"wp:term":[{"taxonomy":"category","embeddable":true,"href":"https:\/\/www.europesays.com\/no\/wp-json\/wp\/v2\/categories?post=86058"},{"taxonomy":"post_tag","embeddable":true,"href":"https:\/\/www.europesays.com\/no\/wp-json\/wp\/v2\/tags?post=86058"}],"curies":[{"name":"wp","href":"https:\/\/api.w.org\/{rel}","templated":true}]}}