{"id":86066,"date":"2025-11-13T11:18:15","date_gmt":"2025-11-13T11:18:15","guid":{"rendered":"https:\/\/www.europesays.com\/no\/86066\/"},"modified":"2025-11-13T11:18:15","modified_gmt":"2025-11-13T11:18:15","slug":"mdg-ma-torre-a-si-nei-til-et-gronnvasket-budsjett","status":"publish","type":"post","link":"https:\/\/www.europesays.com\/no\/86066\/","title":{"rendered":"MDG m\u00e5 t\u00f8rre \u00e5 si nei til et gr\u00f8nnvasket budsjett"},"content":{"rendered":"<p class=\"kicker t14 tm14 font-NotoSans\" style=\"\">KRONIKK<\/p>\n<p>    MDG har ikke bare lovet \u00e5 gj\u00f8re St\u00f8re gr\u00f8nnere gjennom hele valgkampen. Hele v\u00e5r eksistensberettigelse handler om at vi skal sette livsgrunnlaget v\u00e5rt f\u00f8rst. Derfor b\u00f8r stortingsgruppen stemme nei til et budsjettforlik dersom vi ikke f\u00e5r store nok gjennomslag i oljepolitikken.<\/p>\n<p>\n        Hvis regjeringen St\u00f8re ikke tilbyr annet enn de samme almissene til klima og milj\u00f8 som SV og Venstre har godtatt i ti\u00e5r, b\u00f8r MDG la v\u00e6re \u00e5 st\u00f8tte budsjettforliket, mener innleggsforfatteren.<br \/>\n        Gorm Kallestad \/ NTB\n    <\/p>\n<p class=\"italic m-italic\" data-lab-italic=\"italic\"><a href=\"https:\/\/www.altinget.no\/artikkel\/mdg-maa-toerre-aa-si-nei-til-et-groennvasket-budsjett\" target=\"_blank\" rel=\"nofollow noopener\">Dette debattinnlegget<\/a>\u00a0ble f\u00f8rst publisert p\u00e5\u00a0<a href=\"https:\/\/www.altinget.no\/\" target=\"_blank\" rel=\"nofollow noopener\">Altinget<\/a>, som ABC Nyheter har et samarbeid med.\u00a0<\/p>\n<p>Milj\u00f8partiet De Gr\u00f8nne opplevde en historisk seier n\u00e5r vi 8. september 2025 karret oss over sperregrensa, nesten tredoblet stortingsgruppen v\u00e5r og s\u00f8rget for at St\u00f8re-regjeringen ble avhengige av oss for flertall.<\/p>\n<p>N\u00e5 er tiden kommet for \u00e5 bevise at vi ikke er nok et klimaparti som bare \u00abhar det i kjeften\u00bb. Derfor b\u00f8r MDGs stortingsgruppe stemme nei til et budsjettforlik dersom vi ikke f\u00e5r store nok gjennomslag i oljepolitikken.<\/p>\n<p>Norsk klimapolitikk har v\u00e6rt en flau aff\u00e6re. Til tross for at vi har hatt klimapartier p\u00e5 begge sider av midtstreken i norsk politikk, har norsk klimapolitikk stort sett handlet om \u00e5 unng\u00e5 katastrofe, i stedet for \u00e5 f\u00e5 p\u00e5 plass reelle klimatiltak. Vi har brukt \u00e5revis med forhandlingskapital p\u00e5 \u00e5 unng\u00e5 oljeboring i Lofoten, Vester\u00e5len og Senja\u00a0\u2013 og n\u00e5 gjentar historien seg med gruvedrift p\u00e5 havbunnen, som ligger an til \u00e5 bli en \u00e5rlig budsjettkamp.\u00a0<\/p>\n<p>                <img decoding=\"async\" src=\"https:\/\/www.europesays.com\/no\/wp-content\/uploads\/2025\/11\/1763032694_724_1226911.webp\" width=\"380\" height=\"114\" title=\"\" alt=\"\" loading=\"lazy\" style=\"\"\/><\/p>\n<p>Dette er Altinget<\/p>\n<p class=\"op-bg_40 color_mobile_op-bg_40 font-NotoSerif\" data-lab-fontface=\"NotoSerif\"> <a href=\"http:\/\/www.altinget.no\/\" target=\"_blank\" rel=\"nofollow noopener\">Altinget.no<\/a> er Norges f\u00f8rste rendyrkede politiske nettavis. Med 28 nisjemedier i Danmark og 11 i Sverige er Altinget allerede et etablert mediehus i Norden. M\u00e5let er \u00e5 \u00f8ke forst\u00e5elsen for nasjonal og europeisk politikk gjennom nisjejournalistikk av h\u00f8y kvalitet \u2013 med et n\u00f8ytralt utgangspunkt.<\/p>\n<p class=\"quote\">Det siste norsk klimapolitikk trenger, er enda et parti som tar til takke med smuler i klimapolitikken.<\/p>\n<p>Totalsminket bilde<\/p>\n<p>Der\u00a0<a href=\"https:\/\/carbon-pulse.com\/447598\/\" rel=\"nofollow noopener\" target=\"_blank\">EU<\/a>\u00a0er i ferd med \u00e5 innf\u00f8re en historisk klimatoll som f\u00f8rer til at land i hele verden n\u00e5 innf\u00f8rer og styrker egne klimaavgifter,\u00a0<a href=\"https:\/\/www.nrk.no\/norge\/frankrike-vil-innfora-miljoavgift-pa-billige-klede-_-meiner-noreg-bor-folga-etter-1.16853998\" rel=\"nofollow noopener\" target=\"_blank\">Frankrike<\/a>\u00a0innf\u00f8rte kraftige reguleringer og avgifter mot fast fashion, og\u00a0<a href=\"https:\/\/www.nho.no\/tema\/energi-miljo-og-klima\/artikler\/2022\/inflation-reduction-act\/\" rel=\"nofollow noopener\" target=\"_blank\">USA<\/a>\u00a0har innf\u00f8rt en historisk subsidiepakke p\u00e5 hele 369 milliarder dollar for \u00e5 utl\u00f8se investeringer i fornybar energi og gr\u00f8nn teknologi\u00a0\u2013 st\u00e5r norsk klimapolitikk n\u00e6rmest stille. Siden 1990 har vi redusert norske utslipp med skarve\u00a0<a href=\"https:\/\/www.miljodirektoratet.no\/ansvarsomrader\/klima\/klimagasser-utslippstall-regnskap\/norske-utslipp-og-opptak-av-klimagasser\/\" rel=\"nofollow noopener\" target=\"_blank\">12 prosent<\/a>. Det er\u00a0<a href=\"https:\/\/commission.europa.eu\/news-and-media\/news\/climate-report-shows-largest-annual-drop-eu-greenhouse-gas-emissions-decades-2024-11-05_en\" rel=\"nofollow noopener\" target=\"_blank\">under en tredjedel\u00a0<\/a>av utslippskuttene til EU, og selv land som Ungarn og Polen er i en helt annen klasse enn gr\u00f8nne, flinke Norge.\u00a0<\/p>\n<p>Men selv dette er et totalsminket bilde av norsk klimapolitikk. Utslippene fra norsk olje og gass er over ti ganger s\u00e5 store som hele Norges klimautslipp, uten \u00e5 telle med i Norges klimaregnskap. Dersom vi inkluderer utslippene fra petroleumseksporten vi har tjent oss rike p\u00e5, stiger vi raskt p\u00e5 listen over hvilke land i verden som bidrar mest til klimaendringene.<\/p>\n<p>Samtidig fortsetter regjeringen med \u00e5 opprettholde et\u00a0<a href=\"https:\/\/www.nrk.no\/nyheter\/regjeringen_-oljeproduksjonen-kan-bli-den-storste-pa-snaut-20-ar-1.16882427\" rel=\"nofollow noopener\" target=\"_blank\">historisk h\u00f8yt niv\u00e5<\/a>\u00a0i oljeproduksjonen, og deler ut oljelisenser til felt som vil produsere olje i mange ti\u00e5r etter at Europa har g\u00e5tt over til andre l\u00f8sninger. Norge kan ikke v\u00e6re en foregangsnasjon p\u00e5 klima uten \u00e5 endre oljepolitikken.\u00a0<\/p>\n<p>Vi tar ikke til takke med smuler<\/p>\n<p>MDG har ikke bare lovet \u00e5 gj\u00f8re St\u00f8re gr\u00f8nnere gjennom hele valgkampen. Hele v\u00e5r eksistensberettigelse handler om at vi skal sette livsgrunnlaget v\u00e5rt f\u00f8rst. Det krever et linjeskifte i norsk klima- og oljepolitikk.<\/p>\n<p>Likevel krever vi egentlig ikke s\u00e5 mye. Vi gikk ikke til valg p\u00e5 milliarder til alt fra helse, skole og arbeidsliv. Vi gikk ikke til valg p\u00e5 gratis ferger, str\u00f8m og tannhelse. Vi gikk til valg p\u00e5 en trygg og gradvis omstilling fra olje og gass til de gr\u00f8nne n\u00e6ringene som skal sikre \u00f8konomien, arbeidstakerne og velferden i mange hundre \u00e5r framover.<\/p>\n<p>Det er politikk som ikke bare kutter utslipp i det tempoet vi trenger\u00a0\u2013 men som ogs\u00e5 bygger en velferdsstat for framtiden.<\/p>\n<p>Hvis vi ikke tilbys annet enn de samme almissene til klima og milj\u00f8 som SV og Venstre har godtatt i ti\u00e5r, b\u00f8r vi derfor la v\u00e6re \u00e5 st\u00f8tte budsjettforliket. Det siste norsk klimapolitikk trenger, er nemlig enda et parti som tar til takke med smuler i klimapolitikken.<\/p>\n<p class=\"italic m-italic\" data-lab-italic=\"italic\"><a href=\"https:\/\/www.abcnyheter.no\/stemmer\" target=\"_blank\" rel=\"nofollow noopener\">Stemmer<\/a>\u00a0er ABC Nyheters debattseksjon. Dette er meningsytringer, og innholdet st\u00e5r for skribentens regning. \u00d8nsker du \u00e5 bidra? Send kronikk eller debattinnlegg til\u00a0<a href=\"https:\/\/www.abcnyheter.no\/stemmer\/mdg-ma-torre-a-si-nei-til-et-gronnvasket-budsjett\/mailto:stemmer@abcnyheter.no\" target=\"_blank\" rel=\"nofollow noopener\">stemmer@abcnyheter.no<\/a>. <\/p>\n","protected":false},"excerpt":{"rendered":"KRONIKK MDG har ikke bare lovet \u00e5 gj\u00f8re St\u00f8re gr\u00f8nnere gjennom hele valgkampen. Hele v\u00e5r eksistensberettigelse handler om&hellip;\n","protected":false},"author":2,"featured_media":86067,"comment_status":"","ping_status":"","sticky":false,"template":"","format":"standard","meta":{"footnotes":""},"categories":[10],"tags":[20,21,24,25,15,22,23,13,30,28,29,14,16,26,27],"class_list":{"0":"post-86066","1":"post","2":"type-post","3":"status-publish","4":"format-standard","5":"has-post-thumbnail","7":"category-norge","8":"tag-breaking-news","9":"tag-breakingnews","10":"tag-featured-news","11":"tag-featurednews","12":"tag-headlines","13":"tag-latest-news","14":"tag-latestnews","15":"tag-news","16":"tag-no","17":"tag-norge","18":"tag-norway","19":"tag-nyheter","20":"tag-overskrifter","21":"tag-top-stories","22":"tag-topstories"},"share_on_mastodon":{"url":"https:\/\/pubeurope.com\/@no\/115542117839763772","error":""},"_links":{"self":[{"href":"https:\/\/www.europesays.com\/no\/wp-json\/wp\/v2\/posts\/86066","targetHints":{"allow":["GET"]}}],"collection":[{"href":"https:\/\/www.europesays.com\/no\/wp-json\/wp\/v2\/posts"}],"about":[{"href":"https:\/\/www.europesays.com\/no\/wp-json\/wp\/v2\/types\/post"}],"author":[{"embeddable":true,"href":"https:\/\/www.europesays.com\/no\/wp-json\/wp\/v2\/users\/2"}],"replies":[{"embeddable":true,"href":"https:\/\/www.europesays.com\/no\/wp-json\/wp\/v2\/comments?post=86066"}],"version-history":[{"count":0,"href":"https:\/\/www.europesays.com\/no\/wp-json\/wp\/v2\/posts\/86066\/revisions"}],"wp:featuredmedia":[{"embeddable":true,"href":"https:\/\/www.europesays.com\/no\/wp-json\/wp\/v2\/media\/86067"}],"wp:attachment":[{"href":"https:\/\/www.europesays.com\/no\/wp-json\/wp\/v2\/media?parent=86066"}],"wp:term":[{"taxonomy":"category","embeddable":true,"href":"https:\/\/www.europesays.com\/no\/wp-json\/wp\/v2\/categories?post=86066"},{"taxonomy":"post_tag","embeddable":true,"href":"https:\/\/www.europesays.com\/no\/wp-json\/wp\/v2\/tags?post=86066"}],"curies":[{"name":"wp","href":"https:\/\/api.w.org\/{rel}","templated":true}]}}