{"id":86070,"date":"2025-11-13T11:20:16","date_gmt":"2025-11-13T11:20:16","guid":{"rendered":"https:\/\/www.europesays.com\/no\/86070\/"},"modified":"2025-11-13T11:20:16","modified_gmt":"2025-11-13T11:20:16","slug":"sport-fotball-langt-fra-kirkenaer-til-vm-i-fotball-se-noye-pa-dette-bildet","status":"publish","type":"post","link":"https:\/\/www.europesays.com\/no\/86070\/","title":{"rendered":"Sport, Fotball | Langt fra Kirken\u00e6r til VM i fotball: Se n\u00f8ye p\u00e5 dette bildet"},"content":{"rendered":"\n<p>(<a rel=\"Follow nofollow noopener\" href=\"https:\/\/www.nettavisen.no\/norsk-debatt\/stale-solbakken-og-kent-bergersen-lagkompiser-i-en-mannsalder\/o\/5-95-2719516\" target=\"_blank\">Nettavisen<\/a>): Bildet er av Grues guttelag i fotball i 1983. Som vant NM-sluttspillet.<\/p>\n<p><b>Det jeg lurer p\u00e5 er:<\/b><\/p>\n<p>Hvor stor er sannsynligheten for at to av guttene p\u00e5 bildet, 42 \u00e5r senere, skal lede Norge til et etterlengtet verdensmesterskap i fotball?<\/p>\n<p>Ballkompisene med fotball-VM i sikte<\/p>\n<p>Med seier over Estland torsdag er det 99 prosent sikkert at Norge er klar for fotball-VM 2026.<\/p>\n<p><b>Under ledelse av to som ble norgesmestere for 42 \u00e5r siden; St\u00e5le Solbakken og hans assistent Kent Bergersen.<\/b><\/p>\n<p>Det er langt fra Kirken\u00e6r i Innlandet til VM i USA, Canada og Mexico. Men det var her fotballkunnskapen ble l\u00e6rt.<\/p>\n<p>F\u00f8r vi forlater grubling over tilfeldigheter nevner jeg bare at St\u00e5le Solbakken hadde Kent Bergersens pappa, Arne Bergersen, som trener i oppveksten.\u00a0<\/p>\n<p>Mens, Kent, som er ett \u00e5r eldre enn St\u00e5le, hadde hans pappa, Svein Solbakken, som trener.<\/p>\n<p>   <img decoding=\"async\" width=\"4032\" height=\"3024\" fetchpriority=\"low\"  loading=\"lazy\"  src=\"https:\/\/www.europesays.com\/no\/wp-content\/uploads\/2025\/11\/Pappa+Solbakken+og+Bergersen+Foto+Martin+Fladeby+Lvberget.jpg\" alt=\"\" class=\"brick-c-cFOWSL\" style=\"--brick-image-ratio: 4032 \/ 3024;\"\/><\/p>\n<p>      STOLTE FEDRE: Svein Solbakken (t.v.) og Arne Bergersen feiret med kaffe og kake den gang nyheten om at Arnes s\u00f8nn, Kent, skulle inn i St\u00e5le Solbakkens trenerteam for det norske herrelandslaget i fotball.<br \/>\n      Foto: Martin Fladeby L\u00f8vberget\n    <\/p>\n<p><b>Og, kj\u00e6re leser, ta enda en titt p\u00e5 toppbildet: <\/b>Til h\u00f8yre p\u00e5 bildet der st\u00e5r nettopp Svein Solbakken.<\/p>\n<p>En pinglete guttunge<\/p>\n<p>Han var trener for dette 12-\u00e5rs laget til Grue. Han s\u00e5 talentet til sin s\u00f8nn, og tok han opp p\u00e5 laget til tross for at han var et \u00e5r yngre.<\/p>\n<p>Jeg jobbet p\u00e5 denne tiden i avisen Gl\u00e5mdalen p\u00e5 Kongsvinger.<\/p>\n<p><b>Jeg fikk tidlig h\u00f8re om, og etter hvert ogs\u00e5 se, denne s\u00f8nnen til Solbakken, som stadig flere snakket om. En pinglete, men teknisk god guttunge. Ogs\u00e5 var han visstnok en skikkelig d\u00e5rlig taper.<\/b><\/p>\n<p>N\u00e5r jeg konfronterer landslagssjefen med beskrivelsen, korrigerer han kjapt med at d\u00e5rlig taper er vinnermentalitet.<\/p>\n<p>Pappa Svein s\u00e5 nok tidlig at eldstes\u00f8nnen kunne bli fotballspiller.<\/p>\n<p>Og pappa ville at s\u00f8nnen skulle bli det.<\/p>\n<p>Aldri noe mas om lekser<\/p>\n<p>For selv om pappa var l\u00e6rer s\u00e5 var det aldri mas om gj\u00f8re lekser.<\/p>\n<p>Spille fotball med kompisene var det som betydde noe for s\u00f8nnen \u2013 og pappa.<\/p>\n<p><b>Det fortelles at St\u00e5le og de andre guttene spilte fotball i hvert eneste friminutt p\u00e5 skolen. Ikke s\u00e5 oppsiktsvekkende kanskje, men guttegjengen innf\u00f8rte en spesiell \u00abregel\u00bb om at da det ringte inn for ny time s\u00e5 var det \u00abf\u00f8rste m\u00e5l\u00bb vinner. <\/b><\/p>\n<p>Det betydde at de ikke alltid kom like presist inn til timen. Men, det var aldri kjeft \u00e5 f\u00e5 fra l\u00e6reren; pappaen til St\u00e5le.<\/p>\n<p>Mer streng var nok Svein som fotballtrener.<\/p>\n<p>Pappa Solbakken: Hard og bestemt, men aldri ufin<\/p>\n<p>\u2013 Der var han hard mot meg, ikke ufin, men bestemt. Jeg kan huske de tre-fire gangene i barndommen hvor han roste meg. Det satt langt inne f\u00f8r han var forn\u00f8yd. Sikkert derfor jeg ogs\u00e5 husker rosen s\u00e5 godt, forteller dagens landslagssjef St\u00e5le Solbakken.<\/p>\n<p>   <img decoding=\"async\" width=\"5417\" height=\"3608\" fetchpriority=\"low\"  loading=\"lazy\"  src=\"https:\/\/www.europesays.com\/no\/wp-content\/uploads\/2025\/11\/Far+og+snn+Solbakken+Foto+Johan+Patrick+Bredesen.jpg\" alt=\"\" class=\"brick-c-cFOWSL\" style=\"--brick-image-ratio: 5417 \/ 3608;\"\/><\/p>\n<p>      FAR OG S\u00d8NN Solbakken sammen p\u00e5 tribunen p\u00e5 Gjemselund stadion p\u00e5 Kongsvinger.<br \/>\n      Foto: Johan Patrick Bredesen\n    <\/p>\n<p>Om Svein var ambisi\u00f8s, s\u00e5 hadde han en s\u00f8nn som var sv\u00e6rt s\u00e5 treningsvillig.\u00a0<\/p>\n<p>St\u00e5le var sent utviklet, og flere p\u00e5 laget hans var bedre, s\u00e5 han hadde hele tiden noe \u00e5 strekke seg etter. St\u00e5le \u00abm\u00e5tte\u00bb og trente mer enn de andre, for \u00e5 v\u00e6re like god som \u00abstjernene p\u00e5 guttelaget, Kent Bergersen og Stig \u00d8sterud. Begge to ble innkalt til samlinger i regi av Norges Fotballforbund.<\/p>\n<p>Solbakken har Haaland<\/p>\n<p>Jeg tar det alts\u00e5 for gitt at Norge sl\u00e5r Estland p\u00e5 torsdag. Herregud, Norge har jo Erling Braut Haaland!<\/p>\n<p>Og da har landslaget under St\u00e5le Solbakkens ledelse befridd nasjonen fra et traume som har vart siden forrige \u00e5rhundre.\u00a0<\/p>\n<p><b>Sist Norge var i fotball-VM var i 1998. Da var for \u00f8vrig St\u00e5le Solbakken med som spiller. <\/b><\/p>\n<p>   <img decoding=\"async\" width=\"6642\" height=\"4428\" fetchpriority=\"low\"  loading=\"lazy\"  src=\"https:\/\/www.europesays.com\/no\/wp-content\/uploads\/2025\/11\/1763032816_284_NTB_85JIJYvZEik.jpg\" alt=\"\" class=\"brick-c-cFOWSL\" style=\"--brick-image-ratio: 6642 \/ 4428;\"\/><\/p>\n<p>      G\u00d8Y P\u00c5 JOBB: Fotballkompisene Kent Bergersen og St\u00e5le Solbakken.<br \/>\n      Foto: Fredrik Varfjell (NTB)\n    <\/p>\n<p>Norge i fotball-VM er selvsagt et h\u00f8ydepunkt i St\u00e5le Solbakkens trenerkarriere. Og et stolt \u00f8yeblikk for fatter\u2019n.<\/p>\n<p><b>Det er p\u00e5 sin plass at nasjonen sier takk til fotballtreneren Svein Solbakken.<\/b><\/p>\n","protected":false},"excerpt":{"rendered":"(Nettavisen): Bildet er av Grues guttelag i fotball i 1983. Som vant NM-sluttspillet. Det jeg lurer p\u00e5 er:&hellip;\n","protected":false},"author":2,"featured_media":85812,"comment_status":"","ping_status":"","sticky":false,"template":"","format":"standard","meta":{"footnotes":""},"categories":[59],"tags":[36,92,8138,30,28,29,1533,83,82,1387],"class_list":{"0":"post-86070","1":"post","2":"type-post","3":"status-publish","4":"format-standard","5":"has-post-thumbnail","7":"category-sport","8":"tag-art","9":"tag-fotball","10":"tag-grue","11":"tag-no","12":"tag-norge","13":"tag-norway","14":"tag-opinion","15":"tag-sport","16":"tag-sports","17":"tag-stale-solbakken"},"share_on_mastodon":{"url":"https:\/\/pubeurope.com\/@no\/115542125813398320","error":""},"_links":{"self":[{"href":"https:\/\/www.europesays.com\/no\/wp-json\/wp\/v2\/posts\/86070","targetHints":{"allow":["GET"]}}],"collection":[{"href":"https:\/\/www.europesays.com\/no\/wp-json\/wp\/v2\/posts"}],"about":[{"href":"https:\/\/www.europesays.com\/no\/wp-json\/wp\/v2\/types\/post"}],"author":[{"embeddable":true,"href":"https:\/\/www.europesays.com\/no\/wp-json\/wp\/v2\/users\/2"}],"replies":[{"embeddable":true,"href":"https:\/\/www.europesays.com\/no\/wp-json\/wp\/v2\/comments?post=86070"}],"version-history":[{"count":0,"href":"https:\/\/www.europesays.com\/no\/wp-json\/wp\/v2\/posts\/86070\/revisions"}],"wp:featuredmedia":[{"embeddable":true,"href":"https:\/\/www.europesays.com\/no\/wp-json\/wp\/v2\/media\/85812"}],"wp:attachment":[{"href":"https:\/\/www.europesays.com\/no\/wp-json\/wp\/v2\/media?parent=86070"}],"wp:term":[{"taxonomy":"category","embeddable":true,"href":"https:\/\/www.europesays.com\/no\/wp-json\/wp\/v2\/categories?post=86070"},{"taxonomy":"post_tag","embeddable":true,"href":"https:\/\/www.europesays.com\/no\/wp-json\/wp\/v2\/tags?post=86070"}],"curies":[{"name":"wp","href":"https:\/\/api.w.org\/{rel}","templated":true}]}}