{"id":86076,"date":"2025-11-13T11:27:09","date_gmt":"2025-11-13T11:27:09","guid":{"rendered":"https:\/\/www.europesays.com\/no\/86076\/"},"modified":"2025-11-13T11:27:09","modified_gmt":"2025-11-13T11:27:09","slug":"kritiserer-ny-leder-i-bodo-nye-eiendom-for-ikkje-a-flytte-til-bodo-nrk-nordland","status":"publish","type":"post","link":"https:\/\/www.europesays.com\/no\/86076\/","title":{"rendered":"Kritiserer ny leder i Bod\u00f8 Nye Eiendom for ikkje \u00e5 flytte til Bod\u00f8 \u2013 NRK Nordland"},"content":{"rendered":"<p>M\u00e5ndag blei det klart at Thor Thoeneie blir ny dagleg leiar i Nye Bod\u00f8 Eiendom AS.<\/p>\n<p>Med det skal han leie utviklinga av den nye bydelen som er planlagt i Bod\u00f8.<\/p>\n<p>Bydelen blir bygd fordi den nye flyplassen i Bod\u00f8 skal flyttast 900 meter.<\/p>\n<p>Det inneber mellom anna \u00e5 f\u00e5 fleire tusen nye innbyggjarar til nordlandshovudstaden.<\/p>\n<p>\u2013 Det er eitt av dei st\u00f8rre byutviklingsprosjekta i Noreg. Eg \u00f8nskjer \u00e5 arbeide med by-, bustads- og n\u00e6ringsutvikling av store prosjekt, seier Thoeneie til NRK.<\/p>\n<p><strong>Men han har ikkje tenkt til \u00e5 flytte til byen sj\u00f8lv.<\/strong><\/p>\n<p>Det f\u00e5r fleire til \u00e5 reagere.<\/p>\n<p>\u2013 Det aller verste er at styret som er ansvarlege for at tusenvis av menneske skal velje \u00e5 flytte til Bod\u00f8 ikkje klarer \u00e5 overtale ein direkt\u00f8r med millionl\u00f8n \u00e5 flytte hit, seier bystyrerepresentant for Raudt i Bod\u00f8, Andreas Tymi.<\/p>\n<p>Dette er Ny by, ny flyplass<\/p>\n<p><img decoding=\"async\"   src=\"data:image\/gif;base64,R0lGODlhAQABAIAAAAAAAP\/\/\/yH5BAEAAAAALAAAAAABAAEAAAIBRAA7\" loading=\"eager\" alt=\"Flyfoto over Bod\u00f8halv\u00f8ya, med den foresl\u00e5tte nye flyplassen inntegnet. \" title=\"Foto: Bod\u00f8 kommune\"\/><\/p>\n<p>Foto: Bod\u00f8 kommune<\/p>\n<ul>\n<li>\n<p>Utgangspunktet for prosjektet er fr\u00e5 2012, d\u00e5 Stortinget valde \u00e5 legge ned den milit\u00e6re flybasen i Bod\u00f8.<\/p>\n<\/li>\n<li>\n<p>Ved ei slik nedlegging ville store areal p\u00e5 dagens flyplass miste funksjonen sin. I tillegg hadde flyplassen ei ustabil flystripe.<\/p>\n<\/li>\n<li>\n<p>Ved \u00e5 flytte flyplassen 900 meter, vil Bod\u00f8 f\u00e5 ei ny, meir stabil flystripe. Byen vil ogs\u00e5 frigjere eit areal p\u00e5 2.900 dekar, eit omr\u00e5de som er nesten like stort som Bod\u00f8 sentrum.<\/p>\n<\/li>\n<li>\n<p>Visjonane for den nye bydelen er store. Planen er \u00e5 bygge fleire tusen nye bustader, n\u00e6ringsbygg og ein heilt ny og milj\u00f8vennleg smartby.<\/p>\n<\/li>\n<li>\n<p>Prosjektet er delt opp i to delar: Bygging av ny flyplass, og oppkj\u00f8p og vidareutvikling av den gamle flyplassen p\u00e5 Hernes.<\/p>\n<\/li>\n<\/ul>\n<p>\u2013 Er det verkeleg naudsynt \u00e5 akseptere ein avtale der leiaren f\u00e5r lov \u00e5 pendle, med pendlarbustad og reiseutgifter dekka av fellesskapet, i staden for faktisk \u00e5 busetje seg i byen han skal fornye og utvikle, sp\u00f8r kommentator B\u00f8rre Arntzen i <a href=\"https:\/\/www.an.no\/bor-en-toppleder-pendle-til-byen-han-skal-utvikle\/o\/5-4-2276523\" ec-id=\"https:\/\/www.an.no\/bor-en-toppleder-pendle-til-byen-han-skal-utvikle\/o\/5-4-2276523\" ec-name=\"Avisa Nordland\" rel=\"nofollow noopener\" target=\"_blank\">Avisa Nordland<\/a>.<\/p>\n<p>\u2013 M\u00e5 st\u00f8vsuge distrikta<\/p>\n<p>\u00abNye Bod\u00f8 Eiendom AS\u00bb er eit offentleg eigd selskap av Bod\u00f8 kommune (51 prosent), og Nordland fylkeskommune (49 prosent).<\/p>\n<p>Thoeneie f\u00e5r 1,8 millionar i l\u00f8nn og pendlarbustad.<\/p>\n<p>Han bur nemleg i Asker og har ikkje sj\u00f8lv planar om \u00e5 flytte til Bod\u00f8.<\/p>\n<p>Det er fleire ting som gjer Andreas Tymi, bystyrerepresentant fr\u00e5 Raudt, kritisk til med prosjektet med den nye bydelen.<\/p>\n<p><img decoding=\"async\"   src=\"data:image\/gif;base64,R0lGODlhAQABAIAAAAAAAP\/\/\/yH5BAEAAAAALAAAAAABAAEAAAIBRAA7\" loading=\"eager\" alt=\"en mann med briller og hatt\" title=\"Foto: Sofie Retterst\u00f8l Olaisen \/ NRK\"\/><\/p>\n<p class=\"\">Andreas Tymi, bystyrerepresentant fr\u00e5 Raudt er kritisk til at selskapet Nye Bod\u00f8 Eiendom AS ikkje berre har ansvar for eigedom og sal, men ogs\u00e5 byutvikling.<\/p>\n<p>Foto: Sofie Retterst\u00f8l Olaisen \/ NRK<\/p>\n<p>Tymi er likevel ikkje i tvil om at den nye direkt\u00f8ren vil f\u00e5 nok \u00e5 gjere. Han har nemleg ikkje trua p\u00e5 at kommunen vil f\u00e5 s\u00e5 mange menneske til \u00e5 flytte til Bod\u00f8.<\/p>\n<p>\u2013 Det er ein grunn til at befolkningsframskrivinga viser at dette ikkje er l\u00f8nsamt eller naudsynt. Det er fordi det ikkje er det, seier han og legg til:<\/p>\n<p><strong>\u2013 Skal dette bli ein suksess, m\u00e5 ein st\u00f8vsuge alle distrikta rundt Bod\u00f8. Det vil i alle fall ikkje eg.<\/strong><\/p>\n<p><img decoding=\"async\"   src=\"data:image\/gif;base64,R0lGODlhAQABAIAAAAAAAP\/\/\/yH5BAEAAAAALAAAAAABAAEAAAIBRAA7\" loading=\"eager\" alt=\"Flyfoto over Bod\u00f8halv\u00f8ya, med den foresl\u00e5tte nye flyplassen inntegnet. \" title=\"Foto: Bod\u00f8 kommune\"\/><\/p>\n<p class=\"\">\u00c5rsaka til at Bod\u00f8 vil lage ein ny bydel er at dei har kj\u00f8pt omr\u00e5det der den milit\u00e6re flyplassen tidlegare l\u00e5g, og har flytta den nye flystripa ein kilometer ut i havet.<\/p>\n<p>Foto: Bod\u00f8 kommune<\/p>\n<p>Raudt-politikaren meiner planen som ligg til grunn for prosjektet ser bra ut, men at det vil bli annleis n\u00e5r det blir realisert.<\/p>\n<p>\u2013 Det ser ut til at det blir triveleg og fint, men utbyggarane kjem til \u00e5 ville byggje h\u00f8gare og tettare. Det skjer alltid, og det blir alltid som dei vil.<\/p>\n<p>Det var <a href=\"https:\/\/www.an.no\/han-er-ny-sjef\/s\/5-4-2276282\" ec-id=\"https:\/\/www.an.no\/han-er-ny-sjef\/s\/5-4-2276282\" ec-name=\"Avisa Nordland\" rel=\"nofollow noopener\" target=\"_blank\">Avisa Nordland<\/a> og <a href=\"https:\/\/www.bodonu.no\/thor-blir-sjef-for-bodos-gigantiske-byutvikling\/s\/5-159-216964\" ec-id=\"https:\/\/www.bodonu.no\/thor-blir-sjef-for-bodos-gigantiske-byutvikling\/s\/5-159-216964\" ec-name=\"Bod\u00f8 Nu\" rel=\"nofollow noopener\" target=\"_blank\">Bod\u00f8 Nu<\/a> som f\u00f8rst skreiv om Thoeneies l\u00f8nn.<\/p>\n<p><img decoding=\"async\"   src=\"data:image\/gif;base64,R0lGODlhAQABAIAAAAAAAP\/\/\/yH5BAEAAAAALAAAAAABAAEAAAIBRAA7\" loading=\"eager\" alt=\"Ny By Bod\u00f8 illustrasjonsfoto av Sirkul\u00e6rsenteret\" title=\"Foto: AsplanViak \/ Bod\u00f8 kommune\"\/><\/p>\n<p class=\"\">Slik kjem ein del av den nye bydelen til \u00e5 sj\u00e5 ut.<\/p>\n<p>Foto: AsplanViak \/ Bod\u00f8 kommune<\/p>\n<p>Ikkje aktuelt \u00e5 flytte<\/p>\n<p><strong>\u2013 Eg skulle gjerne flytta til Bod\u00f8. Det ser veldig flott ut her, men livssituasjonen min gjer det uaktuelt p\u00e5 noverande tidspunkt, seier Thoeneie til NRK.<\/strong><\/p>\n<p>Han har budd i Asker i 25 \u00e5r, der han er gift, har to barn og kona arbeider i ei fulltidsstilling i Asker kommune. Sj\u00f8lv om han ikkje bur i byen, vil han vere i Bod\u00f8 kvar veke.<\/p>\n<p>\u2013 Eg er 55 \u00e5r og er s\u00e5 heldig at vi har v\u00e5r n\u00e6raste familie buande rett ved oss. P\u00e5 noverande tidspunkt er det ikkje aktuelt for meg \u00e5 flytte til ein annan kommune, men om litt tid kan det bli aktuelt.<\/p>\n<p><img decoding=\"async\"   src=\"data:image\/gif;base64,R0lGODlhAQABAIAAAAAAAP\/\/\/yH5BAEAAAAALAAAAAABAAEAAAIBRAA7\" loading=\"eager\" alt=\"En person st\u00e5r ute i sn\u00f8v\u00e6r if\u00f8rt en svart jakke. Det sn\u00f8r lett, og bakgrunnen viser en smal vei og tr\u00e6r. Omgivelsene er preget av vinterlandskap. Personen ser mot kameraet, med en utydelig identitet.\" title=\"Foto: K\u00e5re Riibe Ramskjell \/ NRK\"\/><\/p>\n<p class=\"\">Thor Thoeneie seier det akkurat no ikkje passar \u00e5 flytte til Bod\u00f8.<\/p>\n<p>Foto: K\u00e5re Riibe Ramskjell \/ NRK<\/p>\n<p>\u2013 Derfor vart eg einig med styret om at det passar bra \u00e5 pendle n\u00e5r eg startar i jobben, noko som er veldig vanleg i Noreg, legg han til.<\/p>\n<p>Forsvarer l\u00f8nna<\/p>\n<p>Styreleiar Daniel Bjarmann-Simonsen i Nye Bod\u00f8 Eigedom er klar p\u00e5 at Thoeneie var den beste kandidaten til den viktige jobben i Bod\u00f8.<\/p>\n<p>Han har 25 \u00e5rs erfaring med byutvikling. 55-\u00e5ringen har tidlegare leia store prosjekt som Barcode i Oslo og Oslo Airport City p\u00e5 Gardermoen.<\/p>\n<p><strong>\u2013 Han har tung erfaring fr\u00e5 store utviklingsprosjekt som er n\u00e6r storleiken og kompleksiteten som dette prosjektet har. D\u00e5 tenkte vi at dette var rett veg \u00e5 g\u00e5, seier han til NRK.<\/strong><\/p>\n<p><img decoding=\"async\"   src=\"data:image\/gif;base64,R0lGODlhAQABAIAAAAAAAP\/\/\/yH5BAEAAAAALAAAAAABAAEAAAIBRAA7\" loading=\"eager\" alt=\"Styremedlem Irene Skiri, ny daglig leder Thor Thoeneie og styreleder Daniel Bjarmann-Simonsen\" title=\"Foto: NBE AS\"\/><\/p>\n<p class=\"\">Thor Thoeneie (midten) saman med Daniel Bjarmann-Simonsen og Irene Skiri fr\u00e5 styret i Bod\u00f8 Nye Eiendom da f\u00f8rstnemnde blei presentert som ny dagleg leder.<\/p>\n<p>Foto: NBE AS<\/p>\n<p>\u2013 Er det ikkje eit paradoks at ein som skal f\u00e5 folk til \u00e5 flytte hit, ikkje vil flytte hit sj\u00f8lv?<\/p>\n<p>\u2013 Vi har vore opptekne av \u00e5 f\u00e5 dei beste kandidatane fr\u00e5 heile landet. Thor var den som kom gjennom n\u00e5lauga. D\u00e5 har vi lagt til rette for at det skal vere mogleg for han \u00e5 kombinere livet han lever i dag med denne jobben. S\u00e5 f\u00e5r vi sj\u00e5 kva framtida viser.<\/p>\n<p>If\u00f8lgje styreleiaren blir l\u00f8na betalt av kommersielle inntekter i selskapet, ikkje av offentlege pengar.<\/p>\n<p>\u2013 Vi har lagt oss p\u00e5 eit niv\u00e5 som er samanliknbart med det eigarane v\u00e5re tilbyr i andre offentlege selskap, seier han om l\u00f8na Thoeneie f\u00e5r.<\/p>\n<p>\u2013 Sit igjen med svarteper<\/p>\n<p>Bod\u00f8 kommune har ogs\u00e5 d\u00e5rleg r\u00e5d, s\u00e5 det kan bli vanskeleg \u00e5 lokke folk til Bod\u00f8.<\/p>\n<p>Kommunedirekt\u00f8ren foresl\u00e5r nemleg \u00e5 <a href=\"https:\/\/www.nrk.no\/nordland\/foreslar-a-kutte-400-millioner-neste-ar-1.17643336\" ec-id=\"pp:article:1.17643336\" ec-name=\"kutte 400 millionar kroner neste \u00e5r.\" rel=\"nofollow noopener\" target=\"_blank\">kutte 400 millionar kroner neste \u00e5r.<\/a> <strong>Mellom anna foresl\u00e5r han \u00e5 auke foreldrebetaling for SFO og eigedomsskatt.<\/strong><\/p>\n<p>Tidlegare har b\u00e5de <a href=\"https:\/\/www.nrk.no\/nordland\/legger-ned-skole-og-flere-barnehager-i-bodo-_-motstanderne-mener-det-bryter-med-grunnloven-1.16814288\" ec-id=\"pp:article:1.16814288\" ec-name=\"skular og barnehagar\" rel=\"nofollow noopener\" target=\"_blank\">skular og barnehagar<\/a> lege p\u00e5 hoggestabben.<\/p>\n<p><strong>\u2013 Det er ikkje ein slik by folk har lyst til \u00e5 flytte til, seier Tymi.<\/strong><\/p>\n<p><img decoding=\"async\"   src=\"data:image\/gif;base64,R0lGODlhAQABAIAAAAAAAP\/\/\/yH5BAEAAAAALAAAAAABAAEAAAIBRAA7\" loading=\"eager\" alt=\"Illustrasjon som viser hvordan boliger kan bygges p\u00e5 det nye arealet ved sheltere. \" title=\"Illustrasjon: Bod\u00f8 kommune\"\/><\/p>\n<p class=\"\">Bystyrerepresentant fr\u00e5 Raudt meiner planane for den nye bydelen er utopiske. Han trur utbyggarane vil be om \u00e5 f\u00e5 bygge tettare og h\u00f8gare, og at dei kjem til \u00e5 f\u00e5 vilja si.<\/p>\n<p>Illustrasjon: Bod\u00f8 kommune<\/p>\n<p>Omr\u00e5det der den nye bydelen skal liggje har mellom anna blitt kalla ein <a href=\"https:\/\/www.nrk.no\/nordland\/bodo-kommune_-bodo-nye-eiendom-skal-flippe-eiendom-for-a-tjene-penger-til-bodo-1.16872145\" ec-id=\"pp:article:1.16872145\" ec-name=\"indrefilet for industri og n\u00e6ring\" rel=\"nofollow noopener\" target=\"_blank\">indrefilet for industri og n\u00e6ring<\/a>. Men det kjem ikkje utan ein pris. Kommunen betalar 1,5 milliardar for tomta fr\u00e5 Forsvarsbygg.<\/p>\n<p><strong>Bod\u00f8 kommune har sj\u00f8lv ansl\u00e5tt at selskapet Nye Bod\u00f8 Eiendom treng 655 millionar kroner i eigenkapital.<\/strong><\/p>\n<p>Gitt at Nordland fylkeskommune g\u00e5r inn med 150 millionar kroner, vil det bety at Bod\u00f8 kommune m\u00e5 bidra med 515 millionar kronar.<\/p>\n<p>Det skal dei f\u00e5 ved \u00e5 selge eigedom p\u00e5 finurleg vis:\u00a0<\/p>\n<ul>\n<li>Bod\u00f8 kommune selger eiendom for \u00e5 f\u00e5 egenkapital.<\/li>\n<li>Egenkapital spyttes inn i kj\u00f8p av Hernes.<\/li>\n<li>Deretter selger Bod\u00f8 kommune Hernes bit for bit.<\/li>\n<li>Dette vil utvikle samfunnet, og kommunenen tjener penger p\u00e5 investeringen til beste for felleskapet.<\/li>\n<\/ul>\n<p>Med andre ord; Bod\u00f8 kommune skal flippe eigedom til beste for fellesskapet.<\/p>\n<p>Kontrakten, som har ein totalsum p\u00e5 om lag 2 milliardar kronar, er allereie signert.<\/p>\n<p><strong>\u2013 Om ein legg ut for eit omr\u00e5de som ikkje vil bli l\u00f8nsamt p\u00e5 20\u201340 \u00e5r med 1,5 milliardar i l\u00e5n, sit ein igjen med svarteper. Det er det vi kjem til \u00e5 gjere no, seier Tymi fr\u00e5 Raudt.<\/strong><\/p>\n<p><img decoding=\"async\"   src=\"data:image\/gif;base64,R0lGODlhAQABAIAAAAAAAP\/\/\/yH5BAEAAAAALAAAAAABAAEAAAIBRAA7\" loading=\"eager\" alt=\"Steinmasser spruter etter eksplosjon\" title=\"Foto: Ola Helness \/ NRK\"\/><\/p>\n<p class=\"\">F\u00f8rste spadetak for det store flyplassprosjektet i Bod\u00f8 blei tatt i mars 2023.<\/p>\n<p>Foto: Ola Helness \/ NRK<\/p>\n<p>Publisert<\/p>\n<p>13.11.2025, kl. 09.51<\/p>\n<p>Oppdatert<\/p>\n<p>13.11.2025, kl. 12.15<\/p>\n","protected":false},"excerpt":{"rendered":"M\u00e5ndag blei det klart at Thor Thoeneie blir ny dagleg leiar i Nye Bod\u00f8 Eiendom AS. Med det&hellip;\n","protected":false},"author":2,"featured_media":86077,"comment_status":"","ping_status":"","sticky":false,"template":"","format":"standard","meta":{"footnotes":""},"categories":[5],"tags":[20,21,24,25,15,19,22,23,17,18,13,30,28,29,14,16,26,27],"class_list":{"0":"post-86076","1":"post","2":"type-post","3":"status-publish","4":"format-standard","5":"has-post-thumbnail","7":"category-overskrifter","8":"tag-breaking-news","9":"tag-breakingnews","10":"tag-featured-news","11":"tag-featurednews","12":"tag-headlines","13":"tag-hovedoppslag","14":"tag-latest-news","15":"tag-latestnews","16":"tag-main-news","17":"tag-mainnews","18":"tag-news","19":"tag-no","20":"tag-norge","21":"tag-norway","22":"tag-nyheter","23":"tag-overskrifter","24":"tag-top-stories","25":"tag-topstories"},"share_on_mastodon":{"url":"https:\/\/pubeurope.com\/@no\/115542153203634155","error":""},"_links":{"self":[{"href":"https:\/\/www.europesays.com\/no\/wp-json\/wp\/v2\/posts\/86076","targetHints":{"allow":["GET"]}}],"collection":[{"href":"https:\/\/www.europesays.com\/no\/wp-json\/wp\/v2\/posts"}],"about":[{"href":"https:\/\/www.europesays.com\/no\/wp-json\/wp\/v2\/types\/post"}],"author":[{"embeddable":true,"href":"https:\/\/www.europesays.com\/no\/wp-json\/wp\/v2\/users\/2"}],"replies":[{"embeddable":true,"href":"https:\/\/www.europesays.com\/no\/wp-json\/wp\/v2\/comments?post=86076"}],"version-history":[{"count":0,"href":"https:\/\/www.europesays.com\/no\/wp-json\/wp\/v2\/posts\/86076\/revisions"}],"wp:featuredmedia":[{"embeddable":true,"href":"https:\/\/www.europesays.com\/no\/wp-json\/wp\/v2\/media\/86077"}],"wp:attachment":[{"href":"https:\/\/www.europesays.com\/no\/wp-json\/wp\/v2\/media?parent=86076"}],"wp:term":[{"taxonomy":"category","embeddable":true,"href":"https:\/\/www.europesays.com\/no\/wp-json\/wp\/v2\/categories?post=86076"},{"taxonomy":"post_tag","embeddable":true,"href":"https:\/\/www.europesays.com\/no\/wp-json\/wp\/v2\/tags?post=86076"}],"curies":[{"name":"wp","href":"https:\/\/api.w.org\/{rel}","templated":true}]}}