{"id":86084,"date":"2025-11-13T11:33:11","date_gmt":"2025-11-13T11:33:11","guid":{"rendered":"https:\/\/www.europesays.com\/no\/86084\/"},"modified":"2025-11-13T11:33:11","modified_gmt":"2025-11-13T11:33:11","slug":"romeriking-skadd-i-alvorlig-ulykke-romerikes-blad","status":"publish","type":"post","link":"https:\/\/www.europesays.com\/no\/86084\/","title":{"rendered":"Romeriking skadd i alvorlig ulykke &#8211; Romerikes Blad"},"content":{"rendered":"<ol>\n<li><a href=\"https:\/\/news.google.com\/rss\/articles\/CBMidkFVX3lxTE5IVDd1YWdGcjlpcDMxbFdJV2FuRE9MMVJQSDE5U001X1NUTjhwZzNBUXk5bGdsZERHZ1AyOE9JcFFvZE9jMjdERmcwanFDS2xCYTZIaXlxRmwzdzFnY2FVYjNGUDJpZ0hvbFpRYlRleUpsVHlBeFE?oc=5\" target=\"_blank\" rel=\"nofollow noopener\">Romeriking skadd i alvorlig ulykke<\/a>&nbsp;&nbsp;Romerikes Blad<\/li>\n<li><a href=\"https:\/\/news.google.com\/rss\/articles\/CBMi0AFBVV95cUxPZGl5MnR1VWxERGd4NGozYUJXUTZBRXllQm9NN3ZXalQ1S1pRZlMycDQ1WTQwbUtWeGs0Uzc4NlEzM1dtblY5djJ4M0oxN0MtaVduTkxCcjNOUy1XN2twTHlSbWpOam84cHNQcVZXenhiNE83cllwWDhONDNXc0JjeUpSanJmWUxrMTZnOGZMbWlJLW9fQm9jSmtBeFowLWJUTmxDVGlVZ3NRT1JVbmhaV2VENXgzZU1MMDk4WFR6V0cwSVFPSUQyM2NzeXdLY1RG?oc=5\" target=\"_blank\" rel=\"nofollow noopener\">Kranbil kj\u00f8rt av veien: F\u00f8rer til sykehus med luftambulanse<\/a>&nbsp;&nbsp;TV2.no<\/li>\n<li><a href=\"https:\/\/news.google.com\/rss\/articles\/CBMinAFBVV95cUxOcld5Ml81SnR0emNxZzRTN1NHMTNHdTVPTUFnVmRIZnFDeV9NdWZNeUE5cWxtMXpJM3oyVFhMblc3RktPOHVBUTlQWDA4Wm5XT0cyTUlkV3h5eTFZcGlfeG5TWmRtZXFVcWpBZzg3Ujd5X0RHWDJHX0xwMVRXSzdoT05WMVlTMWFkdUkxOXNrb2JkdWdrMW1wM3Q0aVE?oc=5\" target=\"_blank\" rel=\"nofollow noopener\">Kranbil har kj\u00f8rt av veien \u2013 f\u00f8rer fl\u00f8yet til sykehus<\/a>&nbsp;&nbsp;Aftenposten<\/li>\n<li><a href=\"https:\/\/news.google.com\/rss\/articles\/CBMifEFVX3lxTFBIYUl1TlpfbUtZNW8wZEp2T184Rkx3YTNUUU5vZGQ1M1hYaGhpMHR1aHl4d3g1LVVDNDZqNXVpcHJkWk5iWGVycENlOFYydGhQcGJycHZRVlo3TlQ5ZXlzQXpXQ2huNXlENzg5WHU2OUpoYUxxYV9GZ284dWs?oc=5\" target=\"_blank\" rel=\"nofollow noopener\">Ulykke, Dal | Politiets innsatsleder: \u2013 Flere hypoteser<\/a>&nbsp;&nbsp;Akershus Amtstidende<\/li>\n<li><a href=\"https:\/\/news.google.com\/rss\/articles\/CBMimAFBVV95cUxPS0w1SnZiLS1IdlVrMklkM3hwTHM4dXBnb2ZfRFFOdkFQT09HQ0VyRldsZkxGX0xHWmVpWDMzeEV5eDRISDBNejBqTUNwMHFNZzBNUkFfanhORXpYWGx6dTFGOU43TzlwdTQ2R1g3V2FJMTJpazRVUnByeEZoaFBOQm8ySEFObGFtbUpnX1dGTWxBZ2FsY1pxTw?oc=5\" target=\"_blank\" rel=\"nofollow noopener\">(+) Mann flydd til sykehus etter trafikkulykke: \u2013 Ukjent skadegrad<\/a>&nbsp;&nbsp;Eidsvoll Ullensaker Blad<\/li>\n<\/ol>\n","protected":false},"excerpt":{"rendered":"Romeriking skadd i alvorlig ulykke&nbsp;&nbsp;Romerikes Blad Kranbil kj\u00f8rt av veien: F\u00f8rer til sykehus med luftambulanse&nbsp;&nbsp;TV2.no Kranbil har kj\u00f8rt&hellip;\n","protected":false},"author":2,"featured_media":86085,"comment_status":"","ping_status":"","sticky":false,"template":"","format":"standard","meta":{"footnotes":""},"categories":[10],"tags":[20,21,24,25,15,22,23,13,30,28,29,14,16,26,27],"class_list":{"0":"post-86084","1":"post","2":"type-post","3":"status-publish","4":"format-standard","5":"has-post-thumbnail","7":"category-norge","8":"tag-breaking-news","9":"tag-breakingnews","10":"tag-featured-news","11":"tag-featurednews","12":"tag-headlines","13":"tag-latest-news","14":"tag-latestnews","15":"tag-news","16":"tag-no","17":"tag-norge","18":"tag-norway","19":"tag-nyheter","20":"tag-overskrifter","21":"tag-top-stories","22":"tag-topstories"},"share_on_mastodon":{"url":"https:\/\/pubeurope.com\/@no\/115542176848266043","error":""},"_links":{"self":[{"href":"https:\/\/www.europesays.com\/no\/wp-json\/wp\/v2\/posts\/86084","targetHints":{"allow":["GET"]}}],"collection":[{"href":"https:\/\/www.europesays.com\/no\/wp-json\/wp\/v2\/posts"}],"about":[{"href":"https:\/\/www.europesays.com\/no\/wp-json\/wp\/v2\/types\/post"}],"author":[{"embeddable":true,"href":"https:\/\/www.europesays.com\/no\/wp-json\/wp\/v2\/users\/2"}],"replies":[{"embeddable":true,"href":"https:\/\/www.europesays.com\/no\/wp-json\/wp\/v2\/comments?post=86084"}],"version-history":[{"count":0,"href":"https:\/\/www.europesays.com\/no\/wp-json\/wp\/v2\/posts\/86084\/revisions"}],"wp:featuredmedia":[{"embeddable":true,"href":"https:\/\/www.europesays.com\/no\/wp-json\/wp\/v2\/media\/86085"}],"wp:attachment":[{"href":"https:\/\/www.europesays.com\/no\/wp-json\/wp\/v2\/media?parent=86084"}],"wp:term":[{"taxonomy":"category","embeddable":true,"href":"https:\/\/www.europesays.com\/no\/wp-json\/wp\/v2\/categories?post=86084"},{"taxonomy":"post_tag","embeddable":true,"href":"https:\/\/www.europesays.com\/no\/wp-json\/wp\/v2\/tags?post=86084"}],"curies":[{"name":"wp","href":"https:\/\/api.w.org\/{rel}","templated":true}]}}