{"id":86109,"date":"2025-11-13T12:09:10","date_gmt":"2025-11-13T12:09:10","guid":{"rendered":"https:\/\/www.europesays.com\/no\/86109\/"},"modified":"2025-11-13T12:09:10","modified_gmt":"2025-11-13T12:09:10","slug":"se-bilder-fra-rekonstruksjonen-i-skogholtet","status":"publish","type":"post","link":"https:\/\/www.europesays.com\/no\/86109\/","title":{"rendered":"Se bilder fra rekonstruksjonen i skogholtet"},"content":{"rendered":"\n<ul class=\"_list_o9xde_3 _list_64s2r_85 _unordered_o9xde_106 text-sans-m\">\n<li class=\"_item_o9xde_30\">Stig Millehaugen (56) nekter for \u00e5 ha drept Metkel Betew (46).<\/li>\n<li class=\"_item_o9xde_30\">Politiet gjennomf\u00f8rte en rekonstruksjon i Oslo torsdag.<\/li>\n<li class=\"_item_o9xde_30\">Millehaugen deltok if\u00f8rt m\u00f8rke kl\u00e6r og h\u00e5ndjern.<\/li>\n<li class=\"_item_o9xde_30\">Politiet sier rekonstruksjonen var basert p\u00e5 Millehaugens forklaring.<\/li>\n<li class=\"_item_o9xde_30\">Millehaugen hevder han bare var vitne til hendelsen.<\/li>\n<\/ul>\n<p>Vis mer <\/p>\n<p class=\"_paragraph_o9xde_4 _paragraph_xtcu6_10 layout-component text-serif-m layout-normal text-serif-m layout-padded\">VG kan n\u00e5 presentere bilder og detaljer fra torsdagens rekonstruksjon i Godliaskogen p\u00e5 Oppsal. <\/p>\n<p class=\"_paragraph_o9xde_4 _paragraph_xtcu6_10 layout-component text-serif-m layout-normal text-serif-m layout-padded\">If\u00f8rt sort lue, m\u00f8rk genser, m\u00f8rke bukser og en m\u00f8rk hals gikk <a href=\"https:\/\/www.vg.no\/tag\/stig-millehaugen?utm_source=vg-article&amp;utm_medium=auto-tagger&amp;utm_campaign=1MQ9xB\" class=\"_link_o9xde_39\" rel=\"nofollow noopener\" target=\"_blank\">Stig Millehaugen<\/a> ut av fangetransporten cirka klokken 10.00 torsdag formiddag. <\/p>\n<p class=\"_paragraph_o9xde_4 _paragraph_xtcu6_10 layout-component text-serif-m layout-normal text-serif-m layout-padded\">Rundt h\u00e5ndleddene var han p\u00e5satt h\u00e5ndjern.<\/p>\n<p class=\"_paragraph_o9xde_4 _paragraph_xtcu6_10 layout-component text-serif-m layout-normal text-serif-m layout-padded\">Deretter gikk han \u2013 sammen med en rekke politifolk \u2013 til \u00e5stedet i skogholtet <a href=\"https:\/\/www.vg.no\/nyheter\/i\/PpGrr5\/opplysninger-til-vg-nokas-raner-metkel-betew-skutt-og-drept\" data-track-element-type=\"Link\" data-track-id=\"link:PpGrr5\" class=\"_link_o9xde_39\" rel=\"nofollow noopener\" target=\"_blank\">der Metkel Betew (46) ble drept p\u00e5 skj\u00e6rtorsdag<\/a>.<\/p>\n<p class=\"_paragraph_o9xde_4 _paragraph_xtcu6_10 layout-component text-serif-m layout-normal text-serif-m layout-padded\">Politiet hadde da allerede v\u00e6rt p\u00e5 plass i skogen i en god stund.<\/p>\n<p><img alt=\"INN I SKOGEN: Stig Millehaugen, forsvarer Morten Furuholmen og en rekke politifolk gikk inn til \u00e5stedet i Godliaskogen.  Foto: Tore Kristiansen \/ VG\" class=\"_image_qp4xg_65 layout-component layout-normal\" data-fullscreen- data-track-element-type=\"Article image fullscreen\" data-track-name=\"ImageFullscreen\" decoding=\"async\" loading=\"lazy\" height=\"2086\" itemprop=\"image\"  src=\"https:\/\/www.europesays.com\/no\/wp-content\/uploads\/2025\/11\/6fe7bd32-4b46-4cf2-951c-0e3c515f7293\"  style=\"object-position:0% 0%\" width=\"3243\"\/>INN I SKOGEN: Stig Millehaugen, forsvarer Morten Furuholmen og en rekke politifolk gikk inn til \u00e5stedet i Godliaskogen.  Foto: Tore Kristiansen \/ VG<\/p>\n<p class=\"_paragraph_o9xde_4 _paragraph_xtcu6_10 layout-component text-serif-m layout-normal text-serif-m layout-padded\">Cirka klokken 08.30 torsdag morgen rullet en rekke uniformerte og sivile politibiler inn i omr\u00e5det rundt hele skogholtet p\u00e5 \u00f8stkanten av Oslo.<\/p>\n<p class=\"_paragraph_o9xde_4 _paragraph_xtcu6_10 layout-component text-serif-m layout-normal text-serif-m layout-padded\">Ut av bilene steg blant annet politibetjenter med hund \u2013 som gikk inn i skogen og innom \u00e5stedet, der Nokas-raneren ble drept.<\/p>\n<p class=\"_paragraph_o9xde_4 _paragraph_xtcu6_10 layout-component text-serif-m layout-normal text-serif-m layout-padded\">Cirka klokken 9.15 ankom politiadvokat Christian Hatlo i Oslo politidistrikt, mannen som leder drapsetterforskningen.<\/p>\n<p class=\"_paragraph_o9xde_4 _paragraph_xtcu6_10 layout-component text-serif-m layout-normal text-serif-m layout-padded\">VGs journalister i omr\u00e5det beskriver et st\u00f8rre og st\u00f8rre politioppbud.<\/p>\n<p class=\"_paragraph_o9xde_4 _paragraph_xtcu6_10 layout-component text-serif-m layout-normal text-serif-m layout-padded\">Cirka klokken 09.45 kom en gr\u00e5 varebil med v\u00e5penskjold p\u00e5 siden, fangetransporten med den drapssiktede 56-\u00e5ringen.<\/p>\n<p>Politimann spilte drapsoffer<\/p>\n<p class=\"_paragraph_o9xde_4 _paragraph_xtcu6_10 layout-component text-serif-m layout-normal text-serif-m layout-padded\">I anledning avh\u00f8ret hadde politiet gitt ham en gr\u00e5 T-skjorte med tallet \u00ab1\u00bb p\u00e5 brystet, ryggen og begge overarmene. <\/p>\n<p class=\"_paragraph_o9xde_4 _paragraph_xtcu6_10 layout-component text-serif-m layout-normal text-serif-m layout-padded\">I tillegg hadde politiet montert en mikrofon i halslinningen p\u00e5 T-skjorten, for \u00e5 sikre forklaringen p\u00e5 lyd.<\/p>\n<p><img alt=\"FILMET: Politiet sikret avh\u00f8ret i Godliaskogen med lyd og bilde. Forsvarer Morten Furuholmen er til h\u00f8yre i bildet med en bl\u00e5 boblejakke.  Foto: Tore Kristiansen \/ VG\" class=\"_image_qp4xg_65 layout-component layout-normal\" data-fullscreen- data-track-element-type=\"Article image fullscreen\" data-track-name=\"ImageFullscreen\" decoding=\"async\" loading=\"lazy\" height=\"1878\" itemprop=\"image\"  src=\"https:\/\/www.europesays.com\/no\/wp-content\/uploads\/2025\/11\/91d9bdb0-ecbb-4bec-9292-122476570f4a\"  style=\"object-position:0% 0%\" width=\"2778\"\/>FILMET: Politiet sikret avh\u00f8ret i Godliaskogen med lyd og bilde. Forsvarer Morten Furuholmen er til h\u00f8yre i bildet med en bl\u00e5 boblejakke.  Foto: Tore Kristiansen \/ VG<\/p>\n<p class=\"_paragraph_o9xde_4 _paragraph_xtcu6_10 layout-component text-serif-m layout-normal text-serif-m layout-padded\">Der var ogs\u00e5 en sivil politimann, som ogs\u00e5 var if\u00f8rt en gr\u00e5 T-skjorte \u2013 men med tallet \u00ab2\u00bb p\u00e5 brystet, ryggen og begge overarmene. <\/p>\n<p class=\"_paragraph_o9xde_4 _paragraph_xtcu6_10 layout-component text-serif-m layout-normal text-serif-m layout-padded\"><strong class=\"_strong_o9xde_25\">VG forst\u00e5r det slik at denne politimannen spilte rollen som mark\u00f8r \u2013 i rollen som drapsofferet Metkel Betew.<\/strong><\/p>\n<p class=\"_paragraph_o9xde_4 _paragraph_xtcu6_10 layout-component text-serif-m layout-normal text-serif-m layout-padded\">Rekonstruksjonen varte en snau time, like f\u00f8r klokken 11 ble Millehaugen kj\u00f8rt bort fra stedet.<\/p>\n<p>Politiet: &#8211; Hevder han var vitne til hendelsen<\/p>\n<p class=\"_paragraph_o9xde_4 _paragraph_xtcu6_10 layout-component text-serif-m layout-normal text-serif-m layout-padded\">Politiet har f\u00f8lgende kommentar til torsdagens rekonstruksjon:<\/p>\n<p class=\"_paragraph_o9xde_4 _paragraph_xtcu6_10 layout-component text-serif-m layout-normal text-serif-m layout-padded\">\u2013 Vi har hatt et avh\u00f8r p\u00e5 stedet med Stig Millehaugen. Dette er en forlengelse av avh\u00f8r av ham som allerede er tatt. \u00c5rsaken til avh\u00f8ret p\u00e5 \u00e5stedet er at vi vil etterg\u00e5 hans forklaring. Det ble gjennomf\u00f8rt etter planen og gikk fint, sier Hatlo til VG.<\/p>\n<p class=\"_paragraph_o9xde_4 _paragraph_xtcu6_10 layout-component text-serif-m layout-normal text-serif-m layout-padded\"><strong class=\"_strong_o9xde_25\">\u2013 Hva forklarer han?<\/strong><\/p>\n<p class=\"_paragraph_o9xde_4 _paragraph_xtcu6_10 layout-component text-serif-m layout-normal text-serif-m layout-padded\">\u2013 Det ligger i kortene at han plasserer seg p\u00e5 \u00e5stedet, men han nekter straffskyld.<\/p>\n<p class=\"_paragraph_o9xde_4 _paragraph_xtcu6_10 layout-component text-serif-m layout-normal text-serif-m layout-padded\"><strong class=\"_strong_o9xde_25\">\u2013 Hva sier han om sin egen rolle?<\/strong><\/p>\n<p class=\"_paragraph_o9xde_4 _paragraph_xtcu6_10 layout-component text-serif-m layout-normal text-serif-m layout-padded\">\u2013 Han har gjennom dette avh\u00f8ret og andre avh\u00f8r bekreftet at han var p\u00e5 \u00e5stedet, men at han ikke har noe med selve drapet \u00e5 gj\u00f8re. Han hevder at han var vitne til hendelsen.<\/p>\n<p class=\"_paragraph_o9xde_4 _paragraph_xtcu6_10 layout-component text-serif-m layout-normal text-serif-m layout-padded\">Politiadvokaten opplyser at de ikke er ferdig med avh\u00f8r av Millehaugen.<\/p>\n<p class=\"_paragraph_o9xde_4 _paragraph_xtcu6_10 layout-component text-serif-m layout-normal text-serif-m layout-padded\">Utover det \u00f8nsker han ikke \u00e5 kommentere saken.<\/p>\n<p><img alt=\"FUNNET I SKOGEN: Metkel Betew ble drept om kvelden p\u00e5 skj\u00e6rtorsdag.   Foto: Tore Kristiansen \/ VG\" class=\"_image_qp4xg_65 layout-component layout-normal\" data-fullscreen- data-track-element-type=\"Article image fullscreen\" data-track-name=\"ImageFullscreen\" decoding=\"async\" loading=\"lazy\" height=\"4000\" itemprop=\"image\"  src=\"https:\/\/www.europesays.com\/no\/wp-content\/uploads\/2025\/11\/3f87e90e-2767-4211-9294-d4ea654cf508\"  style=\"object-position:0% 0%\" width=\"6000\"\/>FUNNET I SKOGEN: Metkel Betew ble drept om kvelden p\u00e5 skj\u00e6rtorsdag.   Foto: Tore Kristiansen \/ VGNekter for drap<\/p>\n<p class=\"_paragraph_o9xde_4 _paragraph_xtcu6_10 layout-component text-serif-m layout-normal text-serif-m layout-padded\">Drapssiktede Stig Millehaugen bestrider anklagene som rettes mot ham.<\/p>\n<p class=\"_paragraph_o9xde_4 _paragraph_xtcu6_10 layout-component text-serif-m layout-normal text-serif-m layout-padded\">I l\u00f8pet av h\u00f8sten har 56-\u00e5ringen b\u00e5de gitt en skriftlig forklaring til politiet om saken og <a href=\"https:\/\/www.vg.no\/nyheter\/i\/kwlryA\/stig-millehaugen-avhoert-om-drapet-paa-metkel-betew\" data-track-element-type=\"Link\" data-track-id=\"link:kwlryA\" class=\"_link_o9xde_39\" rel=\"nofollow noopener\" target=\"_blank\">forklart seg i flere avh\u00f8r<\/a>.<\/p>\n<p class=\"_paragraph_o9xde_4 _paragraph_xtcu6_10 layout-component text-serif-m layout-normal text-serif-m layout-padded\">Politiet har betegnet drapet p\u00e5 Nokas-raneren Metkel Betew som \u00absv\u00e6rt brutalt og m\u00e5lrettet\u00bb. If\u00f8lge VGs opplysninger ble han funnet skutt og drept i skogholtet \u2013 og <a href=\"https:\/\/www.vg.no\/nyheter\/i\/1Mp5dq\/opplysninger-til-vg-metkel-betew-ble-funnet-med-kuttskader-i-halsen\" data-track-element-type=\"Link\" data-track-id=\"link:1Mp5dq\" class=\"_link_o9xde_39\" rel=\"nofollow noopener\" target=\"_blank\">med kuttskader i halsen<\/a>.<\/p>\n<p class=\"_paragraph_o9xde_4 _paragraph_xtcu6_10 layout-component text-serif-m layout-normal text-serif-m layout-padded\">Nokas-raneren ble funnet drept om kvelden 27. april. <\/p>\n<p class=\"_paragraph_o9xde_4 _paragraph_xtcu6_10 layout-component text-serif-m layout-normal text-serif-m layout-padded\"><a href=\"https:\/\/www.vg.no\/nyheter\/i\/nyjwn5\/opplysninger-til-vg-person-paagrepet-for-drapet-paa-metkel-betew\" data-track-element-type=\"Link\" data-track-id=\"link:nyjwn5\" class=\"_link_o9xde_39\" rel=\"nofollow noopener\" target=\"_blank\">Tre dager senere ble Millehaugen p\u00e5grepet<\/a> \u2013 og politiet jakter fortsatt p\u00e5 flere gjerningspersoner.<\/p>\n<p class=\"_paragraph_o9xde_4 _paragraph_xtcu6_10 layout-component text-serif-m layout-normal text-serif-m layout-padded\"><strong class=\"_strong_o9xde_25\">\u2013 Jeg kan bekrefte at det har v\u00e6rt en rekonstruksjon. Det har v\u00e6rt en rekonstruksjon i henhold til Millehaugens forklaring. Dette var en rekonstruksjon som ikke inneb\u00e6rer erkjennelse av straffskyld, sier forsvarer Morten Furuholmen til VG.<\/strong><\/p>\n","protected":false},"excerpt":{"rendered":"Stig Millehaugen (56) nekter for \u00e5 ha drept Metkel Betew (46). Politiet gjennomf\u00f8rte en rekonstruksjon i Oslo torsdag.&hellip;\n","protected":false},"author":2,"featured_media":86110,"comment_status":"","ping_status":"","sticky":false,"template":"","format":"standard","meta":{"footnotes":""},"categories":[5],"tags":[20,21,24,25,15,19,22,23,17,18,6457,13,30,28,29,14,16,5040,26,27,3739],"class_list":{"0":"post-86109","1":"post","2":"type-post","3":"status-publish","4":"format-standard","5":"has-post-thumbnail","7":"category-overskrifter","8":"tag-breaking-news","9":"tag-breakingnews","10":"tag-featured-news","11":"tag-featurednews","12":"tag-headlines","13":"tag-hovedoppslag","14":"tag-latest-news","15":"tag-latestnews","16":"tag-main-news","17":"tag-mainnews","18":"tag-metkel-betew","19":"tag-news","20":"tag-no","21":"tag-norge","22":"tag-norway","23":"tag-nyheter","24":"tag-overskrifter","25":"tag-stig-millehaugen","26":"tag-top-stories","27":"tag-topstories","28":"tag-vgkrimgruppa"},"share_on_mastodon":{"url":"https:\/\/pubeurope.com\/@no\/115542318638257425","error":""},"_links":{"self":[{"href":"https:\/\/www.europesays.com\/no\/wp-json\/wp\/v2\/posts\/86109","targetHints":{"allow":["GET"]}}],"collection":[{"href":"https:\/\/www.europesays.com\/no\/wp-json\/wp\/v2\/posts"}],"about":[{"href":"https:\/\/www.europesays.com\/no\/wp-json\/wp\/v2\/types\/post"}],"author":[{"embeddable":true,"href":"https:\/\/www.europesays.com\/no\/wp-json\/wp\/v2\/users\/2"}],"replies":[{"embeddable":true,"href":"https:\/\/www.europesays.com\/no\/wp-json\/wp\/v2\/comments?post=86109"}],"version-history":[{"count":0,"href":"https:\/\/www.europesays.com\/no\/wp-json\/wp\/v2\/posts\/86109\/revisions"}],"wp:featuredmedia":[{"embeddable":true,"href":"https:\/\/www.europesays.com\/no\/wp-json\/wp\/v2\/media\/86110"}],"wp:attachment":[{"href":"https:\/\/www.europesays.com\/no\/wp-json\/wp\/v2\/media?parent=86109"}],"wp:term":[{"taxonomy":"category","embeddable":true,"href":"https:\/\/www.europesays.com\/no\/wp-json\/wp\/v2\/categories?post=86109"},{"taxonomy":"post_tag","embeddable":true,"href":"https:\/\/www.europesays.com\/no\/wp-json\/wp\/v2\/tags?post=86109"}],"curies":[{"name":"wp","href":"https:\/\/api.w.org\/{rel}","templated":true}]}}