{"id":86226,"date":"2025-11-13T14:32:08","date_gmt":"2025-11-13T14:32:08","guid":{"rendered":"https:\/\/www.europesays.com\/no\/86226\/"},"modified":"2025-11-13T14:32:08","modified_gmt":"2025-11-13T14:32:08","slug":"forskere-mener-at-neandertalerne-ikke-forsvant-helt-for-40-000-ar-siden","status":"publish","type":"post","link":"https:\/\/www.europesays.com\/no\/86226\/","title":{"rendered":"Forskere mener at neandertalerne ikke forsvant helt for 40 000 \u00e5r siden"},"content":{"rendered":"<p>Neandertalerne forsvant p\u00e5 mystisk vis for rundt 40 000 \u00e5r siden, og forskere har fors\u00f8kt \u00e5 finne ut hva som egentlig skjedde med  slektningene til arten v\u00e5r.<\/p>\n<p>Noen peker p\u00e5 klimaendringer som gjorde leveforholdene deres vanskeligere, mens andre mener at konkurransen om ressurser med moderne mennesker var avgj\u00f8rende.<\/p>\n<p>Sykdom og lav genetisk variasjon kan ogs\u00e5 ha spilt en rolle.<\/p>\n<p>Selv om neandertalerne forsvant som art, har forskere funnet spor av neandertal-DNA hos moderne mennesker, Homo sapiens.<\/p>\n<p>N\u00e5 viser forskning at de kanskje aldri forsvant helt.<\/p>\n","protected":false},"excerpt":{"rendered":"Neandertalerne forsvant p\u00e5 mystisk vis for rundt 40 000 \u00e5r siden, og forskere har fors\u00f8kt \u00e5 finne ut&hellip;\n","protected":false},"author":2,"featured_media":86227,"comment_status":"","ping_status":"","sticky":false,"template":"","format":"standard","meta":{"footnotes":""},"categories":[57],"tags":[30,28,29,65,63,64,66,70,69,67,68],"class_list":{"0":"post-86226","1":"post","2":"type-post","3":"status-publish","4":"format-standard","5":"has-post-thumbnail","7":"category-vitenskap-og-teknologi","8":"tag-no","9":"tag-norge","10":"tag-norway","11":"tag-science","12":"tag-science-and-technology","13":"tag-scienceandtechnology","14":"tag-technology","15":"tag-teknologi","16":"tag-vitenskap","17":"tag-vitenskap-og-teknologi","18":"tag-vitenskapteknologi"},"share_on_mastodon":{"url":"https:\/\/pubeurope.com\/@no\/115542880589099630","error":""},"_links":{"self":[{"href":"https:\/\/www.europesays.com\/no\/wp-json\/wp\/v2\/posts\/86226","targetHints":{"allow":["GET"]}}],"collection":[{"href":"https:\/\/www.europesays.com\/no\/wp-json\/wp\/v2\/posts"}],"about":[{"href":"https:\/\/www.europesays.com\/no\/wp-json\/wp\/v2\/types\/post"}],"author":[{"embeddable":true,"href":"https:\/\/www.europesays.com\/no\/wp-json\/wp\/v2\/users\/2"}],"replies":[{"embeddable":true,"href":"https:\/\/www.europesays.com\/no\/wp-json\/wp\/v2\/comments?post=86226"}],"version-history":[{"count":0,"href":"https:\/\/www.europesays.com\/no\/wp-json\/wp\/v2\/posts\/86226\/revisions"}],"wp:featuredmedia":[{"embeddable":true,"href":"https:\/\/www.europesays.com\/no\/wp-json\/wp\/v2\/media\/86227"}],"wp:attachment":[{"href":"https:\/\/www.europesays.com\/no\/wp-json\/wp\/v2\/media?parent=86226"}],"wp:term":[{"taxonomy":"category","embeddable":true,"href":"https:\/\/www.europesays.com\/no\/wp-json\/wp\/v2\/categories?post=86226"},{"taxonomy":"post_tag","embeddable":true,"href":"https:\/\/www.europesays.com\/no\/wp-json\/wp\/v2\/tags?post=86226"}],"curies":[{"name":"wp","href":"https:\/\/api.w.org\/{rel}","templated":true}]}}