{"id":86250,"date":"2025-11-13T15:01:16","date_gmt":"2025-11-13T15:01:16","guid":{"rendered":"https:\/\/www.europesays.com\/no\/86250\/"},"modified":"2025-11-13T15:01:16","modified_gmt":"2025-11-13T15:01:16","slug":"john-arne-og-louise-angelica-riise-er-ikke-skilt","status":"publish","type":"post","link":"https:\/\/www.europesays.com\/no\/86250\/","title":{"rendered":"John Arne og Louise Angelica Riise er ikke skilt"},"content":{"rendered":"<p class=\"kicker \" style=\"\">John Arne og Louise Angelica Riise:<\/p>\n<p>  Det viser seg at det tidligere kjendisparet ikke har tatt ut skilsmisse.<\/p>\n<p>\n    NOE USIKKER: John Arne Riise er ikke \u00abethundre\u00bb p\u00e5 hva slags status han har i Folkeregisteret. Foto: Andreas Fadum \/ Se og H\u00f8r\n  <\/p>\n<p>Det var i 2021 at det ble kjent at ekteparet John Arne Riise (45) og Louise Angelica Riise (35) <a href=\"https:\/\/www.seher.no\/kjendis\/skilsmisse\/73619131\" rel=\"nofollow noopener\" target=\"_blank\">hadde g\u00e5tt hver til sitt etter\u00a0nesten sju \u00e5rs ekteskap.<\/a> <\/p>\n<p> Paret, <a href=\"https:\/\/www.seher.no\/kjendis\/na-er-de-gift\/64213042\" rel=\"nofollow noopener\" target=\"_blank\">som giftet seg i 2014<\/a>, var lenge blant Norges mest profilerte kjendispar. De delte ofte glimt fra b\u00e5de familieliv og hverdag i sosiale medier og gjennom serien \u00abRiise + Louise\u00bb. <\/p>\n<p>    <a itemprop=\"url\" href=\"https:\/\/www.seher.no\/kjendis\/det-gjor-vondt\/83846018\" rel=\"nofollow noopener\" target=\"_blank\"><\/p>\n<p>      <img loading=\"lazy\" decoding=\"async\" src=\"https:\/\/www.europesays.com\/no\/wp-content\/uploads\/2025\/11\/83846138.webp\" width=\"147\" height=\"98\" title=\"- Det gj\u00f8r vondt\" alt=\"\" class=\"lazyload\" style=\"--aspect-ratio-image: 1.50; \"\/><\/p>\n<p>        &#8211; Det gj\u00f8r vondt<\/p>\n<p>    <\/a><\/p>\n<p> &#8211; Jeg kan bekrefte at Louise og jeg dessverre skal skille lag. Det har v\u00e6rt en lang prosess. Men jeg er uansett glad i Louise og vil alltid v\u00e6re det, sa John Arne til Se og H\u00f8r da bruddet ble kjent.<\/p>\n<p>          <img loading=\"lazy\" decoding=\"async\" src=\"https:\/\/www.europesays.com\/no\/wp-content\/uploads\/2025\/11\/83845653.webp\" width=\"686\" height=\"940\" title=\"GODE VENNER: John Arne og Louise Angelica Riise gikk fra hverandre i 2021, men samarbeider godt som foreldre. Foto: Tore Skaar \/ Se og H\u00f8r\" alt=\"\" class=\"\" style=\"--aspect-ratio-image: 0.73; \"\/><\/p>\n<p>\n          GODE VENNER: John Arne og Louise Angelica Riise gikk fra hverandre i 2021, men samarbeider godt som foreldre. Foto: Tore Skaar \/ Se og H\u00f8r\n      <\/p>\n<p>Ikke skilt\t<\/p>\n<p>Siden da har de funnet lykken p\u00e5 ny p\u00e5 hver sin kant. Louise Angelica har v\u00e6rt i et forhold med kjendismanager David Eriksen siden 2023, mens John Arne <a href=\"https:\/\/www.dagbladet.no\/kjendis\/viser-fram-kjaeresten\/83623636\" target=\"_blank\" rel=\"nofollow noopener\">viste fram sin nye kj\u00e6reste under<\/a> Reality Awards tidligere i \u00e5r.<\/p>\n<p> Selv om det n\u00e5 har g\u00e5tt over fire \u00e5r etter bruddet, har de to fortsatt kontakt. De deler nemlig omsorgen for s\u00f8nnen Colin, som de begge er tydelige p\u00e5 at st\u00e5r i sentrum. <\/p>\n<p>        VONDT: Tale Torjussens dansepartner, Antonio Careri, har sett seg lei av \u00e9n spesiell ting og r\u00f8per at n\u00e5 er det slutt. Video: TV 2\/ Nora Skavhaug\/ Thea Hope\/ R\u00f8d L\u00f8per<\/p>\n<p>Men i tillegg til \u00e5 v\u00e6re foreldre sammen, er duoen ogs\u00e5 fortsatt gift.\u00a0<\/p>\n<p>I en Instagram Story-video lagt ut av David Eriksens kollega i Eccentric People, Mathilde Ullum, kommer det nemlig fram at hverken Eriksen eller Riise er skilt.<\/p>\n<p>    <a itemprop=\"url\" href=\"https:\/\/www.seher.no\/kjendis\/jeg-var-i-et-svart-hull\/83672588\" rel=\"nofollow noopener\" target=\"_blank\"><\/p>\n<p>      <img loading=\"lazy\" decoding=\"async\" src=\"https:\/\/www.europesays.com\/no\/wp-content\/uploads\/2025\/11\/83673315.webp\" width=\"147\" height=\"100\" title=\"- Jeg var i et svart hull\" alt=\"\" class=\"lazyload\" style=\"--aspect-ratio-image: 1.47; \"\/><\/p>\n<p>        &#8211; Jeg var i et svart hull<\/p>\n<p>    <\/a><\/p>\n<p>&#8211; Har du aldri skilt deg?\u00a0sp\u00f8r Ullum hvorp\u00e5 Riise svarer:<\/p>\n<p class=\"font-weight-bold m-font-weight-bold no_italic m-no_italic\" data-lab-font_weight=\"font-weight-bold\" data-lab-italic=\"\">&#8211; Nei. Jeg m\u00e5 fikse det faktisk, jeg m\u00e5 f\u00e5 gjort det.<\/p>\n<p>\u00a0En sjekk i Folkeregisteret bekrefter dette. Der st\u00e5r det nemlig at de er separert \u2013 ikke skilt. Det betyr at ekteskapet juridisk sett fortsatt best\u00e5r, selv om de lever hver for seg.<\/p>\n<p>          <img loading=\"lazy\" decoding=\"async\" src=\"https:\/\/www.europesays.com\/no\/wp-content\/uploads\/2025\/11\/83845684.webp\" width=\"686\" height=\"1002\" title=\"PAR: Louise Angelica Riise og David Eriksen har v\u00e6rt kj\u00e6rester siden 2023. Foto: Andreas Fadum \/ Se og H\u00f8r\" alt=\"\" class=\"\" style=\"--aspect-ratio-image: 0.68; \"\/><\/p>\n<p>\n          PAR: Louise Angelica Riise og David Eriksen har v\u00e6rt kj\u00e6rester siden 2023. Foto: Andreas Fadum \/ Se og H\u00f8r\n      <\/p>\n<p>&#8211; M\u00e5 sp\u00f8rre Louise\t<\/p>\n<p>Se og H\u00f8r benyttet onsdagens premiere p\u00e5 dokumentarfilmen \u00abKl\u00e6bo\u00bb til \u00e5 sp\u00f8rre John Arne om en oppklaring.<\/p>\n<p class=\"font-weight-bold m-font-weight-bold\" data-lab-font_weight=\"font-weight-bold\">&#8211; Jeg vet faktisk ikke. Det er mye papirer og s\u00e5nt. Det m\u00e5 du sp\u00f8rre Louise om. Skal jeg v\u00e6re helt \u00e6rlig s\u00e5 vet jeg ikke. Men p\u00e5 papiret s\u00e5 tror jeg ikke at vi er skilt enn\u00e5, svarte John Arne.<\/p>\n<p>        MISFORN\u00d8YDE: Etter et bes\u00f8k til Australia, hvor prinsesse Ingrid Alexandra skal studere, var ikke kronprinsparet like forn\u00f8yd p\u00e5 hjemreisen. Foto: NTB \/ Raquel Pires Photography\/Det kongelige Hoff \/\/ Video: Jamie Fawcett\/MEGA \/\/ Reporter: H\u00e5vard Bj\u00f8rnerem<\/p>\n<p> Han la samtidig til at forholdet til ekskona og hennes nye kj\u00e6reste er bra. <\/p>\n<p>&#8211; Jeg har godt forhold til David, jeg. Vi m\u00f8tes mye og han er ekstremt fin med s\u00f8nnen v\u00e5r.<\/p>\n<p class=\"italic m-italic\" data-lab-italic=\"italic\">Louise Angelica Riise har ikke svart p\u00e5 Se og H\u00f8rs henvendelser.<\/p>\n","protected":false},"excerpt":{"rendered":"John Arne og Louise Angelica Riise: Det viser seg at det tidligere kjendisparet ikke har tatt ut skilsmisse.&hellip;\n","protected":false},"author":2,"featured_media":86251,"comment_status":"","ping_status":"","sticky":false,"template":"","format":"standard","meta":{"footnotes":""},"categories":[10],"tags":[20,21,3252,24,25,15,6237,479,2543,22,23,3251,13,30,28,29,14,16,26,27],"class_list":{"0":"post-86250","1":"post","2":"type-post","3":"status-publish","4":"format-standard","5":"has-post-thumbnail","7":"category-norge","8":"tag-breaking-news","9":"tag-breakingnews","10":"tag-david-eriksen","11":"tag-featured-news","12":"tag-featurednews","13":"tag-headlines","14":"tag-john-arne-riise","15":"tag-kjendis","16":"tag-kjendisdesken","17":"tag-latest-news","18":"tag-latestnews","19":"tag-louise-angelica-riise","20":"tag-news","21":"tag-no","22":"tag-norge","23":"tag-norway","24":"tag-nyheter","25":"tag-overskrifter","26":"tag-top-stories","27":"tag-topstories"},"share_on_mastodon":{"url":"https:\/\/pubeurope.com\/@no\/115542994810065858","error":""},"_links":{"self":[{"href":"https:\/\/www.europesays.com\/no\/wp-json\/wp\/v2\/posts\/86250","targetHints":{"allow":["GET"]}}],"collection":[{"href":"https:\/\/www.europesays.com\/no\/wp-json\/wp\/v2\/posts"}],"about":[{"href":"https:\/\/www.europesays.com\/no\/wp-json\/wp\/v2\/types\/post"}],"author":[{"embeddable":true,"href":"https:\/\/www.europesays.com\/no\/wp-json\/wp\/v2\/users\/2"}],"replies":[{"embeddable":true,"href":"https:\/\/www.europesays.com\/no\/wp-json\/wp\/v2\/comments?post=86250"}],"version-history":[{"count":0,"href":"https:\/\/www.europesays.com\/no\/wp-json\/wp\/v2\/posts\/86250\/revisions"}],"wp:featuredmedia":[{"embeddable":true,"href":"https:\/\/www.europesays.com\/no\/wp-json\/wp\/v2\/media\/86251"}],"wp:attachment":[{"href":"https:\/\/www.europesays.com\/no\/wp-json\/wp\/v2\/media?parent=86250"}],"wp:term":[{"taxonomy":"category","embeddable":true,"href":"https:\/\/www.europesays.com\/no\/wp-json\/wp\/v2\/categories?post=86250"},{"taxonomy":"post_tag","embeddable":true,"href":"https:\/\/www.europesays.com\/no\/wp-json\/wp\/v2\/tags?post=86250"}],"curies":[{"name":"wp","href":"https:\/\/api.w.org\/{rel}","templated":true}]}}