{"id":86278,"date":"2025-11-13T15:30:13","date_gmt":"2025-11-13T15:30:13","guid":{"rendered":"https:\/\/www.europesays.com\/no\/86278\/"},"modified":"2025-11-13T15:30:13","modified_gmt":"2025-11-13T15:30:13","slug":"trafikk-ulykker-trafikkulykke-i-leirfjord","status":"publish","type":"post","link":"https:\/\/www.europesays.com\/no\/86278\/","title":{"rendered":"Trafikk, Ulykker | Trafikkulykke i Leirfjord"},"content":{"rendered":"\n<p>N\u00f8detatene har rykket ut til en trafikkulykke p\u00e5 fylkesvei 17 i Leirfjord. To personbiler er involvert i hendelsen, og begge kj\u00f8refelt er sperret.<\/p>\n<p>\u2013 Det ene kj\u00f8ret\u00f8yet har kommet over i motsatt kj\u00f8refelt, sier operasjonsleder June Strand Jensen i Nordland politidistrikt.<\/p>\n<p>Det er tre personer involvert i ulykken, og de blir unders\u00f8kt av ambulansepersonell p\u00e5 stedet.<\/p>\n<p>\u2013 F\u00f8rer av det ene kj\u00f8ret\u00f8yet blir fraktet med ambulanse for videre unders\u00f8kelser p\u00e5 sykehus, melder Jensen.<\/p>\n<p>Klokken 14:12 melder politiet har n\u00f8detatene har avsluttet arbeidet p\u00e5 stedet, og de vil opprette sak p\u00e5 hendelsen.<\/p>\n<p>&#8211; Politiet har beslaglagt f\u00f8rerkortet til f\u00f8rer i ett av kj\u00f8ret\u00f8yene, melder operasjonsleder June Stand Jensen i politiloggen.<\/p>\n<p>   <img decoding=\"async\" width=\"4000\" height=\"3000\" fetchpriority=\"low\"  loading=\"lazy\"  src=\"https:\/\/www.europesays.com\/no\/wp-content\/uploads\/2025\/11\/1000035394.jpg\" alt=\"\" class=\"brick-c-cFOWSL\" style=\"--brick-image-ratio: 4000 \/ 3000;\"\/><\/p>\n<p>      AV VEIEN: En av bilene i ulykka endte opp i gr\u00f8fta.<br \/>\n      Foto: Tipser\n    <\/p>\n","protected":false},"excerpt":{"rendered":"N\u00f8detatene har rykket ut til en trafikkulykke p\u00e5 fylkesvei 17 i Leirfjord. To personbiler er involvert i hendelsen,&hellip;\n","protected":false},"author":2,"featured_media":86279,"comment_status":"","ping_status":"","sticky":false,"template":"","format":"standard","meta":{"footnotes":""},"categories":[5],"tags":[36,20,21,24,25,15,19,22,23,2688,17,18,13,30,28,29,14,16,1510,26,27,224,1204],"class_list":{"0":"post-86278","1":"post","2":"type-post","3":"status-publish","4":"format-standard","5":"has-post-thumbnail","7":"category-overskrifter","8":"tag-art","9":"tag-breaking-news","10":"tag-breakingnews","11":"tag-featured-news","12":"tag-featurednews","13":"tag-headlines","14":"tag-hovedoppslag","15":"tag-latest-news","16":"tag-latestnews","17":"tag-leirfjord","18":"tag-main-news","19":"tag-mainnews","20":"tag-news","21":"tag-no","22":"tag-norge","23":"tag-norway","24":"tag-nyheter","25":"tag-overskrifter","26":"tag-story","27":"tag-top-stories","28":"tag-topstories","29":"tag-trafikk","30":"tag-ulykker"},"share_on_mastodon":{"url":"https:\/\/pubeurope.com\/@no\/115543108782151047","error":""},"_links":{"self":[{"href":"https:\/\/www.europesays.com\/no\/wp-json\/wp\/v2\/posts\/86278","targetHints":{"allow":["GET"]}}],"collection":[{"href":"https:\/\/www.europesays.com\/no\/wp-json\/wp\/v2\/posts"}],"about":[{"href":"https:\/\/www.europesays.com\/no\/wp-json\/wp\/v2\/types\/post"}],"author":[{"embeddable":true,"href":"https:\/\/www.europesays.com\/no\/wp-json\/wp\/v2\/users\/2"}],"replies":[{"embeddable":true,"href":"https:\/\/www.europesays.com\/no\/wp-json\/wp\/v2\/comments?post=86278"}],"version-history":[{"count":0,"href":"https:\/\/www.europesays.com\/no\/wp-json\/wp\/v2\/posts\/86278\/revisions"}],"wp:featuredmedia":[{"embeddable":true,"href":"https:\/\/www.europesays.com\/no\/wp-json\/wp\/v2\/media\/86279"}],"wp:attachment":[{"href":"https:\/\/www.europesays.com\/no\/wp-json\/wp\/v2\/media?parent=86278"}],"wp:term":[{"taxonomy":"category","embeddable":true,"href":"https:\/\/www.europesays.com\/no\/wp-json\/wp\/v2\/categories?post=86278"},{"taxonomy":"post_tag","embeddable":true,"href":"https:\/\/www.europesays.com\/no\/wp-json\/wp\/v2\/tags?post=86278"}],"curies":[{"name":"wp","href":"https:\/\/api.w.org\/{rel}","templated":true}]}}