{"id":86300,"date":"2025-11-13T15:54:09","date_gmt":"2025-11-13T15:54:09","guid":{"rendered":"https:\/\/www.europesays.com\/no\/86300\/"},"modified":"2025-11-13T15:54:09","modified_gmt":"2025-11-13T15:54:09","slug":"vil-utsette-elbilmomsen","status":"publish","type":"post","link":"https:\/\/www.europesays.com\/no\/86300\/","title":{"rendered":"Vil utsette elbilmomsen"},"content":{"rendered":"<p>    N\u00e5 starter forhandlingene om neste \u00e5rs statsbudsjett.<\/p>\n<p>\n        Hvis SV f\u00e5r det som de vil, blir det ikke \u00f8kt elbilmoms f\u00f8r til v\u00e5ren.<br \/>\n        Broom\n    <\/p>\n<p class=\"italic m-italic\" data-lab-italic=\"italic\"><a href=\"https:\/\/www.tv2.no\/broom\/vil-utsette-elbilmomsen\/18285988\/\" target=\"_blank\" rel=\"nofollow noopener\">Denne artikkelen<\/a> ble f\u00f8rst publisert hos <a href=\"https:\/\/www.tv2.no\/broom\/\" target=\"_blank\" rel=\"nofollow noopener\">Broom.<\/a><\/p>\n<p>Bilbransjen og mange potensielle bilkj\u00f8pere fikk seg en real bakoversveis da regjeringen la fram sitt forslag til statsbudsjett i oktober.\u00a0<\/p>\n<p>Der foreslo de nemlig \u00e5 innf\u00f8re moms p\u00e5 alle elbiler som koster mer enn 300.000 kroner allerede fra 1. januar (for alt som overstiger denne summen). Ikke nok med det, de signaliserte samtidig at fra 1. januar 2027 vil det bli moms fra f\u00f8rste krone.<\/p>\n<p>I praksis betyr det at en gjennomsnittlig familiebil til 500.000 kroner vil bli 50.000 kroner dyrere fra 1. januar neste \u00e5r, for deretter \u00e5 \u00f8ke ytterligere 75.000 kroner i pris fra 2027.<\/p>\n<p>Utsettelse i alternativt budsjett<\/p>\n<p>Forslaget har m\u00f8tt kraftig motb\u00f8r, s\u00e6rlig fra bilbransjen, som mener at endringene b\u00e5de blir for store og kommer for raskt. N\u00e5 meldes det om\u00a0<a href=\"https:\/\/www.tv2.no\/broom\/nybilsalget-aldri-opplevd-maken\/18281593\/\" rel=\"nofollow noopener\" target=\"_blank\">kaotiske tilstander<\/a>\u00a0for \u00e5 klare \u00e5 hente inn nok biler til landet og levere flest mulig av dem ut til kunder f\u00f8r nytt\u00e5r.<\/p>\n<p>Men kanskje blir det ikke fullt s\u00e5 dramatisk likevel. Sosialistisk venstreparti, som er ett av de tre partiene som Arbeiderpartiet m\u00e5 s\u00f8ke st\u00f8tte hos til neste \u00e5rs statsbudsjett, vil nemlig utsette elbilmomsen til 1. mars neste \u00e5r. Det skriver bransjenettstedet\u00a0<a href=\"https:\/\/www.bilnytt.no\/subscriber\/showArticle.aspx?articleid=13570\" rel=\"nofollow noopener\" target=\"_blank\">Bilnytt<\/a>.<\/p>\n<p><a href=\"https:\/\/www.tv2.no\/broom\/blir-fullstendig-stopp-i-bilsalget\/18209957\/\" rel=\"nofollow noopener\" target=\"_blank\">\u2013 Blir fullstendig stopp i bilsalget<\/a><\/p>\n<p>                <img decoding=\"async\" src=\"https:\/\/www.europesays.com\/no\/wp-content\/uploads\/2025\/11\/1287071.webp\" width=\"480\" height=\"274\" title=\"Antall biler som ankommer Drammen havn er n\u00e5 s\u00e5 h\u00f8yt at det kan g\u00e5 mot rekord\u00e5r.\" alt=\"\" loading=\"lazy\" style=\"\"\/><\/p>\n<p>\n            Antall biler som ankommer Drammen havn er n\u00e5 s\u00e5 h\u00f8yt at det kan g\u00e5 mot rekord\u00e5r.<br \/>\n            Broom\n        <\/p>\n<p>Kutter flere avgifter<\/p>\n<p>\u2013 Vi utsetter innf\u00f8ringen av moms for elbiler til 1. mars, og s\u00f8rger for \u00e5 \u00f8ke avgiftene p\u00e5 fossile biler slik at konkurransekraften for elbil opprettholdes, skriver SV i sitt alternative budsjett.<\/p>\n<p>Samtidig \u00f8nsker SV \u00e5 redusere trafikkforsikringsavgiften for elbiler til samme niv\u00e5 som fossilbiler, og halvere omregistreringsavgiften for elbiler. Det vil gj\u00f8re brukte elbiler billigere, poengterer partiet.\u00a0<\/p>\n<p>Forhandlingene om neste \u00e5rs statsbudsjett starter i morgen, mellom Arbeiderpartiet, SV, R\u00f8dt og MDG. Endelig statsbudsjett skal vedtas i Stortinget i desember.\u00a0<\/p>\n<p><a href=\"http:\/\/tv2.no\/broom\/snur-i-norge-kutter-alle-personbiler\/18275197\/\" rel=\"nofollow noopener\" target=\"_blank\">Snur i Norge: Kutter alle personbiler<\/a><\/p>\n","protected":false},"excerpt":{"rendered":"N\u00e5 starter forhandlingene om neste \u00e5rs statsbudsjett. Hvis SV f\u00e5r det som de vil, blir det ikke \u00f8kt&hellip;\n","protected":false},"author":2,"featured_media":86301,"comment_status":"","ping_status":"","sticky":false,"template":"","format":"standard","meta":{"footnotes":""},"categories":[56],"tags":[60,61,62,30,28,29],"class_list":{"0":"post-86300","1":"post","2":"type-post","3":"status-publish","4":"format-standard","5":"has-post-thumbnail","7":"category-naeringsliv","8":"tag-business","9":"tag-economy","10":"tag-naeringsliv","11":"tag-no","12":"tag-norge","13":"tag-norway"},"share_on_mastodon":{"url":"https:\/\/pubeurope.com\/@no\/115543203386257248","error":""},"_links":{"self":[{"href":"https:\/\/www.europesays.com\/no\/wp-json\/wp\/v2\/posts\/86300","targetHints":{"allow":["GET"]}}],"collection":[{"href":"https:\/\/www.europesays.com\/no\/wp-json\/wp\/v2\/posts"}],"about":[{"href":"https:\/\/www.europesays.com\/no\/wp-json\/wp\/v2\/types\/post"}],"author":[{"embeddable":true,"href":"https:\/\/www.europesays.com\/no\/wp-json\/wp\/v2\/users\/2"}],"replies":[{"embeddable":true,"href":"https:\/\/www.europesays.com\/no\/wp-json\/wp\/v2\/comments?post=86300"}],"version-history":[{"count":0,"href":"https:\/\/www.europesays.com\/no\/wp-json\/wp\/v2\/posts\/86300\/revisions"}],"wp:featuredmedia":[{"embeddable":true,"href":"https:\/\/www.europesays.com\/no\/wp-json\/wp\/v2\/media\/86301"}],"wp:attachment":[{"href":"https:\/\/www.europesays.com\/no\/wp-json\/wp\/v2\/media?parent=86300"}],"wp:term":[{"taxonomy":"category","embeddable":true,"href":"https:\/\/www.europesays.com\/no\/wp-json\/wp\/v2\/categories?post=86300"},{"taxonomy":"post_tag","embeddable":true,"href":"https:\/\/www.europesays.com\/no\/wp-json\/wp\/v2\/tags?post=86300"}],"curies":[{"name":"wp","href":"https:\/\/api.w.org\/{rel}","templated":true}]}}