{"id":86307,"date":"2025-11-13T16:00:17","date_gmt":"2025-11-13T16:00:17","guid":{"rendered":"https:\/\/www.europesays.com\/no\/86307\/"},"modified":"2025-11-13T16:00:17","modified_gmt":"2025-11-13T16:00:17","slug":"sarpsborg-08-sport-slik-ser-det-ut-etter-ffk-besoket-de-bod-pa-noen-utfordringer","status":"publish","type":"post","link":"https:\/\/www.europesays.com\/no\/86307\/","title":{"rendered":"Sarpsborg 08, Sport | Slik ser det ut etter FFK-bes\u00f8ket: \u2013 De b\u00f8d p\u00e5 noen utfordringer"},"content":{"rendered":"\n<p>Etter hva SA kjenner til ble det gjort skader p\u00e5 tribunedelen hvor FFK-supporterne holdt til. I tillegg ble det brukt ulovlig pyrobruk underveis i kampen da enkelte supportere sendte fyrverkeri inn p\u00e5 banen under spillets gang.<\/p>\n<p>Daglig leder i Sarpsborg 08, Raymond Fjeld, \u00f8nsker ikke \u00e5 g\u00e5 i detalj p\u00e5 hva som er \u00f8delagt p\u00e5 borteseksjonen.<\/p>\n<p>\u2013 Slike oppgj\u00f8r byr ofte p\u00e5 noen utfordringer. Det er noe vi som klubb ikke gj\u00f8r s\u00e5 mye med. Vi tar det videre med FFK, som jeg regner med h\u00e5ndterer det p\u00e5 en god m\u00e5te. Vi har en god og ryddig tone med v\u00e5re eliteseriekollegaer, sier Fjeld, og legger til:<\/p>\n<p>Fyrverkeri og pyrobruk p\u00e5 FFK-halvdelen blir h\u00e5ndtert av sikkerhetsavdelingen i FFK etter de rapportene de mottar fra Norges Fotballforbund (NFF).<\/p>\n<p>God tilbakemelding<\/p>\n<p>Utover noen uheldige episoder, s\u00e5 er Raymond Fjeld godt forn\u00f8yd med gjennomf\u00f8ringen av lokaloppgj\u00f8ret mot Fredrikstad, hvor 8.022 tilskuere fylte Sarpsborg stadion.<\/p>\n<p>\u2013 Arrangementet gikk veldig bra. Vi fikk begge lags supportere inn p\u00e5 stadion p\u00e5 en fin m\u00e5te, og stemningen generelt p\u00e5 stadion var god. Vi har ogs\u00e5 f\u00e5tt gode tilbakemeldinger i rapporten fra NFFs delegater, sier Fjeld.<\/p>\n<p>Han kunne derimot \u00f8nsket seg et bedre utfall av kampen.<\/p>\n<p>\u2013 Det er jo fotballen vi lever av, s\u00e5 det \u00e5 tape et lokaloppgj\u00f8r er vondt. S\u00f8ndagen var ikke spesielt hyggelig, men vi kan ikke ligge nede lenge. Mandag startet en ny uke hvor vi ser framover, sier han.<\/p>\n<p>   <img decoding=\"async\" width=\"4432\" height=\"2954\" fetchpriority=\"low\"  loading=\"lazy\"  src=\"https:\/\/www.europesays.com\/no\/wp-content\/uploads\/2025\/11\/cueres_scp-mangler_navn_d__PEKZqIdM.jpg\" alt=\"Sarpsborg 20251108. &#10;Fyrverkeri under eliteseriekampen i fotball mellom Sarpsborg 08 og Fredrikstad p\u00e5 Sarpsborg Stadion.&#10;Foto: Christoffer Andersen \/ NTB\" class=\"brick-c-cFOWSL\" style=\"--brick-image-ratio: 4432 \/ 2954;\"\/><\/p>\n<p>      FFK-supporterne sendte fyrverkeri inn p\u00e5 banen under kampen mellom Sarpsborg 08 og FFK.<br \/>\nFoto: Christoffer Andersen \/ NTB<br \/>\n      Foto: Christoffer Andersen\n    <\/p>\n<p>  God butikk<\/p>\n<p>\u00c5 fylle Sarpsborg stadion er ogs\u00e5 inntektsbringende for klubben.<\/p>\n<p>\u2013 Det er veldig god \u00f8konomi i \u00e5 fylle stadion. Vi hadde ogs\u00e5 et veldig godt salg i supporterbutikken v\u00e5r, jeg tror salget ble blant de fem beste kampene noensinne i supporterbutikken. I tillegg kommer alt av kiosksalg, VIP og alt rundt. Totalt var det veldig bra, sier han.<\/p>\n<p>  <a href=\"https:\/\/www.sa.no\/5-46-1911882\" class=\"related-teaser has-image default-story-teaser article--c-eRUmMG article--c-eRUmMG-jKCPdD-design-default\" rel=\"nofollow noopener\" target=\"_blank\"><\/p>\n<p>    <img decoding=\"async\" loading=\"lazy\"  src=\"https:\/\/www.europesays.com\/no\/wp-content\/uploads\/2025\/11\/A5087800-866D-43F8-B403-C1F1CABD93F1_1_201_a.jpeg\" alt=\"\" class=\"brick-c-cFOWSL\" style=\"\"\/><\/p>\n<p>\n            Les ogs\u00e5<\/p>\n<p>              \u2013 Da jeg d\u00f8mte straffe stormet publikum banen\n        <\/p>\n<p>  <\/a><\/p>\n<p>  <a href=\"https:\/\/www.sa.no\/5-46-1910831\" class=\"related-teaser has-image default-story-teaser article--c-eRUmMG article--c-eRUmMG-jKCPdD-design-default\" rel=\"nofollow noopener\" target=\"_blank\"><\/p>\n<p>    <img decoding=\"async\" loading=\"lazy\"  src=\"https:\/\/www.europesays.com\/no\/wp-content\/uploads\/2025\/11\/Magnar+%C3%98degaard1.jpg\" alt=\"\" class=\"brick-c-cFOWSL\" style=\"\"\/><\/p>\n<p>\n            Les ogs\u00e5<\/p>\n<p>              Blytung kollaps mot FFK: \u2013 Det ble et antiklimaks\n        <\/p>\n<p>  <\/a><\/p>\n<p>  <a href=\"https:\/\/www.sa.no\/5-46-1910391\" class=\"related-teaser has-image default-story-teaser article--c-eRUmMG article--c-eRUmMG-jKCPdD-design-default\" rel=\"nofollow noopener\" target=\"_blank\"><\/p>\n<p>    <img decoding=\"async\" loading=\"lazy\"  src=\"https:\/\/www.europesays.com\/no\/wp-content\/uploads\/2025\/08\/SA-PODDEN+VIGNETT+NYESTE.jpg\" alt=\"\" class=\"brick-c-cFOWSL\" style=\"\"\/><\/p>\n<p>\n            Les ogs\u00e5<\/p>\n<p>              &#8211; Skj\u00f8nner de ikke at det g\u00e5r p\u00e5 \u00e6ra l\u00f8s?\n        <\/p>\n<p>  <\/a><\/p>\n","protected":false},"excerpt":{"rendered":"Etter hva SA kjenner til ble det gjort skader p\u00e5 tribunedelen hvor FFK-supporterne holdt til. I tillegg ble&hellip;\n","protected":false},"author":2,"featured_media":86308,"comment_status":"","ping_status":"","sticky":false,"template":"","format":"standard","meta":{"footnotes":""},"categories":[59],"tags":[36,92,30,28,29,133,83,82,1510],"class_list":{"0":"post-86307","1":"post","2":"type-post","3":"status-publish","4":"format-standard","5":"has-post-thumbnail","7":"category-sport","8":"tag-art","9":"tag-fotball","10":"tag-no","11":"tag-norge","12":"tag-norway","13":"tag-sarpsborg-08","14":"tag-sport","15":"tag-sports","16":"tag-story"},"share_on_mastodon":{"url":"https:\/\/pubeurope.com\/@no\/115543226832961967","error":""},"_links":{"self":[{"href":"https:\/\/www.europesays.com\/no\/wp-json\/wp\/v2\/posts\/86307","targetHints":{"allow":["GET"]}}],"collection":[{"href":"https:\/\/www.europesays.com\/no\/wp-json\/wp\/v2\/posts"}],"about":[{"href":"https:\/\/www.europesays.com\/no\/wp-json\/wp\/v2\/types\/post"}],"author":[{"embeddable":true,"href":"https:\/\/www.europesays.com\/no\/wp-json\/wp\/v2\/users\/2"}],"replies":[{"embeddable":true,"href":"https:\/\/www.europesays.com\/no\/wp-json\/wp\/v2\/comments?post=86307"}],"version-history":[{"count":0,"href":"https:\/\/www.europesays.com\/no\/wp-json\/wp\/v2\/posts\/86307\/revisions"}],"wp:featuredmedia":[{"embeddable":true,"href":"https:\/\/www.europesays.com\/no\/wp-json\/wp\/v2\/media\/86308"}],"wp:attachment":[{"href":"https:\/\/www.europesays.com\/no\/wp-json\/wp\/v2\/media?parent=86307"}],"wp:term":[{"taxonomy":"category","embeddable":true,"href":"https:\/\/www.europesays.com\/no\/wp-json\/wp\/v2\/categories?post=86307"},{"taxonomy":"post_tag","embeddable":true,"href":"https:\/\/www.europesays.com\/no\/wp-json\/wp\/v2\/tags?post=86307"}],"curies":[{"name":"wp","href":"https:\/\/api.w.org\/{rel}","templated":true}]}}