{"id":86317,"date":"2025-11-13T16:11:32","date_gmt":"2025-11-13T16:11:32","guid":{"rendered":"https:\/\/www.europesays.com\/no\/86317\/"},"modified":"2025-11-13T16:11:32","modified_gmt":"2025-11-13T16:11:32","slug":"sport-ole-gunnar-solskjaer-ole-gunnar-solskjaer-svarer-om-ryktene-for-forste-gang","status":"publish","type":"post","link":"https:\/\/www.europesays.com\/no\/86317\/","title":{"rendered":"Sport, Ole Gunnar Solskj\u00e6r | Ole Gunnar Solskj\u00e6r svarer om ryktene for f\u00f8rste gang"},"content":{"rendered":"\n<p>(<a href=\"https:\/\/www.nettavisen.no\/sport\/ole-gunnar-solskjar-svarer-om-ryktene-for-forste-gang\/s\/5-95-2725154\" rel=\"Follow nofollow noopener\" target=\"_blank\">Nettavisen<\/a>): Den arbeidsledige treneren er denne ukens gjest i den popul\u00e6re fotballpodkasten \u00abStick to Football\u00bb.<\/p>\n<p>Dette er andre gang nordmannen gjester programmet som ledes av blant andre Gary Neville og Roy Keane.<\/p>\n<p>I episoden \u00e5pner Solskj\u00e6r litt opp om de ryktene som har svirret rundt ham den siste tiden.<\/p>\n<p>  <a href=\"https:\/\/www.tk.no\/5-51-1758402\" class=\"related-teaser has-image default-story-teaser article--c-eRUmMG article--c-eRUmMG-jKCPdD-design-default\" rel=\"nofollow noopener\" target=\"_blank\"><\/p>\n<p>    <img decoding=\"async\" loading=\"lazy\"  src=\"https:\/\/www.europesays.com\/no\/wp-content\/uploads\/2025\/11\/Ole+Gunnar+Solskjr.bin\" alt=\"\" class=\"brick-c-cFOWSL\" style=\"\"\/><\/p>\n<p>\n            Les ogs\u00e5<\/p>\n<p>              Solskj\u00e6r snakkes om i England: \u2013 Oppsiktsvekkende\n        <\/p>\n<p>  <\/a><br \/>\n  Solskj\u00e6r svarer om Rangers-rykter<\/p>\n<p>Kristiansunderen har i det siste blitt koblet med jobber b\u00e5de for Irland og Sverige, samt den skotske klubben Rangers.<\/p>\n<p>\u2013 Jeg snakket ikke med Rangers, avsl\u00f8rer Solskj\u00e6r.<\/p>\n<p>\u2013 Eller jeg snakket ikke med dem personlig, men agenten min snakket med dem. Han er bestevennen min og ringer meg. Da snakker vi om slikt og jeg er \u00e5pen for en ny jobb, sier den tidligere Manchester United-manageren.<\/p>\n<p>Og agenten Solskj\u00e6r snakker om er som alltid Jim Solbakken.<\/p>\n<p>Kristiansunderen fikk tidligere i \u00e5r sparken som hovedtrener i Besiktas, men sier han gjerne vil tilbake i ny trenerjobb.<\/p>\n<p>\u2013 Jeg er ikke desperat, men jeg elsker \u00e5 bo i England, s\u00e5, ja \u2026<\/p>\n<p>\u2013 Jeg er en fotballmann, s\u00e5 om det er Norge, Sverige eller hva som helst, s\u00e5 handler det om \u00e5 jobbe med mennesker og gj\u00f8re dem til den beste versjonen av seg selv, forklarer Solskj\u00e6r i podkasten.<\/p>\n<p>Solskj\u00e6r er \u00e5pen for Norge-jobben<\/p>\n<p>Han er ogs\u00e5 \u00e5pen for \u00e5 ta over en klubb under Premier League, som i for eksempel The Championship \u2013 niv\u00e5 to i England.<\/p>\n<p>\u2013 Jeg liker \u00e5 trosse oddsen, jeg \u00f8nsker \u00e5 bevise det, sier Solskj\u00e6r.<\/p>\n<p>Han utelukker heller ikke at han kan bli en mulig erstatter for St\u00e5le Solbakken for det norske landslaget.<\/p>\n<p>\u2013 N\u00e5 har vi en god trener i St\u00e5le, men om han en dag bestemmer seg for at han ikke vil signere ny kontrakt med Norge, s\u00e5 klart, hvem ville vel ikke tatt muligheten til \u00e5 jobbe med Erling Braut Haaland igjen, sier den norske treneren.<\/p>\n<p><b>Les flere sportssaker fra Nordm\u00f8re her:<\/b><\/p>\n<p>  <a href=\"https:\/\/www.tk.no\/5-51-1767924\" class=\"related-teaser has-image default-story-teaser article--c-eRUmMG article--c-eRUmMG-jKCPdD-design-default\" rel=\"nofollow noopener\" target=\"_blank\"><\/p>\n<p>    <img decoding=\"async\" loading=\"lazy\"  src=\"https:\/\/www.europesays.com\/no\/wp-content\/uploads\/2025\/11\/DSC_1242.JPG\" alt=\"\" class=\"brick-c-cFOWSL\" style=\"\"\/><\/p>\n<p>\n            Les ogs\u00e5<\/p>\n<p>              Verdensmester trener med KBK\n        <\/p>\n<p>  <\/a><\/p>\n<p>  <a href=\"https:\/\/www.tk.no\/5-51-1766435\" class=\"related-teaser has-image default-story-teaser article--c-eRUmMG article--c-eRUmMG-jKCPdD-design-default\" rel=\"nofollow noopener\" target=\"_blank\"><\/p>\n<p>    <img decoding=\"async\" loading=\"lazy\"  src=\"https:\/\/www.europesays.com\/no\/wp-content\/uploads\/2025\/11\/1763050290_266__DSC1471.JPG\" alt=\"\" class=\"brick-c-cFOWSL\" style=\"\"\/><\/p>\n<p>\n            Les ogs\u00e5<\/p>\n<p>              Nye rykter: \u2013 Spennende navn\n        <\/p>\n<p>  <\/a><\/p>\n<p>  <a href=\"https:\/\/www.tk.no\/5-51-1764830\" class=\"related-teaser has-image default-story-teaser article--c-eRUmMG article--c-eRUmMG-jKCPdD-design-default\" rel=\"nofollow noopener\" target=\"_blank\"><\/p>\n<p>    <img decoding=\"async\" loading=\"lazy\"  src=\"https:\/\/www.europesays.com\/no\/wp-content\/uploads\/2025\/11\/5_51_1052685_2ca69fbc8bfc9d9dd232041ae4583472cb133ed3.jpg\" alt=\"\" class=\"brick-c-cFOWSL\" style=\"\"\/><\/p>\n<p>\n            Les ogs\u00e5<\/p>\n<p>              Sier nei til \u00e5 spille om opprykk: \u2013 Veldig, veldig uheldig\n        <\/p>\n<p>  <\/a><\/p>\n<p>  <a href=\"https:\/\/www.tk.no\/5-51-1763754\" class=\"related-teaser has-image default-story-teaser article--c-eRUmMG article--c-eRUmMG-jKCPdD-design-default\" rel=\"nofollow noopener\" target=\"_blank\"><\/p>\n<p>    <img decoding=\"async\" loading=\"lazy\"  src=\"https:\/\/www.europesays.com\/no\/wp-content\/uploads\/2025\/11\/NTB_NA7aRR3clws.jpg\" alt=\"\" class=\"brick-c-cFOWSL\" style=\"\"\/><\/p>\n<p>\n            Les ogs\u00e5<\/p>\n<p>              To eliteserieklubber f\u00f8lger Olsen tett\n        <\/p>\n<p>  <\/a><\/p>\n","protected":false},"excerpt":{"rendered":"(Nettavisen): Den arbeidsledige treneren er denne ukens gjest i den popul\u00e6re fotballpodkasten \u00abStick to Football\u00bb. Dette er andre&hellip;\n","protected":false},"author":2,"featured_media":86318,"comment_status":"","ping_status":"","sticky":false,"template":"","format":"standard","meta":{"footnotes":""},"categories":[59],"tags":[36,92,30,28,29,505,83,82,1510],"class_list":{"0":"post-86317","1":"post","2":"type-post","3":"status-publish","4":"format-standard","5":"has-post-thumbnail","7":"category-sport","8":"tag-art","9":"tag-fotball","10":"tag-no","11":"tag-norge","12":"tag-norway","13":"tag-ole-gunnar-solskjaer","14":"tag-sport","15":"tag-sports","16":"tag-story"},"share_on_mastodon":{"url":"https:\/\/pubeurope.com\/@no\/115543270069124703","error":""},"_links":{"self":[{"href":"https:\/\/www.europesays.com\/no\/wp-json\/wp\/v2\/posts\/86317","targetHints":{"allow":["GET"]}}],"collection":[{"href":"https:\/\/www.europesays.com\/no\/wp-json\/wp\/v2\/posts"}],"about":[{"href":"https:\/\/www.europesays.com\/no\/wp-json\/wp\/v2\/types\/post"}],"author":[{"embeddable":true,"href":"https:\/\/www.europesays.com\/no\/wp-json\/wp\/v2\/users\/2"}],"replies":[{"embeddable":true,"href":"https:\/\/www.europesays.com\/no\/wp-json\/wp\/v2\/comments?post=86317"}],"version-history":[{"count":0,"href":"https:\/\/www.europesays.com\/no\/wp-json\/wp\/v2\/posts\/86317\/revisions"}],"wp:featuredmedia":[{"embeddable":true,"href":"https:\/\/www.europesays.com\/no\/wp-json\/wp\/v2\/media\/86318"}],"wp:attachment":[{"href":"https:\/\/www.europesays.com\/no\/wp-json\/wp\/v2\/media?parent=86317"}],"wp:term":[{"taxonomy":"category","embeddable":true,"href":"https:\/\/www.europesays.com\/no\/wp-json\/wp\/v2\/categories?post=86317"},{"taxonomy":"post_tag","embeddable":true,"href":"https:\/\/www.europesays.com\/no\/wp-json\/wp\/v2\/tags?post=86317"}],"curies":[{"name":"wp","href":"https:\/\/api.w.org\/{rel}","templated":true}]}}