{"id":86400,"date":"2025-11-13T17:54:17","date_gmt":"2025-11-13T17:54:17","guid":{"rendered":"https:\/\/www.europesays.com\/no\/86400\/"},"modified":"2025-11-13T17:54:17","modified_gmt":"2025-11-13T17:54:17","slug":"kan-bli-mykje-vind-i-natt-og-i-morgon-nrk-more-og-romsdal-lokale-nyheter-tv-og-radio","status":"publish","type":"post","link":"https:\/\/www.europesays.com\/no\/86400\/","title":{"rendered":"Kan bli mykje vind i natt og i morgon \u2013 NRK M\u00f8re og Romsdal \u2013 Lokale nyheter, TV og radio"},"content":{"rendered":"<p>Omr\u00e5da nord i fylke og langs kysten kan bli p\u00e5verka av eit polart l\u00e5gtrykk i natt og i morgon tidleg. Det opplyser meteorolog Leonidas Tsopouridis.<\/p>\n<p>\u2013 Det betyr at det kjem til \u00e5 bl\u00e5se ganske mykje. Spesielt nord i fylket og langs kysten kan det bli opp i liten storm. Det kan ogs\u00e5 bli kraftige vindkast. For eksempel Kristiansund kan bli p\u00e5verka ganske mykje, seier meteorologen.<\/p>\n","protected":false},"excerpt":{"rendered":"Omr\u00e5da nord i fylke og langs kysten kan bli p\u00e5verka av eit polart l\u00e5gtrykk i natt og i&hellip;\n","protected":false},"author":2,"featured_media":86401,"comment_status":"","ping_status":"","sticky":false,"template":"","format":"standard","meta":{"footnotes":""},"categories":[5],"tags":[20,21,24,25,15,19,22,23,17,18,13,30,28,29,14,16,26,27],"class_list":{"0":"post-86400","1":"post","2":"type-post","3":"status-publish","4":"format-standard","5":"has-post-thumbnail","7":"category-overskrifter","8":"tag-breaking-news","9":"tag-breakingnews","10":"tag-featured-news","11":"tag-featurednews","12":"tag-headlines","13":"tag-hovedoppslag","14":"tag-latest-news","15":"tag-latestnews","16":"tag-main-news","17":"tag-mainnews","18":"tag-news","19":"tag-no","20":"tag-norge","21":"tag-norway","22":"tag-nyheter","23":"tag-overskrifter","24":"tag-top-stories","25":"tag-topstories"},"share_on_mastodon":{"url":"https:\/\/pubeurope.com\/@no\/115543674937867882","error":""},"_links":{"self":[{"href":"https:\/\/www.europesays.com\/no\/wp-json\/wp\/v2\/posts\/86400","targetHints":{"allow":["GET"]}}],"collection":[{"href":"https:\/\/www.europesays.com\/no\/wp-json\/wp\/v2\/posts"}],"about":[{"href":"https:\/\/www.europesays.com\/no\/wp-json\/wp\/v2\/types\/post"}],"author":[{"embeddable":true,"href":"https:\/\/www.europesays.com\/no\/wp-json\/wp\/v2\/users\/2"}],"replies":[{"embeddable":true,"href":"https:\/\/www.europesays.com\/no\/wp-json\/wp\/v2\/comments?post=86400"}],"version-history":[{"count":0,"href":"https:\/\/www.europesays.com\/no\/wp-json\/wp\/v2\/posts\/86400\/revisions"}],"wp:featuredmedia":[{"embeddable":true,"href":"https:\/\/www.europesays.com\/no\/wp-json\/wp\/v2\/media\/86401"}],"wp:attachment":[{"href":"https:\/\/www.europesays.com\/no\/wp-json\/wp\/v2\/media?parent=86400"}],"wp:term":[{"taxonomy":"category","embeddable":true,"href":"https:\/\/www.europesays.com\/no\/wp-json\/wp\/v2\/categories?post=86400"},{"taxonomy":"post_tag","embeddable":true,"href":"https:\/\/www.europesays.com\/no\/wp-json\/wp\/v2\/tags?post=86400"}],"curies":[{"name":"wp","href":"https:\/\/api.w.org\/{rel}","templated":true}]}}