{"id":86410,"date":"2025-11-13T18:01:11","date_gmt":"2025-11-13T18:01:11","guid":{"rendered":"https:\/\/www.europesays.com\/no\/86410\/"},"modified":"2025-11-13T18:01:11","modified_gmt":"2025-11-13T18:01:11","slug":"nordmann-dode-etter-fallulykke-pa-gran-canaria","status":"publish","type":"post","link":"https:\/\/www.europesays.com\/no\/86410\/","title":{"rendered":"Nordmann d\u00f8de etter fallulykke p\u00e5 Gran Canaria"},"content":{"rendered":"<p>En nordmann i 60-\u00e5rene var i en fallulykke p\u00e5 Gran Canaria mandag kveld.\u00a0 Han skal ha falt ned i en ravine p\u00e5 \u00f8ya. <\/p>\n<p>Onsdag meldte\u00a0<a href=\"https:\/\/www.canariavisen.no\/nyheter\/nordmann-omkom-pa-gran-canaria-falt-ned-i-ravine\/202179\" style=\"letter-spacing: 0.01em;\" rel=\"nofollow noopener\" target=\"_blank\">Canariavisen<\/a>\u00a0at de hadde kilder som hevder at mannen d\u00f8de p\u00e5 sykehuset.<\/p>\n<p> Tidligere torsdag uttalte spansk politi til TV 2 at mannen ikke var d\u00f8d, men Utenriksdepartementet (UD) bekrefter n\u00e5 at mannen har omkommet.<\/p>\n<p>\u2013 Vi er kjent med at en norsk borger har omkommet i Spania. Av hensyn til taushetsplikten kan vi ikke gi ytterligere detaljer i saken, sier pressevakt Mathias Rongved i UD til TV 2 torsdag kveld.<\/p>\n<p>UD opplyste tidligere onsdag at de hadde mottatt informasjon om at en nordmann skal ha d\u00f8dd, men understreket da at dette ikke var bekreftet fra spanske myndigheter.<\/p>\n<p>\u2013 Utenriksdepartementet er kjent med at en norsk borger skal ha omkommet p\u00e5 Gran Canaria, men har ikke f\u00e5tt dette bekreftet av spanske myndigheter, sa pressevakt Ane J\u00f8rem i UD onsdag kveld.<\/p>\n<p>Ved 15.30-tiden torsdag opplyste pressevakten i Guardia Civil, alts\u00e5 spansk politi, til TV 2 at mannen ikke var erkl\u00e6rt d\u00f8d.<\/p>\n<p>\u2013 Han er kritisk skadet, men ikke omkommet, sa pressevakten til TV 2.<\/p>\n<p>Det norske konsulatet p\u00e5 Gran Canaria \u00f8nsker ikke \u00e5 kommentere saken.\u00a0<\/p>\n<p>Sykehuset p\u00e5 Gran Canaria opplyser at de ikke kommenterer pasientinformasjon.<\/p>\n","protected":false},"excerpt":{"rendered":"En nordmann i 60-\u00e5rene var i en fallulykke p\u00e5 Gran Canaria mandag kveld.\u00a0 Han skal ha falt ned&hellip;\n","protected":false},"author":2,"featured_media":1950,"comment_status":"","ping_status":"","sticky":false,"template":"","format":"standard","meta":{"footnotes":""},"categories":[5],"tags":[20,21,24,25,15,19,22,23,17,18,13,30,28,29,14,16,26,27],"class_list":{"0":"post-86410","1":"post","2":"type-post","3":"status-publish","4":"format-standard","5":"has-post-thumbnail","7":"category-overskrifter","8":"tag-breaking-news","9":"tag-breakingnews","10":"tag-featured-news","11":"tag-featurednews","12":"tag-headlines","13":"tag-hovedoppslag","14":"tag-latest-news","15":"tag-latestnews","16":"tag-main-news","17":"tag-mainnews","18":"tag-news","19":"tag-no","20":"tag-norge","21":"tag-norway","22":"tag-nyheter","23":"tag-overskrifter","24":"tag-top-stories","25":"tag-topstories"},"share_on_mastodon":{"url":"https:\/\/pubeurope.com\/@no\/115543702448974917","error":""},"_links":{"self":[{"href":"https:\/\/www.europesays.com\/no\/wp-json\/wp\/v2\/posts\/86410","targetHints":{"allow":["GET"]}}],"collection":[{"href":"https:\/\/www.europesays.com\/no\/wp-json\/wp\/v2\/posts"}],"about":[{"href":"https:\/\/www.europesays.com\/no\/wp-json\/wp\/v2\/types\/post"}],"author":[{"embeddable":true,"href":"https:\/\/www.europesays.com\/no\/wp-json\/wp\/v2\/users\/2"}],"replies":[{"embeddable":true,"href":"https:\/\/www.europesays.com\/no\/wp-json\/wp\/v2\/comments?post=86410"}],"version-history":[{"count":0,"href":"https:\/\/www.europesays.com\/no\/wp-json\/wp\/v2\/posts\/86410\/revisions"}],"wp:featuredmedia":[{"embeddable":true,"href":"https:\/\/www.europesays.com\/no\/wp-json\/wp\/v2\/media\/1950"}],"wp:attachment":[{"href":"https:\/\/www.europesays.com\/no\/wp-json\/wp\/v2\/media?parent=86410"}],"wp:term":[{"taxonomy":"category","embeddable":true,"href":"https:\/\/www.europesays.com\/no\/wp-json\/wp\/v2\/categories?post=86410"},{"taxonomy":"post_tag","embeddable":true,"href":"https:\/\/www.europesays.com\/no\/wp-json\/wp\/v2\/tags?post=86410"}],"curies":[{"name":"wp","href":"https:\/\/api.w.org\/{rel}","templated":true}]}}