{"id":86413,"date":"2025-11-13T18:08:13","date_gmt":"2025-11-13T18:08:13","guid":{"rendered":"https:\/\/www.europesays.com\/no\/86413\/"},"modified":"2025-11-13T18:08:13","modified_gmt":"2025-11-13T18:08:13","slug":"israels-verste-pr-krise-sa-netanyahu-er-dette-avledningen-han-trenger","status":"publish","type":"post","link":"https:\/\/www.europesays.com\/no\/86413\/","title":{"rendered":"Israels verste PR-krise, sa Netanyahu. Er dette avledningen han trenger?"},"content":{"rendered":"<p class=\"extendedContent hyperion-css-eyn926\" data-test-tag=\"lead-text\">ISTANBUL: Israel jakter p\u00e5 hvem som lekket en video som viser voldtekt av en palestinsk fange. Men den store granskningen israelere \u00f8nsker, lar vente p\u00e5 seg. <\/p>\n<p><img decoding=\"async\" class=\"image-asset hyperion-css-u06ts1\" data-test-tag=\"image-asset\" src=\"https:\/\/www.europesays.com\/no\/wp-content\/uploads\/2025\/11\/86c0c22e-8762-4bae-bbc0-f25f32b832a3\"  alt=\"Israels generaladvokat Yifat Tomer-Yerushalmi har v\u00e6rt i hardt v\u00e6r den siste tiden. Hun etterforskes for \u00e5 ha lekket en video av at israelske fangevoktere voldtok en palestinsk mann i fengsel i fjor. Hendelsen i seg selv har ikke v\u00e6rt det mest sjokkerende i Israel, men at videoen i det hele tatt ble lekket. \"  loading=\"eager\" fetchpriority=\"high\" style=\"aspect-ratio:2048 \/ 1365\"\/>Israels generaladvokat Yifat Tomer-Yerushalmi har v\u00e6rt i hardt v\u00e6r den siste tiden. Hun etterforskes for \u00e5 ha lekket en video av at israelske fangevoktere voldtok en palestinsk mann i fengsel i fjor. Hendelsen i seg selv har ikke v\u00e6rt det mest sjokkerende i Israel, men at videoen i det hele tatt ble lekket. Foto: Oren Ben Hakoon, AP \/ NTB<\/p>\n<p>Publisert: 13.11.2025 18:23<\/p>\n<p class=\"paywall hyperion-css-1j42uic\">En s\u00f8ndag ettermiddag i november gikk alarmen i Tel Aviv. Politiet lette etter Yifat Tomer-Yerushalmi, generaladvokaten i Israel. Familien fikk ikke tak i henne. Hun svarte ikke p\u00e5 telefonen. Hjemme hadde hun lagt igjen et brev karakterisert som et selvmordsbrev, if\u00f8lge israelske medier. <\/p>\n<p class=\"paywall hyperion-css-1j42uic\">Hva hadde skjedd med Israels milit\u00e6re stjerneskudd, den andre kvinnen i landets historie som fikk den prestisjetunge jobben som generaladvokat? <\/p>\n<p class=\"hyperion-css-1qm9e9t\">Les hele saken med abonnement<\/p>\n<p>Allerede abonnent? Logg inn<\/p>\n","protected":false},"excerpt":{"rendered":"ISTANBUL: Israel jakter p\u00e5 hvem som lekket en video som viser voldtekt av en palestinsk fange. Men den&hellip;\n","protected":false},"author":2,"featured_media":86414,"comment_status":"","ping_status":"","sticky":false,"template":"","format":"standard","meta":{"footnotes":""},"categories":[12],"tags":[20,21,24,25,15,22,23,13,30,28,29,14,16,26,27,42,43,44,45],"class_list":{"0":"post-86413","1":"post","2":"type-post","3":"status-publish","4":"format-standard","5":"has-post-thumbnail","7":"category-verden","8":"tag-breaking-news","9":"tag-breakingnews","10":"tag-featured-news","11":"tag-featurednews","12":"tag-headlines","13":"tag-latest-news","14":"tag-latestnews","15":"tag-news","16":"tag-no","17":"tag-norge","18":"tag-norway","19":"tag-nyheter","20":"tag-overskrifter","21":"tag-top-stories","22":"tag-topstories","23":"tag-verden","24":"tag-world","25":"tag-world-news","26":"tag-worldnews"},"share_on_mastodon":{"url":"https:\/\/pubeurope.com\/@no\/115543730185044643","error":""},"_links":{"self":[{"href":"https:\/\/www.europesays.com\/no\/wp-json\/wp\/v2\/posts\/86413","targetHints":{"allow":["GET"]}}],"collection":[{"href":"https:\/\/www.europesays.com\/no\/wp-json\/wp\/v2\/posts"}],"about":[{"href":"https:\/\/www.europesays.com\/no\/wp-json\/wp\/v2\/types\/post"}],"author":[{"embeddable":true,"href":"https:\/\/www.europesays.com\/no\/wp-json\/wp\/v2\/users\/2"}],"replies":[{"embeddable":true,"href":"https:\/\/www.europesays.com\/no\/wp-json\/wp\/v2\/comments?post=86413"}],"version-history":[{"count":0,"href":"https:\/\/www.europesays.com\/no\/wp-json\/wp\/v2\/posts\/86413\/revisions"}],"wp:featuredmedia":[{"embeddable":true,"href":"https:\/\/www.europesays.com\/no\/wp-json\/wp\/v2\/media\/86414"}],"wp:attachment":[{"href":"https:\/\/www.europesays.com\/no\/wp-json\/wp\/v2\/media?parent=86413"}],"wp:term":[{"taxonomy":"category","embeddable":true,"href":"https:\/\/www.europesays.com\/no\/wp-json\/wp\/v2\/categories?post=86413"},{"taxonomy":"post_tag","embeddable":true,"href":"https:\/\/www.europesays.com\/no\/wp-json\/wp\/v2\/tags?post=86413"}],"curies":[{"name":"wp","href":"https:\/\/api.w.org\/{rel}","templated":true}]}}