{"id":86417,"date":"2025-11-13T18:10:10","date_gmt":"2025-11-13T18:10:10","guid":{"rendered":"https:\/\/www.europesays.com\/no\/86417\/"},"modified":"2025-11-13T18:10:10","modified_gmt":"2025-11-13T18:10:10","slug":"nasjonale-prover-lesing-her-sliter-flest-med-a-lese","status":"publish","type":"post","link":"https:\/\/www.europesays.com\/no\/86417\/","title":{"rendered":"Nasjonale pr\u00f8ver, Lesing | Her sliter flest med \u00e5 lese"},"content":{"rendered":"\n<p>De ferske tallene fra nasjonale pr\u00f8ver blant landets 5.-klassinger er ikke lystig lesing.<\/p>\n<p>For b\u00e5de lesing og engelsk peker pilene nedover. N\u00e5r det gjelder regning er det en svak forbedring, men fortsatt er niv\u00e5et n\u00e5 d\u00e5rligere enn det var i 2022.<\/p>\n<p><b>Les ogs\u00e5:<\/b> <a class=\"simple-relation related-teaser article--c-eRUmMG article--c-eRUmMG-fZoQSp-design-nettavisen article--c-eRUmMG-gwthdJ-cv\" href=\"https:\/\/www.nettavisen.no\/nm-i-pinnekjott-harskt-tort-og-halleluja\/s\/5-95-2710049\" rel=\"nofollow noopener\" target=\"_blank\">NM i pinnekj\u00f8tt: Harskt, t\u00f8rt og halleluja<\/a><\/p>\n<p>M\u00f8re og Romsdal en versting<\/p>\n<p>De svakeste resultatene finner vi n\u00e5r det gjelder lesing. Og her skiller M\u00f8re og Romsdal og Finnmark seg ut p\u00e5 bunn.<\/p>\n<p>Henholdsvis 19 og 18 prosent av elevene er her p\u00e5 det beste ferdighetsniv\u00e5et. Dette er svakest av alle fylker i landet.<\/p>\n<p>M\u00f8re og Romsdal har flest p\u00e5 det svakeste niv\u00e5et. Det gjelder hele 35 prosent av elevene.<\/p>\n<p>\u2013 Dypt bekymret<\/p>\n<p>Jeg er dypt bekymret for leseferdighetene i norsk skole, sier Oslo- og H\u00f8yre-politiker Mathilde Tybring-Gjedde.<\/p>\n<p>Hun mener resultatene viser hvor viktig det er \u00e5 fortsette med nasjonale pr\u00f8ver. Noe <a rel=\"Follow nofollow noopener\" href=\"https:\/\/www.aftenposten.no\/norge\/i\/lwvAw9\/regjeringen-vil-vrake-dagens-nasjonale-proever?utm_source=chatgpt.com\" target=\"_blank\">regjeringen tidligere har varslet at de \u00f8nsker \u00e5 fjerne.<\/a><\/p>\n<p><b>Les ogs\u00e5:<\/b> <a class=\"simple-relation related-teaser article--c-eRUmMG article--c-eRUmMG-fZoQSp-design-nettavisen article--c-eRUmMG-gwthdJ-cv\" href=\"https:\/\/www.nettavisen.no\/janne-berit-44-sparer-6000-kroner-det-er-halve-prisen\/s\/5-95-2703048\" rel=\"nofollow noopener\" target=\"_blank\">Janne-Berit (44) sparer 6000 kroner: \u2013 Det er halve prisen<\/a><\/p>\n<p>\u2013 N\u00e5r stadig flere 5.-klassinger sliter med \u00e5 lese, er regjeringens svar \u00e5 fjerne nasjonale pr\u00f8ver. Det er som \u00e5 kaste termometeret fordi det viser at man har feber, sier hun.<\/p>\n<p>Tybring-Gjedde mener det er n\u00f8dvendig \u00e5 styrke l\u00e6rerens posisjon.<\/p>\n<p>\u2013 P\u00e5 Arbeiderpartiets vakt kuttes det i laget rundt eleven, og l\u00e6rerne st\u00e5r stadig mer alene i klasserommet. Samtidig \u00f8ker antallet elever som trenger tilpasset undervisning fordi de sliter med lesing og regning, sier hun.<\/p>\n<p>Vil bytte ut pr\u00f8vene<\/p>\n<p>Regjeringen mener dagens nasjonale pr\u00f8ver ikke gir nok informasjon om elevenes ferdigheter, og de \u00f8nsker derfor bytte dem ut med s\u00e5kalte l\u00e6ringsst\u00f8ttende pr\u00f8ver.<\/p>\n<p>   <img decoding=\"async\" width=\"8640\" height=\"5760\" fetchpriority=\"low\"  loading=\"lazy\"  src=\"https:\/\/www.europesays.com\/no\/wp-content\/uploads\/2025\/11\/NTB_wvW8qSj8WHk__1_.jpg\" alt=\"Oslo 20250305. &#10;Kunnskapsminister Kari Nessa Nordtun i vandrehallen p\u00e5 Stortinget.&#10;Foto: Rodrigo Freitas \/ NTB\" class=\"brick-c-cFOWSL\" style=\"--brick-image-ratio: 8640 \/ 5760;\"\/><\/p>\n<p>      VIL BYTE UT: Kari Nessa Nordtun \u00f8nsker \u00e5 bytte ut de nasjonale pr\u00f8vene.<br \/>\n      Foto: Rodrigo Freitas (NTB)\n    <\/p>\n<p><b>Les ogs\u00e5: <\/b><a class=\"simple-relation related-teaser article--c-eRUmMG article--c-eRUmMG-fZoQSp-design-nettavisen article--c-eRUmMG-gwthdJ-cv\" href=\"https:\/\/www.nettavisen.no\/anne-helene-18-sparer-182-kroner-pa-knekkebrod\/s\/5-95-2710468\" rel=\"nofollow noopener\" target=\"_blank\">Anne Helene (18) sparer 182 kroner p\u00e5 knekkebr\u00f8d<\/a><\/p>\n<p>\u2013 Her har vi lyttet til l\u00e6rerne. Det nytter ikke \u00e5 bare f\u00e5 tall. Det viktigste er at elevene blir bedre, sier kunnskapsminister Kari Nessa Nordtun (Ap) i pressemeldingen til NTB.<\/p>\n<p>\u2013 De nye pr\u00f8vene skal ha et tydelig form\u00e5l \u2013 \u00e5 gi l\u00e6reren best mulig informasjon om hva elevene kan, og hva de m\u00e5 jobbe mer med. Dette vil ogs\u00e5 v\u00e6re nyttig informasjon for kommunene n\u00e5r de skal avgj\u00f8re hvordan elevene kan f\u00e5 en bedre oppl\u00e6ring, sier Nordtun.<\/p>\n<p>Ned for engelsk opp for regning<\/p>\n<p>Resultatene viser ogs\u00e5 at pilene peker ned for engelsk. Men her er resultatene likevel bedre enn de var i 2022. Fo regning er det motsatt. Der er det en liten forbedring, men niv\u00e5et er fortsatt lavere enn for tre \u00e5r siden.<\/p>\n<p><b>Rettet: <\/b>I en tidligere utgave av denne artikkelen var det byttet om niv\u00e5 en og tre, og Oslo var feilaktig trukket fram som svakest p\u00e5 lesing. Dette ble rettet klokken 18:03.<\/p>\n","protected":false},"excerpt":{"rendered":"De ferske tallene fra nasjonale pr\u00f8ver blant landets 5.-klassinger er ikke lystig lesing. For b\u00e5de lesing og engelsk&hellip;\n","protected":false},"author":2,"featured_media":73412,"comment_status":"","ping_status":"","sticky":false,"template":"","format":"standard","meta":{"footnotes":""},"categories":[5],"tags":[20,21,24,25,15,19,22,23,17,18,13,30,28,29,14,16,26,27],"class_list":{"0":"post-86417","1":"post","2":"type-post","3":"status-publish","4":"format-standard","5":"has-post-thumbnail","7":"category-overskrifter","8":"tag-breaking-news","9":"tag-breakingnews","10":"tag-featured-news","11":"tag-featurednews","12":"tag-headlines","13":"tag-hovedoppslag","14":"tag-latest-news","15":"tag-latestnews","16":"tag-main-news","17":"tag-mainnews","18":"tag-news","19":"tag-no","20":"tag-norge","21":"tag-norway","22":"tag-nyheter","23":"tag-overskrifter","24":"tag-top-stories","25":"tag-topstories"},"share_on_mastodon":{"url":"https:\/\/pubeurope.com\/@no\/115543738073108117","error":""},"_links":{"self":[{"href":"https:\/\/www.europesays.com\/no\/wp-json\/wp\/v2\/posts\/86417","targetHints":{"allow":["GET"]}}],"collection":[{"href":"https:\/\/www.europesays.com\/no\/wp-json\/wp\/v2\/posts"}],"about":[{"href":"https:\/\/www.europesays.com\/no\/wp-json\/wp\/v2\/types\/post"}],"author":[{"embeddable":true,"href":"https:\/\/www.europesays.com\/no\/wp-json\/wp\/v2\/users\/2"}],"replies":[{"embeddable":true,"href":"https:\/\/www.europesays.com\/no\/wp-json\/wp\/v2\/comments?post=86417"}],"version-history":[{"count":0,"href":"https:\/\/www.europesays.com\/no\/wp-json\/wp\/v2\/posts\/86417\/revisions"}],"wp:featuredmedia":[{"embeddable":true,"href":"https:\/\/www.europesays.com\/no\/wp-json\/wp\/v2\/media\/73412"}],"wp:attachment":[{"href":"https:\/\/www.europesays.com\/no\/wp-json\/wp\/v2\/media?parent=86417"}],"wp:term":[{"taxonomy":"category","embeddable":true,"href":"https:\/\/www.europesays.com\/no\/wp-json\/wp\/v2\/categories?post=86417"},{"taxonomy":"post_tag","embeddable":true,"href":"https:\/\/www.europesays.com\/no\/wp-json\/wp\/v2\/tags?post=86417"}],"curies":[{"name":"wp","href":"https:\/\/api.w.org\/{rel}","templated":true}]}}