{"id":86418,"date":"2025-11-13T18:11:13","date_gmt":"2025-11-13T18:11:13","guid":{"rendered":"https:\/\/www.europesays.com\/no\/86418\/"},"modified":"2025-11-13T18:11:13","modified_gmt":"2025-11-13T18:11:13","slug":"sorloth-sendte-ullevaal-til-himmels","status":"publish","type":"post","link":"https:\/\/www.europesays.com\/no\/86418\/","title":{"rendered":"S\u00f8rloth sendte Ullevaal til himmels"},"content":{"rendered":"\n<p class=\"_lead_o9xde_2 _lead_xtcu6_50 layout-component text-serif-m layout-normal text-serif-l layout-component layout-wide layout-padded _wide_17hqh_1 layout-padded\">Et nerv\u00f8st Norge-lag slet i f\u00f8rste omgang. S\u00e5 dukket Alexander S\u00f8rloth opp.  <\/p>\n<p> <img class=\"_image_qp4xg_65 layout-component layout-wide\" data-fullscreen- data-track-element-type=\"Article image fullscreen\" data-track-name=\"ImageFullscreen\" fetchpriority=\"high\" decoding=\"sync\" loading=\"eager\" height=\"102\" itemprop=\"image\"  src=\"https:\/\/www.europesays.com\/no\/wp-content\/uploads\/2025\/11\/3b8663b44095d9d68b59eecea3fe836a.jpg\"  style=\"object-position:50% 50%;aspect-ratio:1.75;height:auto;object-fit:cover;width:100%\" width=\"102\"\/>  Rapporterer fra Ullevaal  Oppdatert torsdag 13. november kl. 19:09     <\/p>\n<p class=\"_paragraph_o9xde_4 _paragraph_xtcu6_10 layout-component text-serif-m layout-normal text-serif-m layout-padded\">0\u20130 til pause var et godt stykke unna det mange norske fans hadde h\u00e5pet p\u00e5 da fant plassene sine p\u00e5 Ullevaal torsdag.<\/p>\n<p class=\"_paragraph_o9xde_4 _paragraph_xtcu6_10 layout-component text-serif-m layout-normal text-serif-m layout-padded\">Men fire minutter inn i andre omgang skulle vi f\u00e5 et lettelsens jubelbr\u00f8l p\u00e5 Ullevaal. <\/p>\n<p class=\"_paragraph_o9xde_4 _paragraph_xtcu6_10 layout-component text-serif-m layout-normal text-serif-m layout-padded\">Alexander S\u00f8rloth raget h\u00f8yest i feltet etter et str\u00e5lende forarbeid av Sander Berge. Kraftspissen fra Tr\u00f8ndelag stanget ballen i m\u00e5l og Ullevaal til himmels. <\/p>\n<p class=\"_paragraph_o9xde_4 _paragraph_xtcu6_10 layout-component text-serif-m layout-normal text-serif-m layout-padded\">To minut<\/p>\n<p class=\"_paragraph_o9xde_4 _paragraph_xtcu6_10 layout-component text-serif-m layout-normal text-serif-m layout-padded\">N\u00e5 lukter det veldig VM-plass for de norske herrene. <\/p>\n<p class=\"_paragraph_o9xde_4 _paragraph_xtcu6_10 layout-component text-serif-m layout-normal text-serif-m layout-padded\">Vinner Norge mot Estland i kveld er VM-plassen s\u00e5 godt som sikret f\u00f8r m\u00f8tet med Italia i Milano s\u00f8ndag.<\/p>\n<p class=\"_paragraph_o9xde_4 _paragraph_xtcu6_10 layout-component text-serif-m layout-normal text-serif-m layout-padded\">Der det de siste kampene har v\u00e6rt feststemning fra tidlig av p\u00e5 Ullevaal, merket man nerv\u00f8siteten i h\u00f8stluften p\u00e5 nasjonalanlegget. <\/p>\n<p class=\"_paragraph_o9xde_4 _paragraph_xtcu6_10 layout-component text-serif-m layout-normal text-serif-m layout-padded\">Til pause var det tydelig at den norske fansen ikke var helt forn\u00f8yd &#8211; og det ble en kort pipekonsert p\u00e5 vei inn i garderoben. Trolig fordi det bare ble lagt til ett minutt av dommeren.<\/p>\n<p>Foto: Bj\u00f8rn S. Delebekk \/ VG<\/p>\n<p class=\"_paragraph_o9xde_4 _paragraph_xtcu6_10 layout-component text-serif-m layout-normal text-serif-m layout-padded\">De norske guttene har v\u00e6rt farlig fremp\u00e5 ved enkelte anledninger og spesielt hjemmefavoritt Antonio Nusa har klart \u00e5 skape ubalanse i det estiske forsvaret. <\/p>\n<p class=\"_paragraph_o9xde_4 _paragraph_xtcu6_10 layout-component text-serif-m layout-normal text-serif-m layout-padded\">Men hverken Alexander S\u00f8rloth eller Erling Haaland har kommet p\u00e5 de innleggene som har kommet. <\/p>\n<p class=\"_paragraph_o9xde_4 _paragraph_xtcu6_10 layout-component text-serif-m layout-normal text-serif-m layout-padded\">Den st\u00f8rste sjansen til Norge kom da Haaland fikk hodet p\u00e5 et innlegg som virket \u00e5 v\u00e6re for langt. Han headet ballen ned mot David M\u00f8ller Wolfe som ofret det han hadde i duell med keeper, men fikk akkurat ikke hodet p\u00e5 ballen. <\/p>\n<p class=\"_paragraph_o9xde_4 _paragraph_xtcu6_10 layout-component text-serif-m layout-normal text-serif-m layout-padded\">Faktisk kunne Estland straffet Norge p\u00e5 en kontring, men kvaliteten i det estiske landslaget har ikke v\u00e6rt bra nok til \u00e5 sette \u00d8rjan Nyland p\u00e5 de st\u00f8rste pr\u00f8vene. <\/p>\n","protected":false},"excerpt":{"rendered":"Et nerv\u00f8st Norge-lag slet i f\u00f8rste omgang. S\u00e5 dukket Alexander S\u00f8rloth opp. Rapporterer fra Ullevaal Oppdatert torsdag 13.&hellip;\n","protected":false},"author":2,"featured_media":86419,"comment_status":"","ping_status":"","sticky":false,"template":"","format":"standard","meta":{"footnotes":""},"categories":[59],"tags":[810,3163,181,30,28,29,83,82],"class_list":{"0":"post-86418","1":"post","2":"type-post","3":"status-publish","4":"format-standard","5":"has-post-thumbnail","7":"category-sport","8":"tag-erling-braut-haaland","9":"tag-herrelandslaget-fotball","10":"tag-martin-odegaard","11":"tag-no","12":"tag-norge","13":"tag-norway","14":"tag-sport","15":"tag-sports"},"share_on_mastodon":{"url":"https:\/\/pubeurope.com\/@no\/115543741983753561","error":""},"_links":{"self":[{"href":"https:\/\/www.europesays.com\/no\/wp-json\/wp\/v2\/posts\/86418","targetHints":{"allow":["GET"]}}],"collection":[{"href":"https:\/\/www.europesays.com\/no\/wp-json\/wp\/v2\/posts"}],"about":[{"href":"https:\/\/www.europesays.com\/no\/wp-json\/wp\/v2\/types\/post"}],"author":[{"embeddable":true,"href":"https:\/\/www.europesays.com\/no\/wp-json\/wp\/v2\/users\/2"}],"replies":[{"embeddable":true,"href":"https:\/\/www.europesays.com\/no\/wp-json\/wp\/v2\/comments?post=86418"}],"version-history":[{"count":0,"href":"https:\/\/www.europesays.com\/no\/wp-json\/wp\/v2\/posts\/86418\/revisions"}],"wp:featuredmedia":[{"embeddable":true,"href":"https:\/\/www.europesays.com\/no\/wp-json\/wp\/v2\/media\/86419"}],"wp:attachment":[{"href":"https:\/\/www.europesays.com\/no\/wp-json\/wp\/v2\/media?parent=86418"}],"wp:term":[{"taxonomy":"category","embeddable":true,"href":"https:\/\/www.europesays.com\/no\/wp-json\/wp\/v2\/categories?post=86418"},{"taxonomy":"post_tag","embeddable":true,"href":"https:\/\/www.europesays.com\/no\/wp-json\/wp\/v2\/tags?post=86418"}],"curies":[{"name":"wp","href":"https:\/\/api.w.org\/{rel}","templated":true}]}}