{"id":86420,"date":"2025-11-13T18:16:17","date_gmt":"2025-11-13T18:16:17","guid":{"rendered":"https:\/\/www.europesays.com\/no\/86420\/"},"modified":"2025-11-13T18:16:17","modified_gmt":"2025-11-13T18:16:17","slug":"skandalekongen-juan-carlos-om-livet-i-eksil-i-abu-dhabi","status":"publish","type":"post","link":"https:\/\/www.europesays.com\/no\/86420\/","title":{"rendered":"Skandalekongen Juan Carlos om livet i eksil i Abu Dhabi"},"content":{"rendered":"<p class=\"kicker \" style=\"\">Juan Carlos:<\/p>\n<p>  Ekskongen begynner \u00e5 bli lei av livet i eksil &#8211; tross overd\u00e5dig luksus.<\/p>\n<p>\n    SAVNER: Juan Carlos har levd i eksil i fem \u00e5r. Kontakten med familien er liten. Her med kona Sofia, s\u00f8nnen kong Felipe, svigerdatteren dronning Letizia og barnebarna prinsesse Sofia og kronprinsesse Leonor. Foto: Aime Reina \/ AFP \/ NTB\n  <\/p>\n<p>Spanias tidligere konge, <a href=\"https:\/\/www.dagbladet.no\/kjendis\/sa-kongen-ha-sex-med-mamma\/82128305\" rel=\"nofollow noopener\" target=\"_blank\">Juan Carlos (87)<\/a>, g\u00e5r popul\u00e6rt under kallenavnet \u00abSkandalekongen\u00bb. <a href=\"https:\/\/www.dagbladet.no\/kjendis\/innrommer-drapet-pa-broren\/83820181\" rel=\"nofollow noopener\" target=\"_blank\">Den nylige avsl\u00f8ringen om at han skj\u00f8t og drepte lillebroren<\/a> er bare \u00e9n av \u00e5rsakene til det.<\/p>\n<p>        TAUS: Kronprins Haakon ville ikke svare p\u00e5 Dagbladets sp\u00f8rsm\u00e5l om den nye boka \u00abUte av kontroll: Avsl\u00f8ringen av Marius Borg H\u00f8iby\u00bb. Video: Christina Holen Korneliussen. Reporter: H\u00e5vard Steffensen \/ Dagbladet<\/p>\n<p>Juan Carlos var konge i Spania fra 1975 fram til han abdiserte i 2014 og hans s\u00f8nn, kong Felipe (57), tok over. Abdikasjonen kom etter en rekke skandaler.<\/p>\n<p>I august 2020 hadde skandalene n\u00e5dd et niv\u00e5 som gjorde at den tidligere kongen s\u00e5 seg n\u00f8dt til \u00e5 r\u00f8mme fra hjemlandet til fordel for <a href=\"https:\/\/www.dagbladet.no\/kjendis\/her-skjuler-eks-kongen-seg\/72725988\" rel=\"nofollow noopener\" target=\"_blank\">et liv i eksil i Abu Dhabi.<\/a><\/p>\n<p>          <img loading=\"lazy\" decoding=\"async\" src=\"https:\/\/www.europesays.com\/no\/wp-content\/uploads\/2025\/11\/83841133.webp\" width=\"686\" height=\"460\" title=\"BOKAKTUELL: Juan Carlos ga ut boka \u00abForsoning\u00bb i begynnelsen av november. Foto: Benoit Tessier \/ Reuters \/ NTB\" alt=\"\" class=\"\" style=\"--aspect-ratio-image: 1.49; \"\/><\/p>\n<p>\n          BOKAKTUELL: Juan Carlos ga ut boka \u00abForsoning\u00bb i begynnelsen av november. Foto: Benoit Tessier \/ Reuters \/ NTB\n      <\/p>\n<p>N\u00e5 har ekskongen g\u00e5tt i prins Harrys fotspor og utgitt sin egen memoar. Juan Carlos&#8217; fortelling har f\u00e5tt navnet\u00a0\u00abForsoning\u00bb, og i boka \u00e5pner han opp om det b\u00e5de luksusliv og ensomhet. Det skriver tyske <a href=\"https:\/\/www.bild.de\/unterhaltung\/royals-adel\/juan-carlos-packte-nur-zwei-koffer-das-abgeschiedene-leben-von-spaniens-altkoenig-6911bd754c1a91d403f2d276\" rel=\"nofollow noopener\" target=\"_blank\">Bild<\/a>.<\/p>\n<p>        FULL KLINSJ: Lotte Hoel velger \u00e5 konfrontere Melody Hamre n\u00e5r hun kommer tilbake i huset i TV 2-programmet \u00abSpillet\u00bb. Video: Kine Falch \/ Nora Skavhaug \/ TV 2<\/p>\n<p>&#8211; Dyp fortvilelse\t<\/p>\n<p>1. august 2020 satt han med sin assistent i et jetfly over Nord-Afrika. S\u00f8nnen, kong Felipe, skal ha ropt til ham:<\/p>\n<p>\u00abHvor skal du? Til London?\u00bb.<\/p>\n<p>    <a itemprop=\"url\" href=\"https:\/\/www.dagbladet.no\/kjendis\/vurderer-endring-etter-tittelbraket\/83834809\" rel=\"nofollow noopener\" target=\"_blank\"><\/p>\n<p>      <img loading=\"lazy\" decoding=\"async\" src=\"https:\/\/www.europesays.com\/no\/wp-content\/uploads\/2025\/11\/83834837.webp\" width=\"980\" height=\"441\" title=\"Vurderer endring etter tittelbr\u00e5ket\" alt=\"\" class=\"lazyload\" style=\"--aspect-ratio-image: 2.22; \"\/><\/p>\n<p>        Vurderer endring etter tittelbr\u00e5ket<\/p>\n<p>    <\/a><\/p>\n<p>\u00abNei, til Abu Dhabi\u00bb, svarte Juan Carlos.<\/p>\n<p>\u00abTa vare p\u00e5 deg selv!\u00bb skal s\u00f8nnen ha svart da.<\/p>\n<p>          <img loading=\"lazy\" decoding=\"async\" src=\"https:\/\/www.europesays.com\/no\/wp-content\/uploads\/2025\/11\/83841682.webp\" width=\"686\" height=\"666\" title=\"KONGEFAMILIEN: Kronprinsesse Leonor, kong Felipe, dronning Letizia og prinsesse Sofia utgj\u00f8r den spanske kongefamilien. Foto: SplashNews\/NTB\" alt=\"\" class=\"\" style=\"--aspect-ratio-image: 1.03; \"\/><\/p>\n<p>\n          KONGEFAMILIEN: Kronprinsesse Leonor, kong Felipe, dronning Letizia og prinsesse Sofia utgj\u00f8r den spanske kongefamilien. Foto: SplashNews\/NTB\n      <\/p>\n<p>Dette skulle bli de siste ordene som ble utvekslet mellom de to p\u00e5 flere m\u00e5neder, skriver Juan Carlos i boka.<\/p>\n<p>\u00abVi har v\u00e5re vanskeligheter i familien med \u00e5 uttrykke f\u00f8lelser\u00bb.<\/p>\n<p>        \u00c5RETS ROMANSE?: De to deltakerne forteller at de har f\u00e5tt en god tone i l\u00f8pet av deltakelsen i \u00abSkal vi danse\u00bb. Video: Nora Skavhaug\/Thea Hope\/R\u00f8d L\u00f8per<\/p>\n<p class=\"font-weight-bold m-font-weight-bold\" data-lab-font_weight=\"font-weight-bold\">Ekskongen landet p\u00e5 Four Seasons Hotel med to kofferter. Presidenten i De forente arabiske emirater, Mohammed bin Zayed Al Nahyan (64), skal etter en tid ha gitt Juan Carlos en luksusvilla p\u00e5 den private \u00f8ya Nurai. Villaen m\u00e5ler 1050 kvadratmeter og er bare tilgjengelig med b\u00e5t eller helikopter.<\/p>\n<p>          <img loading=\"lazy\" decoding=\"async\" src=\"https:\/\/www.europesays.com\/no\/wp-content\/uploads\/2025\/11\/83841473.webp\" width=\"980\" height=\"559\" title=\"2010: Juan Carlos sammen med Mohammed bin Zayed Al Nahyan (midten) og konge av Bahrain, Hamad ibn Isa al-Khalifah. Foto: AFP \/ NTB\" alt=\"\" class=\"\" style=\"--aspect-ratio-image: 1.75; \"\/><\/p>\n<p>\n          2010: Juan Carlos sammen med Mohammed bin Zayed Al Nahyan (midten) og konge av Bahrain, Hamad ibn Isa al-Khalifah. Foto: AFP \/ NTB\n      <\/p>\n<p>Han har i tillegg fire livvakter og to tjenere, som lager mat og vasker for ham.<\/p>\n<p>Men livet i luksus er visstnok ensomt.<\/p>\n<p>\u00abDet er dager med dyp fortvilelse, dager fulle av tomhet. Jeg v\u00e5kner hver morgen med hjemlengsel og sovner med hjemlengsel\u00bb, skriver Juan Carlos.<\/p>\n<p>        SJOKKERT: Tale Torjussen og Trygve Bennetsen ble tatt p\u00e5 senga av sjokkbeskjeden. Reporter: Nora Skavhaug. Video: Thea Hope. <\/p>\n<p>Ensom julefeiring\t<\/p>\n<p>I 2020 &#8211; fire m\u00e5neder etter flukten &#8211; deltok Juan Carlos i kongefamiliens julaftensmesse via mobiltelefon.<\/p>\n<p class=\"font-weight-bold m-font-weight-bold\" data-lab-font_weight=\"font-weight-bold\">\u00abF\u00f8r forbindelsen ble kuttet, sa noen f\u00e5 i all hast &#8216;God jul&#8217; og &#8216;Alt godt, bestefar&#8217;. Og s\u00e5 satt jeg der lenge, lamsl\u00e5tt, foran den m\u00f8rke skjermen min. Den mest ensomme jula i mitt liv. Jeg h\u00f8rte ikke lenger hjemme\u00bb, skriver han.<\/p>\n<p>          <img loading=\"lazy\" decoding=\"async\" src=\"https:\/\/www.europesays.com\/no\/wp-content\/uploads\/2025\/11\/83841465.webp\" width=\"686\" height=\"460\" title=\"MED FAMILIEN: Ekskongen sammen med d\u00f8trene Cristina og Elena, nev\u00f8ene Juan Valentin og Froil\u00e1n, og niesen Victoria Federica. Her under Jose Luis Martinez Almeida (Madrids borgermester) og Teresa Urquijos bryllup i 2024. Foto: GTres \/ SplashNews\/NTB\" alt=\"\" class=\"\" style=\"--aspect-ratio-image: 1.49; \"\/><\/p>\n<p>\n          MED FAMILIEN: Ekskongen sammen med d\u00f8trene Cristina og Elena, nev\u00f8ene Juan Valentin og Froil\u00e1n, og niesen Victoria Federica. Her under Jose Luis Martinez Almeida (Madrids borgermester) og Teresa Urquijos bryllup i 2024. Foto: GTres \/ SplashNews\/NTB\n      <\/p>\n<p>P\u00e5 ensomme kvelder ser han western-filmer og gamle klassikere med Gary Cooper. Han holder seg i form ved \u00e5 trene i villaens eget treningsstudio.<\/p>\n<p>I starten bes\u00f8kte d\u00f8trene hans, Cristina (60) og Elena (61), ham annenhver m\u00e5ned. N\u00e5 bor barnebarnet Froil\u00e1n (26) &#8211;\u00a0 kjent for \u00e5 v\u00e6re kongefamiliens sorte f\u00e5r &#8211; hos ham.\u00a0<\/p>\n<p>          <img loading=\"lazy\" decoding=\"async\" src=\"https:\/\/www.europesays.com\/no\/wp-content\/uploads\/2025\/11\/83841131.webp\" width=\"686\" height=\"1029\" title=\"ENSOM: Livet i eksil har begynt \u00e5 t\u00e6re p\u00e5 for ekskongen. I sin nye bok skriver han \u00e6rlig om ensomheten. Foto: GJLD\/GTRES\/Shutterstock\/NTB\" alt=\"\" class=\"\" style=\"--aspect-ratio-image: 0.67; \"\/><\/p>\n<p>\n          ENSOM: Livet i eksil har begynt \u00e5 t\u00e6re p\u00e5 for ekskongen. I sin nye bok skriver han \u00e6rlig om ensomheten. Foto: GJLD\/GTRES\/Shutterstock\/NTB\n      <\/p>\n<p class=\"font-weight-bold m-font-weight-bold\" data-lab-font_weight=\"font-weight-bold\">\u00abHan st\u00e5r opp tidlig, trener og ser etter jobb,\u00bb skriver Juan Carlos. If\u00f8lge ham skal Froil\u00e1n ha forandret seg totalt.<\/p>\n<p>        DUKKER OPP: Til tross for kongehusets reservasjon fra \u00e5 bli filmet av Netflix, ble kronprins Haakon filmet p\u00e5 lukket fest &#8211; n\u00e5 er det fjernet. Video: Netflix \/ R\u00f8d L\u00f8per<\/p>\n<p>Sexlivet sjokkerer\t<\/p>\n<p>I 2022 ble det meldt at\u00a0<a href=\"https:\/\/www.dagbladet.no\/kjendis\/skandalekongen-returnerer\/77178033\" rel=\"nofollow noopener\" target=\"_blank\">\u00abskandalekongen returnerer\u00bb<\/a>. Den h\u00f8sten dukket han nemlig opp i begravelsen til dronning Elizabeth, til tross for at det var flere som mente at han ikke burde v\u00e6rt der.<\/p>\n<p>    <a itemprop=\"url\" href=\"https:\/\/www.dagbladet.no\/kjendis\/nordmenn-skjonner-meg-ikke\/83825934\" rel=\"nofollow noopener\" target=\"_blank\"><\/p>\n<p>      <img loading=\"lazy\" decoding=\"async\" src=\"https:\/\/www.europesays.com\/no\/wp-content\/uploads\/2025\/11\/83826241.webp\" width=\"980\" height=\"441\" title=\"- Nordmenn skj\u00f8nner meg ikke\" alt=\"\" class=\"lazyload\" style=\"--aspect-ratio-image: 2.22; \"\/><\/p>\n<p>        &#8211; Nordmenn skj\u00f8nner meg ikke<\/p>\n<p>    <\/a><\/p>\n<p>Han har for eksempel lenge st\u00e5tt i en juridisk feide med sin tidligere elskerinne,\u00a0den danske forretningskvinnen Corinna zu Sayn-Wittgenstein-Sayn (60). Hun har anklaget ham for\u00a0drapstrusler, trakassering og for \u00e5 ha spionert p\u00e5 henne.<\/p>\n<p>          <img loading=\"lazy\" decoding=\"async\" src=\"https:\/\/www.europesays.com\/no\/wp-content\/uploads\/2025\/11\/83841695.webp\" width=\"686\" height=\"1029\" title=\"ELSKERINNNE: Dansk-tyske Corinna zu Sayn-Wittgenstein er blant skandalekongens mest kjente elskerinner. Hun var ogs\u00e5 innblandet i korrupsjons- og hvitvaskingsanklagene og skal ha f\u00e5tt overf\u00f8rt n\u00e6rmere en milliard kroner fra en bankkonto i Sveits. Foto: Mark Von Holden\/Invision\/AP\/NTB\" alt=\"\" class=\"\" style=\"--aspect-ratio-image: 0.67; \"\/><\/p>\n<p>\n          ELSKERINNNE: Dansk-tyske Corinna zu Sayn-Wittgenstein er blant skandalekongens mest kjente elskerinner. Hun var ogs\u00e5 innblandet i korrupsjons- og hvitvaskingsanklagene og skal ha f\u00e5tt overf\u00f8rt n\u00e6rmere en milliard kroner fra en bankkonto i Sveits. Foto: Mark Von Holden\/Invision\/AP\/NTB\n      <\/p>\n<p>Han var ogs\u00e5 midtpunkt i en ny HBO-dokumentar ved navn \u00abSaving the King\u00bb, hvor <a href=\"https:\/\/www.dagbladet.no\/kjendis\/skandalekongens-ville-sexliv-sjokkerer\/77264848\" rel=\"nofollow noopener\" target=\"_blank\">sjokkerende detaljer om skandalekongens sexliv<\/a> var blant det som ble avsl\u00f8rt.\u00a0<\/p>\n<p>        SLOTTET, OSLO: Salen br\u00f8t ut i latter flere ganger da Hans Majestet Kong Harald V innledet sin tale under Stortingsmiddagen p\u00e5 Slottet torsdag 23. oktober. Video: TV 2<\/p>\n<p>Der framkom det nemlig at den spanske staten og etterretningstjenesten angivelig beskyttet kongen i flere ti\u00e5r &#8211; blant annet som f\u00f8lge av hans umettelige sult etter kvinner.<\/p>\n<p>If\u00f8lge en biografi ved navn \u00abKongen av 5000 elskere\u00bb skal kong Juan Carlos ha v\u00e6rt sammen med intet mindre enn 2154 kvinner fra 1976 til 1994.<\/p>\n<p>          <img loading=\"lazy\" decoding=\"async\" src=\"https:\/\/www.europesays.com\/no\/wp-content\/uploads\/2025\/11\/83841693.webp\" width=\"686\" height=\"460\" title=\"KONA: Juan Carlos og tidligere dronning Sofia har v\u00e6rt gift siden 1962. Ekskongeparet er fortsatt gift, men har ikke bodd under samme tak med p\u00e5 mange \u00e5r. Juan Carlos beskriver forholdet som anstrengt. Foto: Robin Utrecht\/ABACAPRESS.COM\/NTB\" alt=\"\" class=\"\" style=\"--aspect-ratio-image: 1.49; \"\/><\/p>\n<p>\n          KONA: Juan Carlos og tidligere dronning Sofia har v\u00e6rt gift siden 1962. Ekskongeparet er fortsatt gift, men har ikke bodd under samme tak med p\u00e5 mange \u00e5r. Juan Carlos beskriver forholdet som anstrengt. Foto: Robin Utrecht\/ABACAPRESS.COM\/NTB\n      <\/p>\n<p>Faktisk skal seksualdriften hans ha v\u00e6rt s\u00e5 stor at den spanske etterretningstjenesten p\u00e5 et tidspunkt angivelig satte ham p\u00e5 testosteronblokkere fordi sexlysten hans utgjorde et problem for staten.<\/p>\n<p>Det skal ogs\u00e5 ha kommet fram under en parlamentarisk h\u00f8ring i 2021, meldte danske <a href=\"https:\/\/www.bt.dk\/film,-tv-og-streaming\/ny-dokumentar-afsloerer-skandalekongens-vilde-sexliv-fik-testosteronblokkere-af-den-spanske-efterretningstjeneste\" rel=\"nofollow noopener\" target=\"_blank\">B.T.<\/a><\/p>\n<p>    <a itemprop=\"url\" href=\"https:\/\/www.dagbladet.no\/kjendis\/dukket-opp-pa-kjendisfest\/83829995\" rel=\"nofollow noopener\" target=\"_blank\"><\/p>\n<p>      <img loading=\"lazy\" decoding=\"async\" src=\"https:\/\/www.europesays.com\/no\/wp-content\/uploads\/2025\/11\/1763057777_25_83830082.webp\" width=\"980\" height=\"441\" title=\"Dukket opp p\u00e5 kjendisfest\" alt=\"\" class=\"lazyload\" style=\"--aspect-ratio-image: 2.22; \"\/><\/p>\n<p>        Dukket opp p\u00e5 kjendisfest<\/p>\n<p>    <\/a><\/p>\n<p>I tillegg til utroskap og de utallige aff\u00e6rene, har 84-\u00e5ringen ogs\u00e5 blitt anklaget for korrupsjon og hvitvasking. I 2014 ble vekta av skandaler s\u00e5pass tung at han s\u00e5 \u00e5 si ble tvunget til \u00e5 abdisere.\u00a0<\/p>\n","protected":false},"excerpt":{"rendered":"Juan Carlos: Ekskongen begynner \u00e5 bli lei av livet i eksil &#8211; tross overd\u00e5dig luksus. SAVNER: Juan Carlos&hellip;\n","protected":false},"author":2,"featured_media":86421,"comment_status":"","ping_status":"","sticky":false,"template":"","format":"standard","meta":{"footnotes":""},"categories":[12],"tags":[20,21,4249,4248,24,25,15,10938,479,7699,76,11495,22,23,13,30,28,29,14,16,4247,26,27,42,43,44,45],"class_list":{"0":"post-86420","1":"post","2":"type-post","3":"status-publish","4":"format-standard","5":"has-post-thumbnail","7":"category-verden","8":"tag-breaking-news","9":"tag-breakingnews","10":"tag-det-spanske-kongehuset","11":"tag-dronning-letizia","12":"tag-featured-news","13":"tag-featurednews","14":"tag-headlines","15":"tag-juan-carlos","16":"tag-kjendis","17":"tag-kong-felipe","18":"tag-kongelig","19":"tag-kronprinsesse-leonor","20":"tag-latest-news","21":"tag-latestnews","22":"tag-news","23":"tag-no","24":"tag-norge","25":"tag-norway","26":"tag-nyheter","27":"tag-overskrifter","28":"tag-prinsesse-sofia","29":"tag-top-stories","30":"tag-topstories","31":"tag-verden","32":"tag-world","33":"tag-world-news","34":"tag-worldnews"},"share_on_mastodon":{"url":"https:\/\/pubeurope.com\/@no\/115543761875651588","error":""},"_links":{"self":[{"href":"https:\/\/www.europesays.com\/no\/wp-json\/wp\/v2\/posts\/86420","targetHints":{"allow":["GET"]}}],"collection":[{"href":"https:\/\/www.europesays.com\/no\/wp-json\/wp\/v2\/posts"}],"about":[{"href":"https:\/\/www.europesays.com\/no\/wp-json\/wp\/v2\/types\/post"}],"author":[{"embeddable":true,"href":"https:\/\/www.europesays.com\/no\/wp-json\/wp\/v2\/users\/2"}],"replies":[{"embeddable":true,"href":"https:\/\/www.europesays.com\/no\/wp-json\/wp\/v2\/comments?post=86420"}],"version-history":[{"count":0,"href":"https:\/\/www.europesays.com\/no\/wp-json\/wp\/v2\/posts\/86420\/revisions"}],"wp:featuredmedia":[{"embeddable":true,"href":"https:\/\/www.europesays.com\/no\/wp-json\/wp\/v2\/media\/86421"}],"wp:attachment":[{"href":"https:\/\/www.europesays.com\/no\/wp-json\/wp\/v2\/media?parent=86420"}],"wp:term":[{"taxonomy":"category","embeddable":true,"href":"https:\/\/www.europesays.com\/no\/wp-json\/wp\/v2\/categories?post=86420"},{"taxonomy":"post_tag","embeddable":true,"href":"https:\/\/www.europesays.com\/no\/wp-json\/wp\/v2\/tags?post=86420"}],"curies":[{"name":"wp","href":"https:\/\/api.w.org\/{rel}","templated":true}]}}