{"id":86422,"date":"2025-11-13T18:17:13","date_gmt":"2025-11-13T18:17:13","guid":{"rendered":"https:\/\/www.europesays.com\/no\/86422\/"},"modified":"2025-11-13T18:17:13","modified_gmt":"2025-11-13T18:17:13","slug":"fjell-brann-barna-til-safia-43-vaknet-av-royklukt-de-ble-litt-redde-drammens-tidende","status":"publish","type":"post","link":"https:\/\/www.europesays.com\/no\/86422\/","title":{"rendered":"Fjell, Brann | Barna til Safia (43) v\u00e5knet av r\u00f8yklukt: \u2013 De ble litt redde &#8211; Drammens Tidende"},"content":{"rendered":"<ol>\n<li><a href=\"https:\/\/news.google.com\/rss\/articles\/CBMikgFBVV95cUxOMVd3R2xjX2tJVndCUFFITXY2ZkNtYS11S0k2V2ZfRWE0UHhzQkJQdkt1VFVPVURuZkw3dldhWHdseDJ1NEZvc0EtWkhOdlVYLVJrVDRRelB5d015TmtEa2ptcmFsMzBvUkpBVUprTFh5NkVZeFNrdEhaWGdqNFFRMVB2ajF1Mk44TFJ3VHRfRmJ4UQ?oc=5\" target=\"_blank\" rel=\"nofollow noopener\">Fjell, Brann | Barna til Safia (43) v\u00e5knet av r\u00f8yklukt: \u2013 De ble litt redde<\/a>&nbsp;&nbsp;Drammens Tidende<\/li>\n<li><a href=\"https:\/\/news.google.com\/rss\/articles\/CBMif0FVX3lxTE1kcVlVQjVPajlGX2tYUVlNeThzVWpmSWhMSEVuRFJmMDNNVkY3YnlPUlk2b2ZESnF3T19MV3Q1bHQ5NmJvb0pZNzVSX1pvaW9OM1l1YXh6YWUzdlFPQ0Y4SW8tZVotNVFHeWZTVTkzVHBYdHdPT19pUTNMVjduNms?oc=5\" target=\"_blank\" rel=\"nofollow noopener\">Fjell, R\u00f8yk | Mann i 30-\u00e5rene d\u00f8d: \u2013 Rystende<\/a>&nbsp;&nbsp;Drammens Tidende<\/li>\n<li><a href=\"https:\/\/news.google.com\/rss\/articles\/CBMimgFBVV95cUxPZTg5VG0tSTRrT1lmcEd5QU9feHZlemc0VUUzN2k3bEhYaVNTdmsyeGNBelFaNWNtcGJYZTZHU0MtZUZYdVNzZTk3ZVJkVWRCV1UzNzVyMVBqOFM0SDlrd08tRGwzQkh2S2RBYXJ3UnB5T3BEcW9wSVBPQlJwRTRjc002WmNIcTZnalNlM2g1MEtZdDUtQzRRUFZB?oc=5\" target=\"_blank\" rel=\"nofollow noopener\">Mann funnet d\u00f8d i r\u00f8ykfylt leilighet p\u00e5 Fjell i Drammen<\/a>&nbsp;&nbsp;NRK<\/li>\n<li><a href=\"https:\/\/news.google.com\/rss\/articles\/CBMipgFBVV95cUxORTNTd09lZEZlZWh1ckppNURYXzhIYkNiVFIxSy1Zc2ZZenU3TGlQTUFMMndkSlg3N2ZtZlRLaUdxVGlMREljUmY2MlFndGJnQ3BsNHhxWmt0WlZ5eHFLTnhqV0d5eU92VGwtME9mR2dqbXRYdGdlbHFCRzZlY2lNcUNNUTRsQ2hWeV9xUENWNWJuRVExdDZReUlyZ2p1RmJHVWpRVGNB?oc=5\" target=\"_blank\" rel=\"nofollow noopener\">Mann omkom i brann p\u00e5 Fjell i Drammen<\/a>&nbsp;&nbsp;Aftenposten<\/li>\n<li><a href=\"https:\/\/news.google.com\/rss\/articles\/CBMib0FVX3lxTFBESFN5V0pjc2U1YnE3QWVtYUVCYkc1NTlpT2M0azlNX3JfM1JYMEpfUjQ1bWF5YThNRTVCVzhld2w2ZU5ZdzRGakRBcVFoVlJYNG1JX1JiUkJlLXEyMENaUldPQmY1Y2hDZHd0ZkNzaw?oc=5\" target=\"_blank\" rel=\"nofollow noopener\">Mann funnet d\u00f8d etter brann<\/a>&nbsp;&nbsp;Drammen Live24<\/li>\n<\/ol>\n","protected":false},"excerpt":{"rendered":"Fjell, Brann | Barna til Safia (43) v\u00e5knet av r\u00f8yklukt: \u2013 De ble litt redde&nbsp;&nbsp;Drammens Tidende Fjell, R\u00f8yk&hellip;\n","protected":false},"author":2,"featured_media":86423,"comment_status":"","ping_status":"","sticky":false,"template":"","format":"standard","meta":{"footnotes":""},"categories":[10],"tags":[20,21,24,25,15,22,23,13,30,28,29,14,16,26,27],"class_list":{"0":"post-86422","1":"post","2":"type-post","3":"status-publish","4":"format-standard","5":"has-post-thumbnail","7":"category-norge","8":"tag-breaking-news","9":"tag-breakingnews","10":"tag-featured-news","11":"tag-featurednews","12":"tag-headlines","13":"tag-latest-news","14":"tag-latestnews","15":"tag-news","16":"tag-no","17":"tag-norge","18":"tag-norway","19":"tag-nyheter","20":"tag-overskrifter","21":"tag-top-stories","22":"tag-topstories"},"share_on_mastodon":{"url":"https:\/\/pubeurope.com\/@no\/115543765455962411","error":""},"_links":{"self":[{"href":"https:\/\/www.europesays.com\/no\/wp-json\/wp\/v2\/posts\/86422","targetHints":{"allow":["GET"]}}],"collection":[{"href":"https:\/\/www.europesays.com\/no\/wp-json\/wp\/v2\/posts"}],"about":[{"href":"https:\/\/www.europesays.com\/no\/wp-json\/wp\/v2\/types\/post"}],"author":[{"embeddable":true,"href":"https:\/\/www.europesays.com\/no\/wp-json\/wp\/v2\/users\/2"}],"replies":[{"embeddable":true,"href":"https:\/\/www.europesays.com\/no\/wp-json\/wp\/v2\/comments?post=86422"}],"version-history":[{"count":0,"href":"https:\/\/www.europesays.com\/no\/wp-json\/wp\/v2\/posts\/86422\/revisions"}],"wp:featuredmedia":[{"embeddable":true,"href":"https:\/\/www.europesays.com\/no\/wp-json\/wp\/v2\/media\/86423"}],"wp:attachment":[{"href":"https:\/\/www.europesays.com\/no\/wp-json\/wp\/v2\/media?parent=86422"}],"wp:term":[{"taxonomy":"category","embeddable":true,"href":"https:\/\/www.europesays.com\/no\/wp-json\/wp\/v2\/categories?post=86422"},{"taxonomy":"post_tag","embeddable":true,"href":"https:\/\/www.europesays.com\/no\/wp-json\/wp\/v2\/tags?post=86422"}],"curies":[{"name":"wp","href":"https:\/\/api.w.org\/{rel}","templated":true}]}}