{"id":86424,"date":"2025-11-13T18:18:34","date_gmt":"2025-11-13T18:18:34","guid":{"rendered":"https:\/\/www.europesays.com\/no\/86424\/"},"modified":"2025-11-13T18:18:34","modified_gmt":"2025-11-13T18:18:34","slug":"krim-helgeland-politiet-aksjonerte-mot-fiskemottak-pa-helgeland-mulig-manipulering-av-en-vekt-pa-mottaket","status":"publish","type":"post","link":"https:\/\/www.europesays.com\/no\/86424\/","title":{"rendered":"Krim, Helgeland | Politiet aksjonerte mot fiskemottak p\u00e5 Helgeland: \u2013 Mulig manipulering av en vekt p\u00e5 mottaket"},"content":{"rendered":"\n<p>Onsdag aksjonerte politiet mot et fiskemottak p\u00e5 Helgelandskysten. Politiet hadde bistand fra Fiskeridirektoratet.<\/p>\n<p>Det skriver politiet i ei pressemelding.<\/p>\n<p>\u00abPolitiet etterforsker mulig manipulering av en vekt p\u00e5 mottaket, som kan ha resultert i utstedelse av uriktige sluttsedler\u00bb, skriver politiadvokat Gaute Rydmark.<\/p>\n<p>De to p\u00e5grepne er tatt inn til avh\u00f8r, men vil ikke bli framstilt for varetektsfengsling.<\/p>\n<p>Aksjonen var planlagt og koordinert etter anmeldelse fra Fiskeridirektoratet, som hadde grunn til \u00e5 tro at det forekom lovbrudd knyttet til feilrapportering og underrapportering av fisk p\u00e5 sluttseddel.<\/p>\n<p>Aksjonen er gjennomf\u00f8rt som et ledd i \u00e5 f\u00f8lge opp \u00d8kokrims trusselvurdering knyttet til \u00f8konomisk vinning gjennom milj\u00f8kriminalitet.<\/p>\n<p>Det ble gjort beslag i ulikt IKT-utstyr, samt en del dokumenter.<\/p>\n<p>Politiets etterforskning vil s\u00f8ke \u00e5 klarlegge omfanget av den kriminelle handlingen de er siktet for.<\/p>\n","protected":false},"excerpt":{"rendered":"Onsdag aksjonerte politiet mot et fiskemottak p\u00e5 Helgelandskysten. Politiet hadde bistand fra Fiskeridirektoratet. Det skriver politiet i ei&hellip;\n","protected":false},"author":2,"featured_media":86425,"comment_status":"","ping_status":"","sticky":false,"template":"","format":"standard","meta":{"footnotes":""},"categories":[5],"tags":[465,36,20,21,24,25,15,2551,19,983,22,23,17,18,62,13,30,28,29,14,16,254,1510,26,27],"class_list":{"0":"post-86424","1":"post","2":"type-post","3":"status-publish","4":"format-standard","5":"has-post-thumbnail","7":"category-overskrifter","8":"tag-arbeidsliv","9":"tag-art","10":"tag-breaking-news","11":"tag-breakingnews","12":"tag-featured-news","13":"tag-featurednews","14":"tag-headlines","15":"tag-helgeland","16":"tag-hovedoppslag","17":"tag-krim","18":"tag-latest-news","19":"tag-latestnews","20":"tag-main-news","21":"tag-mainnews","22":"tag-naeringsliv","23":"tag-news","24":"tag-no","25":"tag-norge","26":"tag-norway","27":"tag-nyheter","28":"tag-overskrifter","29":"tag-politi","30":"tag-story","31":"tag-top-stories","32":"tag-topstories"},"share_on_mastodon":{"url":"https:\/\/pubeurope.com\/@no\/115543769253834325","error":""},"_links":{"self":[{"href":"https:\/\/www.europesays.com\/no\/wp-json\/wp\/v2\/posts\/86424","targetHints":{"allow":["GET"]}}],"collection":[{"href":"https:\/\/www.europesays.com\/no\/wp-json\/wp\/v2\/posts"}],"about":[{"href":"https:\/\/www.europesays.com\/no\/wp-json\/wp\/v2\/types\/post"}],"author":[{"embeddable":true,"href":"https:\/\/www.europesays.com\/no\/wp-json\/wp\/v2\/users\/2"}],"replies":[{"embeddable":true,"href":"https:\/\/www.europesays.com\/no\/wp-json\/wp\/v2\/comments?post=86424"}],"version-history":[{"count":0,"href":"https:\/\/www.europesays.com\/no\/wp-json\/wp\/v2\/posts\/86424\/revisions"}],"wp:featuredmedia":[{"embeddable":true,"href":"https:\/\/www.europesays.com\/no\/wp-json\/wp\/v2\/media\/86425"}],"wp:attachment":[{"href":"https:\/\/www.europesays.com\/no\/wp-json\/wp\/v2\/media?parent=86424"}],"wp:term":[{"taxonomy":"category","embeddable":true,"href":"https:\/\/www.europesays.com\/no\/wp-json\/wp\/v2\/categories?post=86424"},{"taxonomy":"post_tag","embeddable":true,"href":"https:\/\/www.europesays.com\/no\/wp-json\/wp\/v2\/tags?post=86424"}],"curies":[{"name":"wp","href":"https:\/\/api.w.org\/{rel}","templated":true}]}}