{"id":86430,"date":"2025-11-13T18:26:14","date_gmt":"2025-11-13T18:26:14","guid":{"rendered":"https:\/\/www.europesays.com\/no\/86430\/"},"modified":"2025-11-13T18:26:14","modified_gmt":"2025-11-13T18:26:14","slug":"kommentar-meninger-det-finnes-en-stromkalkulator-for-alle-bare-du-gidder-a-bruke-den","status":"publish","type":"post","link":"https:\/\/www.europesays.com\/no\/86430\/","title":{"rendered":"Kommentar, Meninger | Det finnes en str\u00f8mkalkulator for alle. Bare du gidder \u00e5 bruke den"},"content":{"rendered":"\n<p><b>Da har vi<\/b> lagt bak oss en dr\u00f8y m\u00e5ned med . Denne ordningen der staten gir deg fastpris p\u00e5 50 \u00f8re per kilowatt, inkludert moms.<\/p>\n<p><b>Dealen er s\u00e5<\/b> god at de fleste eksperter har anbefalt folk som bor i v\u00e5r del av landet, \u00e5 sl\u00e5 til. B\u00e5de for hus og hytter.<\/p>\n<p><b>Fasiten etter en<\/b> m\u00e5ned viser at Norgespris er god butikk.<\/p>\n<p>  <a href=\"https:\/\/www.dt.no\/5-57-2724081\" class=\"related-teaser default-story-teaser article--c-eRUmMG article--c-eRUmMG-jKCPdD-design-default article--c-eRUmMG-kpKLOW-cv\" rel=\"nofollow noopener\" target=\"_blank\"><\/p>\n<p>\n            Les ogs\u00e5<\/p>\n<p>              F\u00f8rste m\u00e5ned med norgespris: S\u00e5 mange dager har det l\u00f8nt seg\n        <\/p>\n<p>  <\/a><\/p>\n<p><b>P\u00e5 \u00d8stlandet har<\/b> str\u00f8mprisen v\u00e6rt over Norgespris i snitt 25 av 31 dager, og p\u00e5 samme niv\u00e5 i to dager. P\u00e5 Vest- og S\u00f8rlandet har prisen v\u00e6rt h\u00f8yere i 27 dager.<\/p>\n<p><b>Min egen husholdning <\/b>var ikke lenge i tenkeboksen da tilbudet kom. Med eldgammelt hus og sv\u00e6re str\u00f8mregninger hver vinter signerte vi norgesprisavtale fra 1. oktober. Resultatet etter en m\u00e5ned er rundt 500 kroner spart sammenlignet med str\u00f8mst\u00f8tteordningen.<\/p>\n<p>  <a href=\"https:\/\/www.dt.no\/5-57-2696676\" class=\"related-teaser has-image default-story-teaser article--c-eRUmMG article--c-eRUmMG-jKCPdD-design-default\" rel=\"nofollow noopener\" target=\"_blank\"><\/p>\n<p>    <img decoding=\"async\" loading=\"lazy\"  src=\"https:\/\/www.europesays.com\/no\/wp-content\/uploads\/2025\/11\/5_57_2108185+thomas+iversen.jpg\" alt=\"\" class=\"brick-c-cFOWSL\" style=\"\"\/><\/p>\n<p>\n            Les ogs\u00e5<\/p>\n<p>              Fra 24. september kan du bestille Norgespris \u2013 dette m\u00e5 du gj\u00f8re\n        <\/p>\n<p>  <\/a><\/p>\n<p><b>Merkelig nok har <\/b>under halvparten av de 50.000 drammenserne som kan bestille Norgespris, gjort det.<\/p>\n<p><b>If\u00f8lge <\/b><a rel=\"Follow nofollow noopener\" href=\"https:\/\/elhub.no\/data-og-innsikt\/statistikk-for-norgespris\" target=\"_blank\">Elhub<\/a>, som samler inn str\u00f8mdata i Norge, er det <a href=\"https:\/\/www.nrk.no\/norge\/store-sosiale-forskjeller-i-oppslutning-om-norgespris-1.17647816\" rel=\"Follow nofollow noopener\" target=\"_blank\">store forskjeller<\/a> innad i kommunene. M\u00f8nsteret er omtrent som vaksineringsfordelingen under koronapandemien.<\/p>\n<p><b>Flere med h\u00f8y <\/b>inntekt og utdanning velger Norgespris.<\/p>\n<p><b>Dette til tross<\/b> for at Norgespris ville l\u00f8nt seg for de aller fleste.<\/p>\n<p><b>Trolig har det<\/b> med boligst\u00f8rrelse \u00e5 gj\u00f8re. Det er mindre \u00e5 spare for folk i leiligheter, som kanskje ogs\u00e5 har fjernvarme, enn de med store eneboliger.<\/p>\n<p><b>Mange sitter kanskje <\/b>ogs\u00e5 p\u00e5 gjerdet for \u00e5 se an utviklingen. Folk har kanskje det samme forholdet til str\u00f8mpris som til fast og flytende rente.<\/p>\n<p><b>Men Norgespris er<\/b> ikke det samme som fastrente. If\u00f8lge ekspertene ville det l\u00f8nt seg for 99 prosent av husholdningene i hele S\u00f8r-Norge i 2024.<\/p>\n<p><b>Prognosene viser at<\/b> det ikke blir s\u00e5 mye annerledes i 2025.<\/p>\n<p>  <a href=\"https:\/\/www.dt.no\/5-57-2703636\" class=\"related-teaser default-story-teaser article--c-eRUmMG article--c-eRUmMG-jKCPdD-design-default article--c-eRUmMG-kpKLOW-cv\" rel=\"nofollow noopener\" target=\"_blank\"><\/p>\n<p>\n            Les ogs\u00e5<\/p>\n<p>              Norgespris-tallene er klare \u2013 \u00e9n gruppe skiller seg kraftig ut\n        <\/p>\n<p>  <\/a><\/p>\n<p><b>For d\u00e5rlig informasjon<\/b>, mener energiministeren og representanter for bransjen. N\u00e5 skal de visstnok sette seg ned og finne ut hvordan informasjonen skal spres videre.<\/p>\n<p><b>Ogs\u00e5 leder i <\/b>Fornybar Norge, B\u00e5rd Vegard Solhjell, etterlyser et \u00abstort informasjonstiltak\u00bb fra myndighetenes side.<\/p>\n<p><b>Men \u00e6rlig talt. <\/b>Det har da virkelig ikke manglet p\u00e5 informasjon om Norgespris. Verken i tradisjonelle eller sosiale medier.<\/p>\n<p><b>Og nei, du <\/b>trenger ikke v\u00e6re mann over 45 for \u00e5 sette deg inn i ordningen. Det finnes en str\u00f8mkalkulator for alle. Hvis du bare gidder \u00e5 bruke den. Og redakt\u00f8rstyrte medier som skriver b\u00e5de mye, kritisk og forbrukervennlig om str\u00f8mprisene.<\/p>\n<p><b>Selv jeg, kvinne<\/b> 50 pluss, s\u00e5nn passe interessert i energimarkedet, men ganske gnien, har klart \u00e5 regne meg frem til at orgespris er en god deal.<\/p>\n<p><b>Dessuten velger jeg <\/b>\u00e5 stole p\u00e5 kobbelet av eksperter som alle sier det samme: det l\u00f8nner seg med Norgespris hvis du bor i S\u00f8r-Norge.<\/p>\n<p>  <a href=\"https:\/\/www.dt.no\/5-57-2719211\" class=\"related-teaser has-image default-story-teaser article--c-eRUmMG article--c-eRUmMG-jKCPdD-design-default\" rel=\"nofollow noopener\" target=\"_blank\"><\/p>\n<p>    <img decoding=\"async\" loading=\"lazy\"  src=\"https:\/\/www.europesays.com\/no\/wp-content\/uploads\/2025\/11\/Straum%C3%B8konomen_Elin-11.jpg\" alt=\"\" class=\"brick-c-cFOWSL\" style=\"\"\/><\/p>\n<p>\n            Les ogs\u00e5<\/p>\n<p>              Valget f\u00e5r str\u00f8mekspert Elin til \u00e5 advare drammensere: \u2013 Betaler mer enn de trenger\n        <\/p>\n<p>  <\/a><\/p>\n<p><b>Folk st\u00e5r selvsagt <\/b>fritt til \u00e5 velge det bort. Men da er det ogs\u00e5 ditt ansvar. Ikke at myndighetene eller mediene har v\u00e6rt for d\u00e5rlige til \u00e5 informere. Det er rett og slett bullshit.<\/p>\n<p><b>I motsetning til<\/b> koronavaksine st\u00e5r ikke akkurat Norgespris om liv og d\u00f8d.<\/p>\n<p><b>Som innbyggere har <\/b>vi et selvstendig ansvar for \u00e5 sette oss inn i krav og rettigheter som til enhver tid innf\u00f8res. Uansett hvor sterk motstander man er av politikken som f\u00f8res, eller regjeringen som f\u00f8rer den.<\/p>\n<p><b>Folk m\u00e5 gjerne <\/b>klage over str\u00f8mprisene.<\/p>\n<p><b>Kom bare ikke <\/b>og si at du ikke visste hvordan du kunne spare. Du bare valgte \u00e5 ikke h\u00f8re etter.<\/p>\n<p><b>Men flaks for <\/b>deg, det er ikke for sent.<\/p>\n","protected":false},"excerpt":{"rendered":"Da har vi lagt bak oss en dr\u00f8y m\u00e5ned med . Denne ordningen der staten gir deg fastpris&hellip;\n","protected":false},"author":2,"featured_media":86431,"comment_status":"","ping_status":"","sticky":false,"template":"","format":"standard","meta":{"footnotes":""},"categories":[10],"tags":[36,20,21,24,25,823,15,266,22,23,156,13,30,28,29,14,1533,16,243,26,27],"class_list":{"0":"post-86430","1":"post","2":"type-post","3":"status-publish","4":"format-standard","5":"has-post-thumbnail","7":"category-norge","8":"tag-art","9":"tag-breaking-news","10":"tag-breakingnews","11":"tag-featured-news","12":"tag-featurednews","13":"tag-forbruker","14":"tag-headlines","15":"tag-kommentar","16":"tag-latest-news","17":"tag-latestnews","18":"tag-meninger","19":"tag-news","20":"tag-no","21":"tag-norge","22":"tag-norway","23":"tag-nyheter","24":"tag-opinion","25":"tag-overskrifter","26":"tag-strom","27":"tag-top-stories","28":"tag-topstories"},"share_on_mastodon":{"url":"https:\/\/pubeurope.com\/@no\/115543801019746535","error":""},"_links":{"self":[{"href":"https:\/\/www.europesays.com\/no\/wp-json\/wp\/v2\/posts\/86430","targetHints":{"allow":["GET"]}}],"collection":[{"href":"https:\/\/www.europesays.com\/no\/wp-json\/wp\/v2\/posts"}],"about":[{"href":"https:\/\/www.europesays.com\/no\/wp-json\/wp\/v2\/types\/post"}],"author":[{"embeddable":true,"href":"https:\/\/www.europesays.com\/no\/wp-json\/wp\/v2\/users\/2"}],"replies":[{"embeddable":true,"href":"https:\/\/www.europesays.com\/no\/wp-json\/wp\/v2\/comments?post=86430"}],"version-history":[{"count":0,"href":"https:\/\/www.europesays.com\/no\/wp-json\/wp\/v2\/posts\/86430\/revisions"}],"wp:featuredmedia":[{"embeddable":true,"href":"https:\/\/www.europesays.com\/no\/wp-json\/wp\/v2\/media\/86431"}],"wp:attachment":[{"href":"https:\/\/www.europesays.com\/no\/wp-json\/wp\/v2\/media?parent=86430"}],"wp:term":[{"taxonomy":"category","embeddable":true,"href":"https:\/\/www.europesays.com\/no\/wp-json\/wp\/v2\/categories?post=86430"},{"taxonomy":"post_tag","embeddable":true,"href":"https:\/\/www.europesays.com\/no\/wp-json\/wp\/v2\/tags?post=86430"}],"curies":[{"name":"wp","href":"https:\/\/api.w.org\/{rel}","templated":true}]}}