{"id":86434,"date":"2025-11-13T18:29:12","date_gmt":"2025-11-13T18:29:12","guid":{"rendered":"https:\/\/www.europesays.com\/no\/86434\/"},"modified":"2025-11-13T18:29:12","modified_gmt":"2025-11-13T18:29:12","slug":"rema-1000-tono-livekonsert-i-kassen-pa-rema","status":"publish","type":"post","link":"https:\/\/www.europesays.com\/no\/86434\/","title":{"rendered":"Rema 1000, TONO | Livekonsert i kassen p\u00e5 Rema"},"content":{"rendered":"\n<p>Rema 1000-butikken i Nedre Korskirkeallmenningen skiller seg ut fra andre dagligvarebutikker. Her f\u00e5r kundene nemlig bakgrunnsmusikk til handelen.<\/p>\n<p>Tirsdag denne uken ble butikken vinneren av \u00abNorges beste bakgrunnsmusikk\u00bb av .<\/p>\n<p>   <img decoding=\"async\" width=\"4032\" height=\"3024\" fetchpriority=\"low\"  loading=\"lazy\"  src=\"https:\/\/www.europesays.com\/no\/wp-content\/uploads\/2025\/11\/IMG_6412.jpg\" alt=\"\" class=\"brick-c-cFOWSL\" style=\"--brick-image-ratio: 4032 \/ 3024;\"\/><\/p>\n<p>      Butikksjef John-Andre Fl\u00e5m spiller bakgrunnsmusikk i butikken.<br \/>\n      Foto: MIA CHRISTINE GABRIELSEN\n    <\/p>\n<p>  Tilpasser musikken<\/p>\n<p>Butikksjef John-Andre Fl\u00e5m sier det er g\u00f8y \u00e5 bli gjort stas p\u00e5, og opplever at musikken skaper god stemning i butikken.<\/p>\n<p>\u2013 Det er kjekt for b\u00e5de kunder og ansatte. Vi har f\u00e5tt tilbakemeldinger p\u00e5 at folk setter pris p\u00e5 det, sier han.<\/p>\n<p>Fl\u00e5m forteller at de har spilt musikk i butikklokalet i fem \u00e5r, og at spillelisten er alt annet enn tilfeldig.<\/p>\n<p>\u2013 Vi tilpasser sangene etter omstendighetene. Om det regner har vi sanger som er litt mer nedp\u00e5, mens til helgen er mange ute p\u00e5 vift, s\u00e5 da spiller vi sanger med litt mer fart i.<\/p>\n<p><b>\u2013 De fleste er forn\u00f8yde med at festen fortsetter i butikken, forteller han. <\/b><\/p>\n<p>N\u00e5r desember kommer blir det ogs\u00e5 julemusikk, opplyser butikksjefen.<\/p>\n<p>   <img decoding=\"async\" width=\"4032\" height=\"3024\" fetchpriority=\"low\"  loading=\"lazy\"  src=\"https:\/\/www.europesays.com\/no\/wp-content\/uploads\/2025\/11\/IMG_6394.jpg\" alt=\"\" class=\"brick-c-cFOWSL\" style=\"--brick-image-ratio: 4032 \/ 3024;\"\/><\/p>\n<p>      Willy Martinsen er kommunikasjonssjef i Tono og delte ut prisen.<br \/>\n      Foto: MIA CHRISTINE GABRIELSEN\n    <\/p>\n<p>  \u2013 Uvanlig<\/p>\n<p>Torsdag formiddag var det \u00abSultans of swing\u00bb og gammel rock som dominerte h\u00f8yttaleranlegget.<\/p>\n<p>Kommunikasjonsdirekt\u00f8r i Tono, Willy Martinsen, synes det er g\u00f8y \u00e5 kunne dele ut pris til Rema 1000-butikken.<\/p>\n<p>\u2013 Det er jo veldig uvanlig for en dagligvarebutikk i Norge \u00e5 spille musikk, sier han.<\/p>\n<p>Martinsen forteller at k\u00e5ringen var sv\u00e6rt uh\u00f8ytidelig og at folk kunne nominere steder over hele landet.<\/p>\n<p>De mottok hele 112 nominasjoner fra nord til s\u00f8r i landet, men bare \u00e9n av dem var en dagligvarebutikk.<\/p>\n<p>   <img decoding=\"async\" width=\"4032\" height=\"3024\" fetchpriority=\"low\"  loading=\"lazy\"  src=\"https:\/\/www.europesays.com\/no\/wp-content\/uploads\/2025\/11\/IMG_6405.jpg\" alt=\"\" class=\"brick-c-cFOWSL\" style=\"--brick-image-ratio: 4032 \/ 3024;\"\/><\/p>\n<p>      Foto: MIA CHRISTINE GABRIELSEN\n    <\/p>\n<p>Deretter tok en jury best\u00e5ende av artisten Synne S\u00f8rgjerd, Tiktok-eren Mankegard, og representanter fra Tono, det siste og avgj\u00f8rende valget, forteller Martinsen.<\/p>\n<p><b>\u2013 For noen er musikk som vann i springen, s\u00e5 vi vil l\u00f8fte de som er ekstra gode p\u00e5 \u00e5 bruke den. <\/b><\/p>\n<p>Konsert i kassen<\/p>\n<p>Vinnerpremien var en minikonsert i butikkens egne lokaler med Synne S\u00f8rgjerd.<\/p>\n<p>S\u00f8rgjerd er en nykommer innenfor pop-musikken. Hun kom ut med nytt album for to uker siden.<\/p>\n<p>\u2013 Det er veldig g\u00f8y \u00e5 spille i en matbutikk. Jeg liker at jeg kan v\u00e6re litt i veien for folk, sier S\u00f8rgjerd, som hadde stengt av den ene kassen for \u00e5 bruke den som scene.<\/p>\n<p>    Vil du se neste video?<\/p>\n<p>    <a href=\"https:\/\/www.ba.no\/han-skulle-bare-pante-n-flaske-sa-skjedde-dette\/v\/5-8-3215092\" class=\"recommend-poster\" data-adp-clicklabel=\"video-recommend\" data-adp-clickvalue=\"poster\" rel=\"nofollow noopener\" target=\"_blank\"><br \/>\n      <img decoding=\"async\" width=\"200\" height=\"200\" loading=\"lazy\" src=\"https:\/\/www.europesays.com\/no\/wp-content\/uploads\/2025\/11\/1763015589_985_v-i-93a9b9d6-c9b3-4b32-8bc5-5b88fc8fed2f-1762519762740.jpg\" alt=\"\" class=\"brick-c-cFOWSL\" style=\"--brick-image-ratio: 200 \/ 200;\"\/><\/p>\n<p>Han skulle bare pante \u00e9n flaske, s\u00e5 skjedde dette!0:48<\/p>\n<p>    <\/a><\/p>\n<p>Hun var selv med i juryen som bestemte vinneren av konkurransen. Rema 1000 Korskirkekvartalet var hennes favoritt, forteller hun.<\/p>\n<p>P\u00e5 ny\u00e5ret gleder artisten seg til \u00e5 komme tilbake til Bergen for \u00e5 spille egen konsert p\u00e5 Kulturhuset.<\/p>\n<p>   <img decoding=\"async\" width=\"4032\" height=\"3024\" fetchpriority=\"low\"  loading=\"lazy\"  src=\"https:\/\/www.europesays.com\/no\/wp-content\/uploads\/2025\/11\/IMG_6451.jpg\" alt=\"\" class=\"brick-c-cFOWSL\" style=\"--brick-image-ratio: 4032 \/ 3024;\"\/><\/p>\n<p>      Kristoffer Berge, Oskar Berge og Preben Sivertsen fikk med seg minikonserten.<br \/>\n      Foto: MIA CHRISTINE GABRIELSEN\n    <\/p>\n<p>  B\u00f8r tas inn i flere matbutikker<\/p>\n<p>Kompisene Kristoffer Berge, Oskar Berge og Preben Sivertsen var tilskuere til den litt uvanlige konserten.<\/p>\n<p>De synes det var en bra konsert og er positive til at det spilles musikk i matbutikken.<\/p>\n<p>\u2013 Jeg ser ikke noen grunn til at man ikke skal spille musikk her, sier Sivertsen.<\/p>\n<p>Oskar Berge er selv ansatt i butikken, men m\u00f8tte opp utenom arbeidstid for \u00e5 h\u00f8re p\u00e5 konserten. Han sier det er kjekt at butikken spiller musikk, b\u00e5de via livekonserten torsdag og ellers.<\/p>\n<p>\u2013 Det hjelper litt p\u00e5 motivasjonen n\u00e5r man jobber, forteller han.<\/p>\n<p>Guttene sier seg enig i at dette er et konsept som b\u00f8r tas inn i flere matbutikker p\u00e5 landsbasis.<\/p>\n","protected":false},"excerpt":{"rendered":"Rema 1000-butikken i Nedre Korskirkeallmenningen skiller seg ut fra andre dagligvarebutikker. Her f\u00e5r kundene nemlig bakgrunnsmusikk til handelen.&hellip;\n","protected":false},"author":2,"featured_media":86435,"comment_status":"","ping_status":"","sticky":false,"template":"","format":"standard","meta":{"footnotes":""},"categories":[58],"tags":[36,71,11498,30,28,29,1394,1510,11497,72],"class_list":{"0":"post-86434","1":"post","2":"type-post","3":"status-publish","4":"format-standard","5":"has-post-thumbnail","7":"category-underholdning","8":"tag-art","9":"tag-entertainment","10":"tag-livekonsert","11":"tag-no","12":"tag-norge","13":"tag-norway","14":"tag-rema-1000","15":"tag-story","16":"tag-tono","17":"tag-underholdning"},"share_on_mastodon":{"url":"https:\/\/pubeurope.com\/@no\/115543812732955295","error":""},"_links":{"self":[{"href":"https:\/\/www.europesays.com\/no\/wp-json\/wp\/v2\/posts\/86434","targetHints":{"allow":["GET"]}}],"collection":[{"href":"https:\/\/www.europesays.com\/no\/wp-json\/wp\/v2\/posts"}],"about":[{"href":"https:\/\/www.europesays.com\/no\/wp-json\/wp\/v2\/types\/post"}],"author":[{"embeddable":true,"href":"https:\/\/www.europesays.com\/no\/wp-json\/wp\/v2\/users\/2"}],"replies":[{"embeddable":true,"href":"https:\/\/www.europesays.com\/no\/wp-json\/wp\/v2\/comments?post=86434"}],"version-history":[{"count":0,"href":"https:\/\/www.europesays.com\/no\/wp-json\/wp\/v2\/posts\/86434\/revisions"}],"wp:featuredmedia":[{"embeddable":true,"href":"https:\/\/www.europesays.com\/no\/wp-json\/wp\/v2\/media\/86435"}],"wp:attachment":[{"href":"https:\/\/www.europesays.com\/no\/wp-json\/wp\/v2\/media?parent=86434"}],"wp:term":[{"taxonomy":"category","embeddable":true,"href":"https:\/\/www.europesays.com\/no\/wp-json\/wp\/v2\/categories?post=86434"},{"taxonomy":"post_tag","embeddable":true,"href":"https:\/\/www.europesays.com\/no\/wp-json\/wp\/v2\/tags?post=86434"}],"curies":[{"name":"wp","href":"https:\/\/api.w.org\/{rel}","templated":true}]}}