{"id":86448,"date":"2025-11-13T18:49:11","date_gmt":"2025-11-13T18:49:11","guid":{"rendered":"https:\/\/www.europesays.com\/no\/86448\/"},"modified":"2025-11-13T18:49:11","modified_gmt":"2025-11-13T18:49:11","slug":"helse-smitte-fhi-ny-variant-satt-i-gang-smittesesongen","status":"publish","type":"post","link":"https:\/\/www.europesays.com\/no\/86448\/","title":{"rendered":"Helse, Smitte | FHI: Ny variant satt i gang smittesesongen"},"content":{"rendered":"\n<p>(<a href=\"https:\/\/www.nettavisen.no\/nyheter\/fhi-melder-om-hoye-smittetall\/s\/5-95-2726076\" rel=\"Follow nofollow noopener\" target=\"_blank\">Nettavisen<\/a>) Forekomsten av influensa fortsetter \u00e5 \u00f8ke denne uken. En ny variant kan v\u00e6re ansvarlig for en tidlig smittesesong.<\/p>\n<p>Det kommer frem i FHI sin ukentlige rapport torsdag.<\/p>\n<p>I deres statusrapport fra forrige uke skrev FHI om en \u00f8kende trend i forekomsten av influensa. Dette er flere uker tidligere enn normalt, og smittetallene fortsetter stadig \u00e5 \u00f8ke viser ukens rapport.<\/p>\n<p>FHI sin oppfordring er som tidligere \u00e5 vaksinere seg for \u00f8kt beskyttelse, spesielt om du er i risikogruppen.<\/p>\n<p><b>Les ogs\u00e5: <a class=\"simple-relation related-teaser article--c-eRUmMG article--c-eRUmMG-jKCPdD-design-default article--c-eRUmMG-iBPVJb-cv\" href=\"https:\/\/www.dt.no\/eksperter-frykter-arets-influensasesong-virus-har-mutert-flere-ganger\/s\/5-95-2722798\" rel=\"nofollow noopener\" target=\"_blank\">Eksperter frykter \u00e5rets influensasesong \u2013 virus har mutert flere ganger<\/a><\/b><\/p>\n<p>Ny variant st\u00e5r for tidlig smitte<\/p>\n<p>Forekomsten av pr\u00f8ver med p\u00e5vist influensavirus har hatt stadig \u00f8kende tall siden uke 41.<\/p>\n<p>I uke 42 var andel pr\u00f8ver med p\u00e5vist influensavirus m\u00e5lt til 2,5 prosent. I uke 45 er andelen oppe p\u00e5 5 prosent.<\/p>\n<p>FHI skriver at det p\u00e5vises mest influensa A (H3N2) og en ny og endret variant \u00abK\u00bb. Det ser ut til at det er denne varianten som er ansvarlig for en tidlig influensasesong i \u00e5r.<\/p>\n<p>Influensaviruset har fremdeles st\u00f8rst forekomst i Oslo, M\u00f8re- og Romsdal og Tr\u00f8ndelag. Det er skolebarn som er blant de mest smittede.<\/p>\n<p>Pr\u00f8ver fra innlagte pasienter viste at mellom fem og seks prosent har v\u00e6rt positive for korona de siste ukene. Andelen smittede er stort sett stabil.<\/p>\n<p><b>Les ogs\u00e5: <a class=\"simple-relation related-teaser article--c-eRUmMG article--c-eRUmMG-jKCPdD-design-default article--c-eRUmMG-iBPVJb-cv\" href=\"https:\/\/www.dt.no\/fhi-okning-i-influensa\/s\/5-95-2713427\" rel=\"nofollow noopener\" target=\"_blank\">FHI: \u00d8kning i influensa<\/a><\/b><\/p>\n","protected":false},"excerpt":{"rendered":"(Nettavisen) Forekomsten av influensa fortsetter \u00e5 \u00f8ke denne uken. En ny variant kan v\u00e6re ansvarlig for en tidlig&hellip;\n","protected":false},"author":2,"featured_media":86344,"comment_status":"","ping_status":"","sticky":false,"template":"","format":"standard","meta":{"footnotes":""},"categories":[10],"tags":[36,20,21,24,25,15,736,22,23,13,30,28,29,447,14,16,662,1510,26,27],"class_list":{"0":"post-86448","1":"post","2":"type-post","3":"status-publish","4":"format-standard","5":"has-post-thumbnail","7":"category-norge","8":"tag-art","9":"tag-breaking-news","10":"tag-breakingnews","11":"tag-featured-news","12":"tag-featurednews","13":"tag-headlines","14":"tag-helse","15":"tag-latest-news","16":"tag-latestnews","17":"tag-news","18":"tag-no","19":"tag-norge","20":"tag-norway","21":"tag-nyhet","22":"tag-nyheter","23":"tag-overskrifter","24":"tag-smitte","25":"tag-story","26":"tag-top-stories","27":"tag-topstories"},"share_on_mastodon":{"url":"https:\/\/pubeurope.com\/@no\/115543891181616059","error":""},"_links":{"self":[{"href":"https:\/\/www.europesays.com\/no\/wp-json\/wp\/v2\/posts\/86448","targetHints":{"allow":["GET"]}}],"collection":[{"href":"https:\/\/www.europesays.com\/no\/wp-json\/wp\/v2\/posts"}],"about":[{"href":"https:\/\/www.europesays.com\/no\/wp-json\/wp\/v2\/types\/post"}],"author":[{"embeddable":true,"href":"https:\/\/www.europesays.com\/no\/wp-json\/wp\/v2\/users\/2"}],"replies":[{"embeddable":true,"href":"https:\/\/www.europesays.com\/no\/wp-json\/wp\/v2\/comments?post=86448"}],"version-history":[{"count":0,"href":"https:\/\/www.europesays.com\/no\/wp-json\/wp\/v2\/posts\/86448\/revisions"}],"wp:featuredmedia":[{"embeddable":true,"href":"https:\/\/www.europesays.com\/no\/wp-json\/wp\/v2\/media\/86344"}],"wp:attachment":[{"href":"https:\/\/www.europesays.com\/no\/wp-json\/wp\/v2\/media?parent=86448"}],"wp:term":[{"taxonomy":"category","embeddable":true,"href":"https:\/\/www.europesays.com\/no\/wp-json\/wp\/v2\/categories?post=86448"},{"taxonomy":"post_tag","embeddable":true,"href":"https:\/\/www.europesays.com\/no\/wp-json\/wp\/v2\/tags?post=86448"}],"curies":[{"name":"wp","href":"https:\/\/api.w.org\/{rel}","templated":true}]}}