{"id":86467,"date":"2025-11-13T19:17:15","date_gmt":"2025-11-13T19:17:15","guid":{"rendered":"https:\/\/www.europesays.com\/no\/86467\/"},"modified":"2025-11-13T19:17:15","modified_gmt":"2025-11-13T19:17:15","slug":"ungdomskriminaltet-byradet-tar-grep-mot-ungdomskriminalitet-dette-vil-oslo-kommune-gjore","status":"publish","type":"post","link":"https:\/\/www.europesays.com\/no\/86467\/","title":{"rendered":"Ungdomskriminaltet, Byr\u00e5det | Tar grep mot ungdomskriminalitet: Dette vil Oslo kommune gj\u00f8re"},"content":{"rendered":"\n<p>De siste to \u00e5rene har byr\u00e5det utviklet en verkt\u00f8ykasse mot ungdomskriminalitet og utenforskap. N\u00e5 \u00f8ker byr\u00e5det satsingen og bruker millioner i tilleggsinnstillingen.<\/p>\n<p><b>123 millioner kroner i tilleggsinnstillingen skal brukes p\u00e5 ungdomskriminalitet og utenforskap.<\/b><\/p>\n<p>\u2013 Lovbryterne blir yngre, kriminaliteten blir grovere. Dette er totalt uakseptabelt og en skremmende utvikling som ikke kan fortsette. Oslo er en trygg by for de aller fleste, men vi er ogs\u00e5 n\u00f8dt til \u00e5 ta grep for at det fortsatt skal v\u00e6re slik. Barna v\u00e5re skal ikke havne i kl\u00f8rne til kyniske kriminelle, sier byr\u00e5dsleder Eirik Lae Solberg (H).<\/p>\n<p>Tiltakene strekker seg fra:<\/p>\n<ul>\n<li>Tidlig forebygging p\u00e5 skole<\/li>\n<li>Fritidsklubber<\/li>\n<li>Deltidsjobber<\/li>\n<li>En-til-en-oppf\u00f8lging<\/li>\n<li>Avhopperprogram for dem som vil ut av et kriminelt milj\u00f8.<\/li>\n<\/ul>\n<p>Finansbyr\u00e5d Hallstein Bjercke (V) forteller at utviklingen i Oslo er uakseptabel.<\/p>\n<p>\u2013 I en krevende \u00f8konomisk situasjon prioriterer byr\u00e5det \u00e5 styrke arbeidet mot utenforskap og ungdomskriminalitet med totalt 123 millioner kroner i tilleggsinnstillingen og budsjettjusteringssaken. Barn og unge skal aldri gis opp, og de som havner i kriminalitet skal f\u00e5 en vei ut. Det skal vi hjelpe dem med, sier Bjercke.<\/p>\n<p>Her er full oversikt:<\/p>\n<p>Bjercke sier \u00e5rsaken til bevilgningen er et resultat av den \u00absituasjonen vi ser ute i byen\u00bb.<\/p>\n<p>\u2013 Barn og unge har v\u00e6rt den st\u00f8rste prioriteringen i alle budsjetter byr\u00e5det har lagt frem, men vi ser at situasjonen er s\u00e6rlig kritisk n\u00e5.<\/p>\n<p>Under ser du oversikt over hvor mye penger som bevilges til de ulike tiltakene. Totalt bevilges 73,3 millioner kroner til satsingen p\u00e5 unge.<\/p>\n<ul>\n<li>11,5 millioner kroner til Ferie og deltidsjobber til unge<\/li>\n<li>19,3 millioner kroner til fritidsklubber<\/li>\n<li>1,2 millioner kroner til Stovner bokseklubb<\/li>\n<li>4,5 millioner kroner FUBIAK og Deichman Stovner<\/li>\n<li>2,1 millioner kroner til Deichman Roms\u00e5s<\/li>\n<li>10 millioner kroner til Ungt utenforskap \u2013 Sommerskolen<\/li>\n<li>1 millioner kroner til hver bydel for en-til-en oppf\u00f8lging<\/li>\n<li>6,5 millioner kroner til hjelpetiltaket MST<\/li>\n<li>3,2 millioner kroner til Trivselsvektere<\/li>\n<li>50 millioner kroner til mellomtrinnsatsing i levek\u00e5rsutsatte omr\u00e5der (brukes over fem \u00e5r)<\/li>\n<\/ul>\n<p>Bevilgningen til Deichman Roms\u00e5s og Ungt utenforskap \u2013 sommerskolen er reverseringer fra byr\u00e5dets tidligere rammekutt.<\/p>\n<p>\u2013 Vi har hatt ganske mange alvorlige episoder de siste ukene i Oslo, og politiet melder ogs\u00e5 om at kriminelle blir stadig yngre, det blir stadig mer alvorlig kriminalitet. Og den kyniske rekrutteringen av barn og unge i Oslo som kriminelle l\u00f8pegutter for seg, brer om seg. Og da m\u00e5 vi forsterke forebyggende tiltak.<\/p>\n<p>\u2013 Reverserer egne kutt<\/p>\n<p>Gruppeleder Marthe Scharning Lund i Oslo Arbeiderparti sier byr\u00e5det bruker anledning til \u00e5 rette opp i egne kutt.<\/p>\n<p>\u2013 Det er bra byr\u00e5det endelig ser ut til \u00e5 skj\u00f8nne at det m\u00e5 sterkere lut til. Men de har alts\u00e5 blitt tvunget til \u00e5 gj\u00f8re det fordi de har lagt frem et budsjett for noen uker siden som var en fullstendig rasering av det forebyggende barne- og ungdomsarbeidet.<\/p>\n<p>   <img decoding=\"async\" width=\"4608\" height=\"3456\" fetchpriority=\"low\"  loading=\"lazy\"  src=\"https:\/\/www.europesays.com\/no\/wp-content\/uploads\/2025\/11\/ac703bc8-f627-49c0-bff7-b3ecd6cdfa21.bin\" alt=\"\" class=\"brick-c-cFOWSL\" style=\"--brick-image-ratio: 4608 \/ 3456;\"\/><\/p>\n<p>      Marthe Scharning Lund, gruppeleder Oslo Arbeiderparti.<br \/>\n      Foto: Oslo Arbeiderparti\n    <\/p>\n<p>Hun sier de \u00f8nsker en forsterkning i det forebyggende arbeidet.<\/p>\n<p>\u2013 Denne pakken minner mest om et Black Friday-luretilbud. H\u00f8yrebyr\u00e5det har selv rasert tilbudet til barn og unge gjennom sitt eget budsjettforslag. N\u00e5 reverserer de noen av sine egne kutt og fors\u00f8ker \u00e5 selge det inn som en satsing.<\/p>\n<p>Gruppeleder Omar Samy Gamal i Oslo SV sier det er pinlig at byr\u00e5det foreslo kutt i september og reverserer allerede n\u00e5.<\/p>\n<p>\u2013 \u00c5 rette opp i egne tabber er ikke en satsing, det er spin. De tar med den ene h\u00e5nda og gir smuler tilbake, bydelene er f\u00f8rstelinje i forebygginga \u2013 de f\u00e5r 500 millioner mindre \u00e5 gj\u00f8re jobben for. Denne \u00absatsingen\u00bb er lite mer enn spin, sier Gamal.<\/p>\n<p>   <img decoding=\"async\" width=\"5408\" height=\"3373\" fetchpriority=\"low\"  loading=\"lazy\"  src=\"https:\/\/www.europesays.com\/no\/wp-content\/uploads\/2025\/11\/5_128_298532_NTB_4FDWyXrBIgc.jpg\" alt=\"Oslo 20211202. Byr\u00e5d for Kultur, Idrett og Frivillighet, Omar Samy Gamal (SV) under en pressekonferanse i Oslo R\u00e5dhus om h\u00e5ndteringen av koronasituasjonen i Oslo.Foto: Annika Byrde \/ NTB\" class=\"brick-c-cFOWSL\" style=\"--brick-image-ratio: 5408 \/ 3373;\"\/><\/p>\n<p>      Oslo 20211202. Byr\u00e5d for Kultur, Idrett og Frivillighet, Omar Samy Gamal (SV) under en pressekonferanse i Oslo R\u00e5dhus om h\u00e5ndteringen av koronasituasjonen i Oslo.Foto: Annika Byrde \/ NTB<br \/>\n      Foto: Annika Byrde\n    <\/p>\n<p>\u2013 Flere av de s\u00e5kalte satsingene er rene bl\u00f8ffer. Sommerskolen fikk kutt av byr\u00e5det, n\u00e5 rettes det opp, Deichman f\u00e5r rette opp noe av kuttene sine men ikke alt. Jeg er redd for at byen g\u00e5r rett vest med dette byr\u00e5det, legger han til.<\/p>\n<p><b>LES OGS\u00c5:<\/b><\/p>\n<p>  <a href=\"https:\/\/www.ao.no\/5-128-1184787\" class=\"related-teaser has-image default-opinion-teaser article--c-eRUmMG article--c-eRUmMG-jKCPdD-design-default\" rel=\"nofollow noopener\" target=\"_blank\"><\/p>\n<p>    <img decoding=\"async\" loading=\"lazy\"  src=\"https:\/\/www.europesays.com\/no\/wp-content\/uploads\/2025\/11\/photo%2B%2822%29_1.jpg\" alt=\"\" class=\"brick-c-cFOWSL\" style=\"\"\/><\/p>\n<p>\n            Les ogs\u00e5<\/p>\n<p>              De tilbyr vennskap og penger. Hvordan skal unge styrkes til \u00e5 takke nei?\n        <\/p>\n<p>  <\/a><\/p>\n<p>  <a href=\"https:\/\/www.ao.no\/5-128-1186942\" class=\"related-teaser has-image default-story-teaser article--c-eRUmMG article--c-eRUmMG-jKCPdD-design-default\" rel=\"nofollow noopener\" target=\"_blank\"><\/p>\n<p>    <img decoding=\"async\" loading=\"lazy\"  src=\"https:\/\/www.europesays.com\/no\/wp-content\/uploads\/2025\/11\/IMG_7355.JPG\" alt=\"\" class=\"brick-c-cFOWSL\" style=\"\"\/><\/p>\n<p>\n            Les ogs\u00e5<\/p>\n<p>              Det utskjelte omr\u00e5det har blitt diskutert i \u00e5revis: \u2013 Eksempler p\u00e5 hvordan det ikke b\u00f8r v\u00e6re\n        <\/p>\n<p>  <\/a><\/p>\n<p>  <a href=\"https:\/\/www.ao.no\/5-128-1178076\" class=\"related-teaser has-image default-story-teaser article--c-eRUmMG article--c-eRUmMG-jKCPdD-design-default\" rel=\"nofollow noopener\" target=\"_blank\"><\/p>\n<p>    <img decoding=\"async\" loading=\"lazy\"  src=\"https:\/\/www.europesays.com\/no\/wp-content\/uploads\/2025\/11\/IMG_0286.jpeg\" alt=\"\" class=\"brick-c-cFOWSL\" style=\"\"\/><\/p>\n<p>\n            Les ogs\u00e5<\/p>\n<p>              Mener dette skiller sentrum fra alle andre europeiske hovedsteder: \u2013 I dag er det pulverisert\n        <\/p>\n<p>  <\/a><\/p>\n","protected":false},"excerpt":{"rendered":"De siste to \u00e5rene har byr\u00e5det utviklet en verkt\u00f8ykasse mot ungdomskriminalitet og utenforskap. N\u00e5 \u00f8ker byr\u00e5det satsingen og&hellip;\n","protected":false},"author":2,"featured_media":86468,"comment_status":"","ping_status":"","sticky":false,"template":"","format":"standard","meta":{"footnotes":""},"categories":[10],"tags":[36,20,21,9598,4926,24,25,15,983,22,23,13,30,28,29,14,16,41,1510,26,27,3961],"class_list":{"0":"post-86467","1":"post","2":"type-post","3":"status-publish","4":"format-standard","5":"has-post-thumbnail","7":"category-norge","8":"tag-art","9":"tag-breaking-news","10":"tag-breakingnews","11":"tag-byradet","12":"tag-eirik-lae-solberg","13":"tag-featured-news","14":"tag-featurednews","15":"tag-headlines","16":"tag-krim","17":"tag-latest-news","18":"tag-latestnews","19":"tag-news","20":"tag-no","21":"tag-norge","22":"tag-norway","23":"tag-nyheter","24":"tag-overskrifter","25":"tag-politikk","26":"tag-story","27":"tag-top-stories","28":"tag-topstories","29":"tag-ungdomskriminaltet"},"share_on_mastodon":{"url":"https:\/\/pubeurope.com\/@no\/115544001446056227","error":""},"_links":{"self":[{"href":"https:\/\/www.europesays.com\/no\/wp-json\/wp\/v2\/posts\/86467","targetHints":{"allow":["GET"]}}],"collection":[{"href":"https:\/\/www.europesays.com\/no\/wp-json\/wp\/v2\/posts"}],"about":[{"href":"https:\/\/www.europesays.com\/no\/wp-json\/wp\/v2\/types\/post"}],"author":[{"embeddable":true,"href":"https:\/\/www.europesays.com\/no\/wp-json\/wp\/v2\/users\/2"}],"replies":[{"embeddable":true,"href":"https:\/\/www.europesays.com\/no\/wp-json\/wp\/v2\/comments?post=86467"}],"version-history":[{"count":0,"href":"https:\/\/www.europesays.com\/no\/wp-json\/wp\/v2\/posts\/86467\/revisions"}],"wp:featuredmedia":[{"embeddable":true,"href":"https:\/\/www.europesays.com\/no\/wp-json\/wp\/v2\/media\/86468"}],"wp:attachment":[{"href":"https:\/\/www.europesays.com\/no\/wp-json\/wp\/v2\/media?parent=86467"}],"wp:term":[{"taxonomy":"category","embeddable":true,"href":"https:\/\/www.europesays.com\/no\/wp-json\/wp\/v2\/categories?post=86467"},{"taxonomy":"post_tag","embeddable":true,"href":"https:\/\/www.europesays.com\/no\/wp-json\/wp\/v2\/tags?post=86467"}],"curies":[{"name":"wp","href":"https:\/\/api.w.org\/{rel}","templated":true}]}}