{"id":86469,"date":"2025-11-13T19:19:20","date_gmt":"2025-11-13T19:19:20","guid":{"rendered":"https:\/\/www.europesays.com\/no\/86469\/"},"modified":"2025-11-13T19:19:20","modified_gmt":"2025-11-13T19:19:20","slug":"sport-tonstad-il-tonstad-il-klare-for-cupfinale-fyller-bussene-med-gratis-transport-til-lyse-arena","status":"publish","type":"post","link":"https:\/\/www.europesays.com\/no\/86469\/","title":{"rendered":"Sport, Tonstad IL | Tonstad IL klare for cupfinale \u2013 fyller bussene med gratis transport til Lyse Arena"},"content":{"rendered":"\n<p>Tonstad IL-herrene har hatt en fantastisk reise i Rogalandscupen. Finaleplassen ble sikret etter en solid 4\u20130-seier mot Bjerkreim p\u00e5 Tonstad kunstgress tidligere i h\u00f8st.<\/p>\n<p>Motstanderen, Bjerkreim, hadde i forkant sl\u00e5tt ut lag med langt h\u00f8yere divisjonsfaring, men Tonstad leverte en topprestasjon. Spesielt Daniel Tj\u00f8rhom markerte seg med et ekte hattrick, mens Erlend Oskar Risnes stanget inn en nydelig corner.<\/p>\n<p>N\u00e5 venter finalen mot Bogafjell p\u00e5 Lyse Arena i Stavanger l\u00f8rdag 15. november.<\/p>\n<p>For \u00e5 skape en \u00abbl\u00e5 dag\u00bb for laget, har Tonstad IL i samarbeid med sponsorer satt opp gratis busstransport tur-retur Tonstad.<\/p>\n<p>Bussen settes opp fra Tonstad til Lyse Arena og tilbake for alle sird\u00f8ler som \u00f8nsker \u00e5 st\u00f8tte laget i den historiske kampen.<\/p>\n<p>Klubben oppfordrer alle til \u00e5 ta med laget, venner og familie for \u00e5 fylle tribunen med bl\u00e5farge og god stemning. P\u00e5meldingsfristen for den gratis transporten er fredag 14. november.<\/p>\n","protected":false},"excerpt":{"rendered":"Tonstad IL-herrene har hatt en fantastisk reise i Rogalandscupen. Finaleplassen ble sikret etter en solid 4\u20130-seier mot Bjerkreim&hellip;\n","protected":false},"author":2,"featured_media":86470,"comment_status":"","ping_status":"","sticky":false,"template":"","format":"standard","meta":{"footnotes":""},"categories":[59],"tags":[36,2987,92,30,28,29,83,82,1510,3915],"class_list":{"0":"post-86469","1":"post","2":"type-post","3":"status-publish","4":"format-standard","5":"has-post-thumbnail","7":"category-sport","8":"tag-art","9":"tag-fb","10":"tag-fotball","11":"tag-no","12":"tag-norge","13":"tag-norway","14":"tag-sport","15":"tag-sports","16":"tag-story","17":"tag-tonstad-il"},"share_on_mastodon":{"url":"https:\/\/pubeurope.com\/@no\/115544009482544513","error":""},"_links":{"self":[{"href":"https:\/\/www.europesays.com\/no\/wp-json\/wp\/v2\/posts\/86469","targetHints":{"allow":["GET"]}}],"collection":[{"href":"https:\/\/www.europesays.com\/no\/wp-json\/wp\/v2\/posts"}],"about":[{"href":"https:\/\/www.europesays.com\/no\/wp-json\/wp\/v2\/types\/post"}],"author":[{"embeddable":true,"href":"https:\/\/www.europesays.com\/no\/wp-json\/wp\/v2\/users\/2"}],"replies":[{"embeddable":true,"href":"https:\/\/www.europesays.com\/no\/wp-json\/wp\/v2\/comments?post=86469"}],"version-history":[{"count":0,"href":"https:\/\/www.europesays.com\/no\/wp-json\/wp\/v2\/posts\/86469\/revisions"}],"wp:featuredmedia":[{"embeddable":true,"href":"https:\/\/www.europesays.com\/no\/wp-json\/wp\/v2\/media\/86470"}],"wp:attachment":[{"href":"https:\/\/www.europesays.com\/no\/wp-json\/wp\/v2\/media?parent=86469"}],"wp:term":[{"taxonomy":"category","embeddable":true,"href":"https:\/\/www.europesays.com\/no\/wp-json\/wp\/v2\/categories?post=86469"},{"taxonomy":"post_tag","embeddable":true,"href":"https:\/\/www.europesays.com\/no\/wp-json\/wp\/v2\/tags?post=86469"}],"curies":[{"name":"wp","href":"https:\/\/api.w.org\/{rel}","templated":true}]}}