{"id":86474,"date":"2025-11-13T19:26:11","date_gmt":"2025-11-13T19:26:11","guid":{"rendered":"https:\/\/www.europesays.com\/no\/86474\/"},"modified":"2025-11-13T19:26:11","modified_gmt":"2025-11-13T19:26:11","slug":"mulige-problemer-for-altibox","status":"publish","type":"post","link":"https:\/\/www.europesays.com\/no\/86474\/","title":{"rendered":"Mulige problemer for altibox"},"content":{"rendered":"\n<p class=\"_lead_o9xde_2 _lead_xtcu6_50 layout-component text-serif-m layout-normal text-serif-l layout-component layout-wide layout-padded _wide_17hqh_1 layout-padded\">Minutter f\u00f8r seiers\u00adrusen gikk i taket p\u00e5 Ullevaal, skal flere ha f\u00e5tt tr\u00f8bbel med internett.<\/p>\n<ul aria-hidden=\"true\" class=\"_images_18f0k_111\">\n<li><a class=\"_link_18f0k_116\" href=\"https:\/\/www.vg.no\/forfatter\/hedda-kurseth\" style=\"z-index:1\" title=\"Hedda Kurseth\" rel=\"nofollow noopener\" target=\"_blank\"><img alt=\"Bilde av Hedda Kurseth\" class=\"_image_18f0k_93\" fetchpriority=\"low\" loading=\"lazy\" decoding=\"async\" itemprop=\"image\"  src=\"https:\/\/www.europesays.com\/no\/wp-content\/uploads\/2025\/11\/1763061969_97_b6ad06ce-2f4e-4492-9dd9-7cfbdae81f6d\"  width=\"480\"\/><\/a><\/li>\n<\/ul>\n<p> Oppdatert torsdag 13. november kl. 20:25     <\/p>\n<p class=\"_paragraph_o9xde_4 _paragraph_xtcu6_10 layout-component text-serif-m layout-normal text-serif-m layout-padded\">Like f\u00f8r kampslutt fikk VG flere tips om at <a href=\"https:\/\/www.vg.no\/tag\/altibox?utm_source=vg-article&amp;utm_medium=auto-tagger&amp;utm_campaign=LMy7VR\" class=\"_link_o9xde_39\" rel=\"nofollow noopener\" target=\"_blank\">Altibox<\/a> var nede hos flere. Egenrapporteringer p\u00e5 nettstedet Downdetector, hvor folk selv kan melde fra om feil, viste ogs\u00e5 feil. <\/p>\n<p class=\"_paragraph_o9xde_4 _paragraph_xtcu6_10 layout-component text-serif-m layout-normal text-serif-m layout-padded\">\u2013 Vi har f\u00e5tt bekreftet at det var noe som p\u00e5virket tjenesten fra klokken 19.40 til 19.45. En fem minutts periode, sier Altiboxs kommunikasjonsjef Andreas Veggedal. <\/p>\n<p class=\"_paragraph_o9xde_4 _paragraph_xtcu6_10 layout-component text-serif-m layout-normal text-serif-m layout-padded\">Feilen da skal ha v\u00e6rt b\u00e5de deres internett og tv-tjenester. <\/p>\n<p class=\"_paragraph_o9xde_4 _paragraph_xtcu6_10 layout-component text-serif-m layout-normal text-serif-m layout-padded\">\u2013 Flere kunder melder fremdeles om problemer med tv-tjenesten. Vi pr\u00f8ver \u00e5 finne ut hva som har skjedd og finne en l\u00f8sning, opplyser han. <\/p>\n<p class=\"_paragraph_o9xde_4 _paragraph_xtcu6_10 layout-component text-serif-m layout-normal text-serif-m layout-padded\">\u2013 Det var jo litt kjipe fem minutter da?<\/p>\n<p class=\"_paragraph_o9xde_4 _paragraph_xtcu6_10 layout-component text-serif-m layout-normal text-serif-m layout-padded\">\u2013 Heldigvis hadde Norge godt avgjort den kampen akkurat da, sier Veggedal lattermildt: <\/p>\n<p class=\"_paragraph_o9xde_4 _paragraph_xtcu6_10 layout-component text-serif-m layout-normal text-serif-m layout-padded\">\u2013 Det er selvf\u00f8lgelig veldig kjipt n\u00e5r slike slike ting skjer og det beklager vi, legger han kjapt til. <\/p>\n<p class=\"_paragraph_o9xde_4 _paragraph_xtcu6_10 layout-component text-serif-m layout-normal text-serif-m layout-padded\">Om nettet lugget i de siste minuttene av landskampen, kan vi avsl\u00f8re at resultatet ikke endret seg nevneverdig. <\/p>\n<p class=\"_paragraph_o9xde_4 _paragraph_xtcu6_10 layout-component text-serif-m layout-normal text-serif-m layout-padded\">Norge vant 4\u20131 over Estland, med doble scoringer fra b\u00e5de Alexander S\u00f8rloth og Erling Braut Haaland. <\/p>\n<p class=\"_paragraph_o9xde_4 _paragraph_xtcu6_10 layout-component text-serif-m layout-normal text-serif-m layout-padded\">Du kan f\u00e5 alle de viktigste oppsummeringene i VGs sending her: <\/p>\n<p>       <img decoding=\"async\" alt=\"Tips oss illustrasjon\" src=\"https:\/\/www.europesays.com\/no\/wp-content\/uploads\/2025\/10\/pssst-small.webp.webp\"\/>    <\/p>\n<p class=\"title-serif-s\">Har du tips?<\/p>\n<p class=\"text-sans-m\">Send oss informasjon, bilder eller video.<\/p>\n<p>  <a href=\"https:\/\/www.vg.no\/tips-oss\" rel=\"nofollow noopener\" target=\"_blank\"> Tips oss <\/a>      <\/p>\n","protected":false},"excerpt":{"rendered":"Minutter f\u00f8r seiers\u00adrusen gikk i taket p\u00e5 Ullevaal, skal flere ha f\u00e5tt tr\u00f8bbel med internett. Oppdatert torsdag 13.&hellip;\n","protected":false},"author":2,"featured_media":86475,"comment_status":"","ping_status":"","sticky":false,"template":"","format":"standard","meta":{"footnotes":""},"categories":[59],"tags":[11502,31,30,28,29,83,82],"class_list":{"0":"post-86474","1":"post","2":"type-post","3":"status-publish","4":"format-standard","5":"has-post-thumbnail","7":"category-sport","8":"tag-altibox","9":"tag-breaking","10":"tag-no","11":"tag-norge","12":"tag-norway","13":"tag-sport","14":"tag-sports"},"share_on_mastodon":{"url":"https:\/\/pubeurope.com\/@no\/115544036785065275","error":""},"_links":{"self":[{"href":"https:\/\/www.europesays.com\/no\/wp-json\/wp\/v2\/posts\/86474","targetHints":{"allow":["GET"]}}],"collection":[{"href":"https:\/\/www.europesays.com\/no\/wp-json\/wp\/v2\/posts"}],"about":[{"href":"https:\/\/www.europesays.com\/no\/wp-json\/wp\/v2\/types\/post"}],"author":[{"embeddable":true,"href":"https:\/\/www.europesays.com\/no\/wp-json\/wp\/v2\/users\/2"}],"replies":[{"embeddable":true,"href":"https:\/\/www.europesays.com\/no\/wp-json\/wp\/v2\/comments?post=86474"}],"version-history":[{"count":0,"href":"https:\/\/www.europesays.com\/no\/wp-json\/wp\/v2\/posts\/86474\/revisions"}],"wp:featuredmedia":[{"embeddable":true,"href":"https:\/\/www.europesays.com\/no\/wp-json\/wp\/v2\/media\/86475"}],"wp:attachment":[{"href":"https:\/\/www.europesays.com\/no\/wp-json\/wp\/v2\/media?parent=86474"}],"wp:term":[{"taxonomy":"category","embeddable":true,"href":"https:\/\/www.europesays.com\/no\/wp-json\/wp\/v2\/categories?post=86474"},{"taxonomy":"post_tag","embeddable":true,"href":"https:\/\/www.europesays.com\/no\/wp-json\/wp\/v2\/tags?post=86474"}],"curies":[{"name":"wp","href":"https:\/\/api.w.org\/{rel}","templated":true}]}}