{"id":86476,"date":"2025-11-13T19:30:08","date_gmt":"2025-11-13T19:30:08","guid":{"rendered":"https:\/\/www.europesays.com\/no\/86476\/"},"modified":"2025-11-13T19:30:08","modified_gmt":"2025-11-13T19:30:08","slug":"kritisk-vendepunkt-storste-nedbemanning-noensinne","status":"publish","type":"post","link":"https:\/\/www.europesays.com\/no\/86476\/","title":{"rendered":"\u00abKritisk vendepunkt\u00bb: St\u00f8rste nedbemanning noensinne"},"content":{"rendered":"<p>    Telekjempen Verizon har ansatt ny toppsjef, som n\u00e5 sies \u00e5 ville kutte hele 15 prosent av arbeidsstyrken.<\/p>\n<p>\n        Storkuttet kommer etter at Verizon tidlig i forrige m\u00e5ned ansatte tidligere PayPal-sjef Dan Schulman som ny konsernsjef \u2013 som erstatter for Hans Vestberg, som hadde ledet konsernet siden 2018.<br \/>\n        Evan Agostini\n    <\/p>\n<p class=\"italic m-italic\" data-lab-italic=\"italic\">(<a href=\"https:\/\/www.finansavisen.no\/tele\/2025\/11\/13\/8307256\/kritisk-vendepunkt-storste-nedbemanning-noensinne\" rel=\"nofollow noopener\" target=\"_blank\">Artikkelen <\/a>er f\u00f8rst publisert av <a href=\"https:\/\/www.finansavisen.no\/\" rel=\"nofollow noopener\" target=\"_blank\">Finansavisen<\/a>):<\/p>\n<p class=\"no_italic m-no_italic\" data-lab-italic=\"\">Det amerikanske telekomkonsernet Verizon planlegger \u00e5 kutte rundt 15.000 stillinger for \u00e5 redusere kostnader, melder\u00a0<a href=\"https:\/\/www.wsj.com\/business\/telecom\/verizon-to-cut-about-15-000-jobs-87280c3c\" target=\"_blank\" rel=\"nofollow noopener\">Wall Street Journal<\/a>\u00a0og viser til kilder med kjennskap til saken.<\/p>\n<p>Kuttet blir det st\u00f8rste noensinne for den amerikanske giganten.<\/p>\n<p>Det rammer rundt 15 prosent av den totale arbeidsstyrken, som pr. februar utgjorde rundt 100.000 ansatte.<\/p>\n<p>Angivelig vil nedskj\u00e6ringene finne sted den neste uken, hovedsakelig i form av nedbemanning.<\/p>\n<p>Verizon planlegger dessuten \u00e5 gj\u00f8re 200 utsalgssteder om til franchisevirksomheter, et grep som ogs\u00e5 vil fjerne ansatte fra l\u00f8nningslistene, if\u00f8lge WSJs kilder.<\/p>\n<p>\u2013 Kritisk vendepunkt<\/p>\n<p>Storkuttet kommer etter at Verizon tidlig i forrige m\u00e5ned ansatte tidligere PayPal-sjef Dan Schulman som ny konsernsjef \u2013 som erstatter for Hans Vestberg, som hadde ledet konsernet siden 2018.<\/p>\n<p>Schulman har uttalt at \u00abaggressive\u00bb endringer beh\u00f8ves i konsernet, inkludert en \u00abfundamental restrukturering av kostnadsbasen\u00bb, skriver Reuters.<\/p>\n<p>\u00abV\u00e5r finansielle vekst har v\u00e6rt for avhengig av pris\u00f8kninger. En strategisk tiln\u00e6rming som er for avhengig av pris uten abonnentvekst, er ikke en b\u00e6rekraftig strategi,\u00bb sa Schulman, if\u00f8lge nyhetsbyr\u00e5et.<\/p>\n<p>\u00abVerizon er ved et kritisk vendepunkt,\u00bb sa han if\u00f8lge WSJ.<\/p>\n<p>M\u00e5lt i antallet abonnenter er Verizon USAs st\u00f8rste telekomoperat\u00f8r, men selskapet st\u00e5r overfor t\u00f8ff konkurranse om b\u00e5de mobilkunder og internettkunder.<\/p>\n<p>Verizon-aksjen reagerer med en oppgang p\u00e5 1,3 prosent p\u00e5 nedbemanningsnyheten torsdag.<\/p>\n","protected":false},"excerpt":{"rendered":"Telekjempen Verizon har ansatt ny toppsjef, som n\u00e5 sies \u00e5 ville kutte hele 15 prosent av arbeidsstyrken. Storkuttet&hellip;\n","protected":false},"author":2,"featured_media":86477,"comment_status":"","ping_status":"","sticky":false,"template":"","format":"standard","meta":{"footnotes":""},"categories":[56],"tags":[60,61,62,30,28,29],"class_list":{"0":"post-86476","1":"post","2":"type-post","3":"status-publish","4":"format-standard","5":"has-post-thumbnail","7":"category-naeringsliv","8":"tag-business","9":"tag-economy","10":"tag-naeringsliv","11":"tag-no","12":"tag-norge","13":"tag-norway"},"share_on_mastodon":{"url":"https:\/\/pubeurope.com\/@no\/115544052403762108","error":""},"_links":{"self":[{"href":"https:\/\/www.europesays.com\/no\/wp-json\/wp\/v2\/posts\/86476","targetHints":{"allow":["GET"]}}],"collection":[{"href":"https:\/\/www.europesays.com\/no\/wp-json\/wp\/v2\/posts"}],"about":[{"href":"https:\/\/www.europesays.com\/no\/wp-json\/wp\/v2\/types\/post"}],"author":[{"embeddable":true,"href":"https:\/\/www.europesays.com\/no\/wp-json\/wp\/v2\/users\/2"}],"replies":[{"embeddable":true,"href":"https:\/\/www.europesays.com\/no\/wp-json\/wp\/v2\/comments?post=86476"}],"version-history":[{"count":0,"href":"https:\/\/www.europesays.com\/no\/wp-json\/wp\/v2\/posts\/86476\/revisions"}],"wp:featuredmedia":[{"embeddable":true,"href":"https:\/\/www.europesays.com\/no\/wp-json\/wp\/v2\/media\/86477"}],"wp:attachment":[{"href":"https:\/\/www.europesays.com\/no\/wp-json\/wp\/v2\/media?parent=86476"}],"wp:term":[{"taxonomy":"category","embeddable":true,"href":"https:\/\/www.europesays.com\/no\/wp-json\/wp\/v2\/categories?post=86476"},{"taxonomy":"post_tag","embeddable":true,"href":"https:\/\/www.europesays.com\/no\/wp-json\/wp\/v2\/tags?post=86476"}],"curies":[{"name":"wp","href":"https:\/\/api.w.org\/{rel}","templated":true}]}}