{"id":86487,"date":"2025-11-13T19:44:17","date_gmt":"2025-11-13T19:44:17","guid":{"rendered":"https:\/\/www.europesays.com\/no\/86487\/"},"modified":"2025-11-13T19:44:17","modified_gmt":"2025-11-13T19:44:17","slug":"du-ma-sakte-venne-deg-til-a-ta-farvel-med-lysbryteren-hjemme-her-kommer-losningen-som-tar-over","status":"publish","type":"post","link":"https:\/\/www.europesays.com\/no\/86487\/","title":{"rendered":"Du m\u00e5 sakte venne deg til \u00e5 ta farvel med lysbryteren hjemme: Her kommer l\u00f8sningen som tar over"},"content":{"rendered":"<p>Smarthus-utstyr var i mange \u00e5r noe man f\u00f8rst og fremst fant hos teknologiinteresserte, men i dag er situasjonen en annen. <\/p>\n<p>Digitale hjelpemidler dukker opp i stadig flere hjem, ogs\u00e5 hos dem som bare \u00f8nsker praktiske forbedringer i hverdagen. <\/p>\n<p>En tydelig trend er at de klassiske lysbryterne gradvis f\u00e5r konkurranse av nye og mer fleksible l\u00f8sninger.<\/p>\n<p>Det skriver mediet <a href=\"https:\/\/nlc.hu\/csalad\/20251109\/villanykapcsolo-tipusok\/\" target=\"_blank\" rel=\"noopener nofollow\">nlc.hu<\/a>. <\/p>\n<p>De tradisjonelle bryterne mister terreng<\/p>\n<p>Den velkjente bryteren p\u00e5 veggen har styrt belysningen i norske hjem i flere ti\u00e5r. <\/p>\n<p>Den gj\u00f8r jobben, men tilbyr kun to valg: p\u00e5 eller av. Moderne behov strekker seg lenger. <\/p>\n<p>Mange \u00f8nsker \u00e5 kunne justere lysstyrke, endre fargetoner og tilpasse belysningen etter tidspunkt og aktivitet. <\/p>\n<p>Den gamle bryteren er rett og slett ikke lenger tilstrekkelig for et hjem som skal v\u00e6re b\u00e5de funksjonelt og stemningsfullt.<\/p>\n<p>Lysdimmeren tar over<\/p>\n<p>Lysdimmere har blitt et popul\u00e6rt alternativ. De gir mulighet til \u00e5 regulere b\u00e5de styrke og temperatur p\u00e5 lyset, og finnes i l\u00f8sninger som passer i de fleste hjem. <\/p>\n<p>Det eneste som trengs, er dimbare LED-p\u00e6rer, som for lengst har blitt vanlig i norske butikker.<\/p>\n<p>Flere dimmere kan kobles til smarthus-systemer, og dette gj\u00f8r det mulig \u00e5 automatisere belysningen slik at lyset f\u00f8lger d\u00f8gnrytmen. <\/p>\n<p>Lampen kan bli skarpere om morgenen, mer n\u00f8ytral midt p\u00e5 dagen og varmere om kvelden. Systemene lagrer gjerne den siste innstillingen, noe som gj\u00f8r bruken enkel og forutsigbar.<\/p>\n<p>Lys p\u00e5virker kroppen mer enn vi tror<\/p>\n<p>Interessen for justerbart lys handler ikke bare om komfort. <\/p>\n<p>Lys spiller en helt sentral rolle for kroppens indre rytme. Ulike typer lys p\u00e5virker hvor v\u00e5kne vi f\u00f8ler oss, hvor godt vi konsentrerer oss og hvordan vi sover.<\/p>\n<p>Kj\u00f8lig hvitt lys hjelper oss i gang tidlig p\u00e5 dagen. <\/p>\n<p>N\u00f8ytralt lys st\u00f8tter fokus i arbeidstimer, mens varme toner om kvelden gir kroppen signal om ro og restitusjon. <\/p>\n<p>Feil type lys p\u00e5 feil tidspunkt kan forstyrre s\u00f8vnen, og en dimmer gj\u00f8r det enklere \u00e5 f\u00f8lge kroppens behov gjennom hele d\u00f8gnet.<\/p>\n<p>En liten investering med stor effekt<\/p>\n<p>Det krever en beskjeden investering \u00e5 installere en dimmer og skifte til dimbare p\u00e6rer. <\/p>\n<p>Gevinsten er til gjengjeld tydelig: bedre atmosf\u00e6re, mer tilpasset belysning og lavere energiforbruk. Hjemmet fungerer rett og slett bedre.<\/p>\n<p>Den tradisjonelle lysbryteren har v\u00e6rt en trofast del av norske hjem, og utviklingen peker likevel mot at rollen er i ferd med \u00e5 endre seg. <\/p>\n<p>Fremtidens belysning handler ikke bare om \u00e5 sl\u00e5 av og p\u00e5, men om \u00e5 tilpasse seg livet, rytmen og stemningen til dem som bor der.<\/p>\n","protected":false},"excerpt":{"rendered":"Smarthus-utstyr var i mange \u00e5r noe man f\u00f8rst og fremst fant hos teknologiinteresserte, men i dag er situasjonen&hellip;\n","protected":false},"author":2,"featured_media":86488,"comment_status":"","ping_status":"","sticky":false,"template":"","format":"standard","meta":{"footnotes":""},"categories":[56],"tags":[60,61,62,30,28,29],"class_list":{"0":"post-86487","1":"post","2":"type-post","3":"status-publish","4":"format-standard","5":"has-post-thumbnail","7":"category-naeringsliv","8":"tag-business","9":"tag-economy","10":"tag-naeringsliv","11":"tag-no","12":"tag-norge","13":"tag-norway"},"share_on_mastodon":{"url":"https:\/\/pubeurope.com\/@no\/115544107456959680","error":""},"_links":{"self":[{"href":"https:\/\/www.europesays.com\/no\/wp-json\/wp\/v2\/posts\/86487","targetHints":{"allow":["GET"]}}],"collection":[{"href":"https:\/\/www.europesays.com\/no\/wp-json\/wp\/v2\/posts"}],"about":[{"href":"https:\/\/www.europesays.com\/no\/wp-json\/wp\/v2\/types\/post"}],"author":[{"embeddable":true,"href":"https:\/\/www.europesays.com\/no\/wp-json\/wp\/v2\/users\/2"}],"replies":[{"embeddable":true,"href":"https:\/\/www.europesays.com\/no\/wp-json\/wp\/v2\/comments?post=86487"}],"version-history":[{"count":0,"href":"https:\/\/www.europesays.com\/no\/wp-json\/wp\/v2\/posts\/86487\/revisions"}],"wp:featuredmedia":[{"embeddable":true,"href":"https:\/\/www.europesays.com\/no\/wp-json\/wp\/v2\/media\/86488"}],"wp:attachment":[{"href":"https:\/\/www.europesays.com\/no\/wp-json\/wp\/v2\/media?parent=86487"}],"wp:term":[{"taxonomy":"category","embeddable":true,"href":"https:\/\/www.europesays.com\/no\/wp-json\/wp\/v2\/categories?post=86487"},{"taxonomy":"post_tag","embeddable":true,"href":"https:\/\/www.europesays.com\/no\/wp-json\/wp\/v2\/tags?post=86487"}],"curies":[{"name":"wp","href":"https:\/\/api.w.org\/{rel}","templated":true}]}}